{"id":12008,"date":"2025-12-15T07:15:18","date_gmt":"2025-12-15T07:15:18","guid":{"rendered":"https:\/\/dobrezrodla.com\/?p=12008"},"modified":"2025-12-15T07:15:18","modified_gmt":"2025-12-15T07:15:18","slug":"chlopiec-znalazl-w-lesie-stary-porzucony-samochod-zajrzal-do-srodka-i-krzyknal","status":"publish","type":"post","link":"https:\/\/dobrezrodla.com\/?p=12008","title":{"rendered":"Ch\u0142opiec znalaz\u0142 w lesie stary, porzucony samoch\u00f3d. Zajrza\u0142 do \u015brodka i krzykn\u0105\u0142!"},"content":{"rendered":"\n<p>Wydarzenia, kt\u00f3re rozegra\u0142y si\u0119 u malowniczych wybrze\u017cy Brazylii, zako\u0144czy\u0142y si\u0119 niewyobra\u017caln\u0105 tragedi\u0105. Dwie znane influencerki zgin\u0119\u0142y podczas luksusowej wyprawy jachtem, kt\u00f3ra mia\u0142a by\u0107 okazj\u0105 do \u015bwi\u0119towania i dzielenia si\u0119 chwilami z obserwatorami w mediach spo\u0142eczno\u015bciowych. Ich \u015bmier\u0107 poruszy\u0142a nie tylko fan\u00f3w, ale tak\u017ce opini\u0119 publiczn\u0105 na ca\u0142ym \u015bwiecie.<\/p>\n\n\n\n<h2 class=\"wp-block-heading\">Niebezpieczna zabawa na morzu<\/h2>\n\n\n\n<p>Aline Tamara Moreira de Amorim, maj\u0105ca 37 lat, oraz 27-letnia Beatriz Tavares da Silva Faria, by\u0142y aktywnymi u\u017cytkowniczkami Instagrama i TikToka. Obie kobiety sp\u0119dza\u0142y czas na ekskluzywnym jachcie razem z kilkoma innymi osobami, pozuj\u0105c do zdj\u0119\u0107 i ciesz\u0105c si\u0119 tropikalnym klimatem. Niestety, wyprawa szybko przerodzi\u0142a si\u0119 w dramatyczn\u0105 walk\u0119 o przetrwanie.<\/p>\n\n\n\n<p>Niepokoj\u0105ce jest to, \u017ce do zdarzenia dosz\u0142o w pobli\u017cu miejsca okre\u015blanego lokalnie jako \u201eDiabelskie Gard\u0142o\u201d \u2013 nazwa ta od dawna budzi respekt w\u015br\u00f3d mieszka\u0144c\u00f3w i rybak\u00f3w z uwagi na nieprzewidywalne i silne fale.<\/p>\n\n\n\n<h2 class=\"wp-block-heading\">Brak \u015brodk\u00f3w ostro\u017cno\u015bci mia\u0142 tragiczne skutki<\/h2>\n\n\n\n<p>Wed\u0142ug relacji funkcjonariuszy prowadz\u0105cych \u015bledztwo, pasa\u017cerowie \u0142odzi zignorowali podstawowe zasady bezpiecze\u0144stwa. Kobiety nie mia\u0142y na sobie kamizelek ratunkowych. Jak wynika z zezna\u0144 \u015bwiadk\u00f3w, mia\u0142y one stwierdzi\u0107, \u017ce sprz\u0119t ratunkowy przeszkadza\u0142by im w opalaniu i robieniu zdj\u0119\u0107.<\/p>\n\n\n\n<p>Komisarz Marcos Alexandre Alfino potwierdzi\u0142, \u017ce cz\u0119\u015b\u0107 os\u00f3b na pok\u0142adzie celowo unika\u0142a zak\u0142adania kamizelek. \u2013 \u201eNiekt\u00f3rzy nie chcieli ich zak\u0142ada\u0107, poniewa\u017c robili selfie\u201d \u2013 t\u0142umaczy\u0142 funkcjonariusz.<\/p>\n\n\n\n<p>Dodatkowym problemem by\u0142a liczba pasa\u017cer\u00f3w \u2013 jacht, kt\u00f3ry wed\u0142ug specyfikacji mia\u0142 pomie\u015bci\u0107 pi\u0119\u0107 os\u00f3b, przewozi\u0142 sze\u015bciu uczestnik\u00f3w imprezy. To mog\u0142o mie\u0107 wp\u0142yw na stabilno\u015b\u0107 \u0142odzi w trudnych warunkach morskich.<\/p>\n\n\n\n<h2 class=\"wp-block-heading\">Katastrofa spowodowana fal\u0105<\/h2>\n\n\n\n<p>Do dramatycznego wydarzenia dosz\u0142o 29 wrze\u015bnia. Niespodziewana, silna fala uderzy\u0142a w przeci\u0105\u017con\u0105 \u0142\u00f3d\u017a, co doprowadzi\u0142o do jej zatoni\u0119cia. Wed\u0142ug ustale\u0144 \u015bledczych kapitan jednostki stara\u0142 si\u0119 ratowa\u0107 wszystkich obecnych na pok\u0142adzie, jednak nie by\u0142 w stanie zapobiec tragedii.<\/p>\n\n\n\n<blockquote class=\"wp-block-quote is-layout-flow wp-block-quote-is-layout-flow\">\n<p><\/p>\n<\/blockquote>\n\n\n\n<p>Cia\u0142o Beatriz odnaleziono jako pierwsze \u2013 wyp\u0142yn\u0119\u0142o ono na powierzchni\u0119, gdzie zosta\u0142o zauwa\u017cone przez s\u0142u\u017cby ratunkowe. Kilka dni p\u00f3\u017aniej morze wyrzuci\u0142o cia\u0142o Aline na brzeg pla\u017cy Itaquitanduva.<\/p>\n\n\n\n<h2 class=\"wp-block-heading\">Relacje ocala\u0142ych \u2013 przera\u017caj\u0105ce momenty walki o \u017cycie<\/h2>\n\n\n\n<p>W\u015br\u00f3d os\u00f3b, kt\u00f3re prze\u017cy\u0142y katastrof\u0119, by\u0142a Vanessa Audrey da Silva. Kobieta mia\u0142a na sobie kamizelk\u0119 ratunkow\u0105 i dzi\u0119ki temu uda\u0142o jej si\u0119 przetrwa\u0107. Opisa\u0142a dramatyczne chwile, podczas kt\u00f3rych trzyma\u0142a si\u0119 przy nadbrze\u017cnych ska\u0142ach, walcz\u0105c z \u017cywio\u0142em.<\/p>\n\n\n\n<p>\u2013 \u201eBy\u0142 taki moment, gdy nigdzie nie by\u0142o nikogo wida\u0107. Musia\u0142am walczy\u0107 o \u017cycie\u201d \u2013 wspomina\u0142a w rozmowie z brazylskimi mediami.<\/p>\n\n\n\n<p>Inna pasa\u017cerka, Camila Alves de Carvalho, r\u00f3wnie\u017c relacjonowa\u0142a chwile grozy. \u2013 \u201eNie byli\u015bmy w stanie p\u0142ywa\u0107. My\u015bla\u0142am, \u017ce to koniec. Prawie umarli\u015bmy\u201d \u2013 m\u00f3wi\u0142a. Doda\u0142a, \u017ce podczas zdarzenia po\u0142kn\u0119\u0142a du\u017co s\u0142onej wody i dozna\u0142a licznych obra\u017ce\u0144.<\/p>\n\n\n\n<p>Wraz z Vaness\u0105 i Camil\u0105 na pok\u0142adzie znajdowali si\u0119 tak\u017ce Daniel Goncalves Ferreira, Gabriela Santos Lima i Natan Cardoso Soares da Silva. Ca\u0142a sz\u00f3stka bra\u0142a udzia\u0142 w imprezie, kt\u00f3rej celem by\u0142o relaksowanie si\u0119 i robienie zdj\u0119\u0107 do internetu. Niestety, decyzja o rozdzieleniu si\u0119 na dwie grupy w celu powrotu na l\u0105d okaza\u0142a si\u0119 fatalna w skutkach \u2013 jedna z \u0142odzi zosta\u0142a uderzona przez siln\u0105 fal\u0119.<\/p>\n\n\n\n<h2 class=\"wp-block-heading\">\u015aledztwo ma wyja\u015bni\u0107 odpowiedzialno\u015b\u0107 za tragedi\u0119<\/h2>\n\n\n\n<p>Po wypadku wszcz\u0119to dochodzenie w celu ustalenia, czy dosz\u0142o do zaniedbania lub naruszenia przepis\u00f3w bezpiecze\u0144stwa. Komisarz Alfino zaznaczy\u0142, \u017ce ka\u017cdy szczeg\u00f3\u0142 b\u0119dzie dok\u0142adnie analizowany. \u2013 \u201eSprawdzamy, czy \u015bmier\u0107 kobiet wynika\u0142a z nieodpowiedzialno\u015bci czy te\u017c ra\u017c\u0105cego zaniedbania\u201d \u2013 podkre\u015bli\u0142.<\/p>\n\n\n\n<p>Uwag\u0119 \u015bledczych przyci\u0105gn\u0119\u0142y nie tylko przeci\u0105\u017cenie \u0142odzi i brak kamizelek, ale r\u00f3wnie\u017c fakt, \u017ce Aline nie potrafi\u0142a p\u0142ywa\u0107, co dodatkowo pog\u0142\u0119bia tragiczny wymiar ca\u0142ej sytuacji.<\/p>\n\n\n\n<h2 class=\"wp-block-heading\">Ostatnie chwile w mediach spo\u0142eczno\u015bciowych<\/h2>\n\n\n\n<p>Aline, b\u0119d\u0105ca matk\u0105, tu\u017c przed tragedi\u0105 zamieszcza\u0142a na swoich profilach zdj\u0119cia i relacje z pok\u0142adu jachtu. Uchwycone przez ni\u0105 uj\u0119cia pe\u0142ne by\u0142y s\u0142o\u0144ca, u\u015bmiech\u00f3w i beztroski. Dzi\u015b maj\u0105 one zupe\u0142nie inny wyd\u017awi\u0119k \u2013 przypominaj\u0105 o tym, jak \u0142atwo mo\u017cna zatraci\u0107 si\u0119 w ch\u0119ci pokazania \u201eidealnego \u017cycia\u201d online, zapominaj\u0105c o podstawach bezpiecze\u0144stwa.<\/p>\n\n\n\n<p>Te dramatyczne wydarzenia sta\u0142y si\u0119 przestrog\u0105 dla tysi\u0119cy os\u00f3b na ca\u0142ym \u015bwiecie. Pokazuj\u0105, \u017ce nawet w pozornie luksusowych i bezpiecznych warunkach, \u017cycie mo\u017ce zosta\u0107 przerwane w mgnieniu oka przez lekkomy\u015blno\u015b\u0107 i brak rozs\u0105dku.<\/p>\n\n\n\n<h2 class=\"wp-block-heading\">Podsumowanie \u2013 przestroga dla innych<\/h2>\n\n\n\n<p>\u015amier\u0107 Aline i Beatriz nie by\u0142a jedynie wynikiem przypadku. To konsekwencja wielu b\u0142\u0119d\u00f3w \u2013 przeci\u0105\u017conej \u0142odzi, lekcewa\u017cenia przepis\u00f3w, ch\u0119ci zdobycia idealnego zdj\u0119cia. Ta tragedia stanowi bolesn\u0105 lekcj\u0119, \u017ce bezpiecze\u0144stwo zawsze powinno by\u0107 priorytetem \u2013 nawet, a mo\u017ce szczeg\u00f3lnie, w dobie medi\u00f3w spo\u0142eczno\u015bciowych.<\/p>\n\n\n\n<p>Dochodzenie nadal trwa, a opinia publiczna oczekuje odpowiedzi na pytanie, kto poniesie odpowiedzialno\u015b\u0107 za niedopilnowanie zasad, kt\u00f3re mog\u0142y ocali\u0107 dwa m\u0142ode \u017cycia.<\/p>\n","protected":false},"excerpt":{"rendered":"<p>Wydarzenia, kt\u00f3re rozegra\u0142y si\u0119 u malowniczych wybrze\u017cy Brazylii, zako\u0144czy\u0142y si\u0119 niewyobra\u017caln\u0105 tragedi\u0105. Dwie znane influencerki zgin\u0119\u0142y podczas luksusowej wyprawy jachtem, kt\u00f3ra mia\u0142a by\u0107 okazj\u0105 do \u015bwi\u0119towania i dzielenia si\u0119 chwilami z obserwatorami w mediach spo\u0142eczno\u015bciowych. Ich \u015bmier\u0107 poruszy\u0142a nie tylko fan\u00f3w, ale tak\u017ce opini\u0119 publiczn\u0105 na ca\u0142ym \u015bwiecie. Niebezpieczna zabawa na morzu Aline Tamara Moreira &#8230; <a title=\"Ch\u0142opiec znalaz\u0142 w lesie stary, porzucony samoch\u00f3d. Zajrza\u0142 do \u015brodka i krzykn\u0105\u0142!\" class=\"read-more\" href=\"https:\/\/dobrezrodla.com\/?p=12008\" aria-label=\"Read more about Ch\u0142opiec znalaz\u0142 w lesie stary, porzucony samoch\u00f3d. Zajrza\u0142 do \u015brodka i krzykn\u0105\u0142!\">Read more<\/a><\/p>\n","protected":false},"author":1,"featured_media":0,"comment_status":"open","ping_status":"open","sticky":false,"template":"","format":"standard","meta":{"footnotes":""},"categories":[1],"tags":[],"class_list":["post-12008","post","type-post","status-publish","format-standard","hentry","category-uncategorized"],"_links":{"self":[{"href":"https:\/\/dobrezrodla.com\/index.php?rest_route=\/wp\/v2\/posts\/12008","targetHints":{"allow":["GET"]}}],"collection":[{"href":"https:\/\/dobrezrodla.com\/index.php?rest_route=\/wp\/v2\/posts"}],"about":[{"href":"https:\/\/dobrezrodla.com\/index.php?rest_route=\/wp\/v2\/types\/post"}],"author":[{"embeddable":true,"href":"https:\/\/dobrezrodla.com\/index.php?rest_route=\/wp\/v2\/users\/1"}],"replies":[{"embeddable":true,"href":"https:\/\/dobrezrodla.com\/index.php?rest_route=%2Fwp%2Fv2%2Fcomments&post=12008"}],"version-history":[{"count":1,"href":"https:\/\/dobrezrodla.com\/index.php?rest_route=\/wp\/v2\/posts\/12008\/revisions"}],"predecessor-version":[{"id":12009,"href":"https:\/\/dobrezrodla.com\/index.php?rest_route=\/wp\/v2\/posts\/12008\/revisions\/12009"}],"wp:attachment":[{"href":"https:\/\/dobrezrodla.com\/index.php?rest_route=%2Fwp%2Fv2%2Fmedia&parent=12008"}],"wp:term":[{"taxonomy":"category","embeddable":true,"href":"https:\/\/dobrezrodla.com\/index.php?rest_route=%2Fwp%2Fv2%2Fcategories&post=12008"},{"taxonomy":"post_tag","embeddable":true,"href":"https:\/\/dobrezrodla.com\/index.php?rest_route=%2Fwp%2Fv2%2Ftags&post=12008"}],"curies":[{"name":"wp","href":"https:\/\/api.w.org\/{rel}","templated":true}]}}