{"id":12034,"date":"2025-12-15T09:09:40","date_gmt":"2025-12-15T09:09:40","guid":{"rendered":"https:\/\/dobrezrodla.com\/?p=12034"},"modified":"2025-12-15T09:09:41","modified_gmt":"2025-12-15T09:09:41","slug":"zelenski-tuz-przed-swietami-w-polsce-oficjalna-data-wizyty-ujawniona-o-czym-beda-rozmawiac-liderzy","status":"publish","type":"post","link":"https:\/\/dobrezrodla.com\/?p=12034","title":{"rendered":"Ze\u0142enski tu\u017c przed \u015bwi\u0119tami w Polsce! Oficjalna data wizyty ujawniona \u2013 o czym b\u0119d\u0105 rozmawia\u0107 liderzy?"},"content":{"rendered":"\n<p>To ju\u017c pewne \u2013 prezydent Ukrainy Wo\u0142odymyr Ze\u0142enski odwiedzi Warszaw\u0119 19 grudnia. Wizyta odb\u0119dzie si\u0119 na zaproszenie polskich w\u0142adz i b\u0119dzie pierwszym oficjalnym spotkaniem Ze\u0142enskiego z prezydentem Karolem Nawrockim. Nadchodz\u0105ce rozmowy ju\u017c teraz budz\u0105 ogromne zainteresowanie w kraju i za granic\u0105.<\/p>\n\n\n\n<p>O wizycie m\u00f3wi\u0142o si\u0119 od dawna, ale dopiero teraz potwierdzono konkretne szczeg\u00f3\u0142y. Ze\u0142enski przyzna\u0142, \u017ce Polska zaproponowa\u0142a termin pi\u0105tkowy, a decyzja o przyj\u0119ciu zaproszenia zapad\u0142a b\u0142yskawicznie. Podkre\u015bli\u0142, jak wa\u017cne s\u0105 dobre relacje mi\u0119dzy naszymi narodami, zw\u0142aszcza w kontek\u015bcie napi\u0119\u0107 na wschodzie Europy.<\/p>\n\n\n\n<p>Spotkanie lider\u00f3w ma dotyczy\u0107 kluczowych kwestii: bezpiecze\u0144stwa w regionie, wsparcia dla Ukrainy oraz pog\u0142\u0119bienia wsp\u00f3\u0142pracy politycznej. Nie zabraknie r\u00f3wnie\u017c rozm\u00f3w o przysz\u0142o\u015bci Ukrainy w NATO oraz planach odbudowy kraju.<\/p>\n\n\n\n<p>Ze\u0142enski, komentuj\u0105c trwaj\u0105ce negocjacje pokojowe, przyzna\u0142, \u017ce pe\u0142na zgodno\u015b\u0107 mi\u0119dzy stronami jest nierealna \u2013 konieczne b\u0119d\u0105 kompromisy. Jednocze\u015bnie zaznaczy\u0142, \u017ce Ukraina nie zgodzi si\u0119 na p\u00f3\u0142\u015brodki, je\u015bli chodzi o gwarancje bezpiecze\u0144stwa \u2013 nie zast\u0105pi\u0105 one cz\u0142onkostwa w NATO, o ile nie b\u0119d\u0105 mia\u0142y mocy prawnej. Prezydent zapowiedzia\u0142 te\u017c wa\u017cne rozmowy z partnerami z USA i UE, kt\u00f3re odb\u0119d\u0105 si\u0119 m.in. w Berlinie.<\/p>\n\n\n\n<p>Wszystko wskazuje na to, \u017ce przed\u015bwi\u0105teczna wizyta Ze\u0142enskiego w Polsce mo\u017ce okaza\u0107 si\u0119 prze\u0142omowa dla dalszych relacji mi\u0119dzy Warszaw\u0105 a Kijowem.<\/p>\n","protected":false},"excerpt":{"rendered":"<p>To ju\u017c pewne \u2013 prezydent Ukrainy Wo\u0142odymyr Ze\u0142enski odwiedzi Warszaw\u0119 19 grudnia. Wizyta odb\u0119dzie si\u0119 na zaproszenie polskich w\u0142adz i b\u0119dzie pierwszym oficjalnym spotkaniem Ze\u0142enskiego z prezydentem Karolem Nawrockim. Nadchodz\u0105ce rozmowy ju\u017c teraz budz\u0105 ogromne zainteresowanie w kraju i za granic\u0105. O wizycie m\u00f3wi\u0142o si\u0119 od dawna, ale dopiero teraz potwierdzono konkretne szczeg\u00f3\u0142y. Ze\u0142enski przyzna\u0142, &#8230; <a title=\"Ze\u0142enski tu\u017c przed \u015bwi\u0119tami w Polsce! Oficjalna data wizyty ujawniona \u2013 o czym b\u0119d\u0105 rozmawia\u0107 liderzy?\" class=\"read-more\" href=\"https:\/\/dobrezrodla.com\/?p=12034\" aria-label=\"Read more about Ze\u0142enski tu\u017c przed \u015bwi\u0119tami w Polsce! Oficjalna data wizyty ujawniona \u2013 o czym b\u0119d\u0105 rozmawia\u0107 liderzy?\">Read more<\/a><\/p>\n","protected":false},"author":1,"featured_media":0,"comment_status":"open","ping_status":"open","sticky":false,"template":"","format":"standard","meta":{"footnotes":""},"categories":[1],"tags":[],"class_list":["post-12034","post","type-post","status-publish","format-standard","hentry","category-uncategorized"],"_links":{"self":[{"href":"https:\/\/dobrezrodla.com\/index.php?rest_route=\/wp\/v2\/posts\/12034","targetHints":{"allow":["GET"]}}],"collection":[{"href":"https:\/\/dobrezrodla.com\/index.php?rest_route=\/wp\/v2\/posts"}],"about":[{"href":"https:\/\/dobrezrodla.com\/index.php?rest_route=\/wp\/v2\/types\/post"}],"author":[{"embeddable":true,"href":"https:\/\/dobrezrodla.com\/index.php?rest_route=\/wp\/v2\/users\/1"}],"replies":[{"embeddable":true,"href":"https:\/\/dobrezrodla.com\/index.php?rest_route=%2Fwp%2Fv2%2Fcomments&post=12034"}],"version-history":[{"count":1,"href":"https:\/\/dobrezrodla.com\/index.php?rest_route=\/wp\/v2\/posts\/12034\/revisions"}],"predecessor-version":[{"id":12035,"href":"https:\/\/dobrezrodla.com\/index.php?rest_route=\/wp\/v2\/posts\/12034\/revisions\/12035"}],"wp:attachment":[{"href":"https:\/\/dobrezrodla.com\/index.php?rest_route=%2Fwp%2Fv2%2Fmedia&parent=12034"}],"wp:term":[{"taxonomy":"category","embeddable":true,"href":"https:\/\/dobrezrodla.com\/index.php?rest_route=%2Fwp%2Fv2%2Fcategories&post=12034"},{"taxonomy":"post_tag","embeddable":true,"href":"https:\/\/dobrezrodla.com\/index.php?rest_route=%2Fwp%2Fv2%2Ftags&post=12034"}],"curies":[{"name":"wp","href":"https:\/\/api.w.org\/{rel}","templated":true}]}}