{"id":12077,"date":"2025-12-15T20:03:45","date_gmt":"2025-12-15T20:03:45","guid":{"rendered":"https:\/\/dobrezrodla.com\/?p=12077"},"modified":"2025-12-15T20:03:45","modified_gmt":"2025-12-15T20:03:45","slug":"zamieszanie-wokol-lekow-cenckiewicza-sledztwo-spory-polityczne-i-pytania-o-wycieki-danych","status":"publish","type":"post","link":"https:\/\/dobrezrodla.com\/?p=12077","title":{"rendered":"Zamieszanie wok\u00f3\u0142 lek\u00f3w Cenckiewicza. \u015aledztwo, spory polityczne i pytania o wycieki danych"},"content":{"rendered":"\n<p>Warszawska prokuratura uruchomi\u0142a \u015bledztwo po g\u0142o\u015bnej publikacji \u201eGazety Wyborczej\u201d, kt\u00f3ra ujawni\u0142a, \u017ce szef Biura Bezpiecze\u0144stwa Narodowego, S\u0142awomir Cenckiewicz, mia\u0142 nie zg\u0142osi\u0107 w ankiecie bezpiecze\u0144stwa stosowania lek\u00f3w \u2013 rzekomo psychotropowych. Skutkiem tego by\u0142o cofni\u0119cie mu certyfikatu dost\u0119pu do dokument\u00f3w niejawnych przez S\u0142u\u017cb\u0119 Kontrwywiadu Wojskowego w lipcu 2024 roku.<\/p>\n\n\n\n<p>Sprawa wywo\u0142a\u0142a burz\u0119 polityczn\u0105 i medialn\u0105. Jedni zarzucaj\u0105 s\u0142u\u017cbom specjalnym nielegalne ujawnienie danych wra\u017cliwych, inni twierdz\u0105, \u017ce Cenckiewicz sam wprowadzi\u0142 opini\u0119 publiczn\u0105 w b\u0142\u0105d. Z kolei Naczelna Izba Lekarska apeluje o pilne wyja\u015bnienie, jak dosz\u0142o do ujawnienia informacji obj\u0119tych tajemnic\u0105 medyczn\u0105.<\/p>\n\n\n\n<p>R\u00f3wnolegle trwa batalia s\u0105dowa \u2013 najpierw Wojew\u00f3dzki S\u0105d Administracyjny uchyli\u0142 decyzj\u0119 SKW, ale rz\u0105d Donalda Tuska skierowa\u0142 spraw\u0119 do Naczelnego S\u0105du Administracyjnego.<\/p>\n\n\n\n<p>Politycy PiS, w tym Mariusz B\u0142aszczak, zapowiedzieli zawiadomienie prokuratury przeciwko szefowi SKW, twierdz\u0105c, \u017ce dosz\u0142o do nadu\u017cycia uprawnie\u0144 i podwa\u017cenia zaufania do pa\u0144stwa. Z drugiej strony rzecznik ministra koordynatora s\u0142u\u017cb specjalnych oskar\u017ca Cenckiewicza o manipulacj\u0119 i zatajenie informacji, kt\u00f3re sam p\u00f3\u017aniej upubliczni\u0142.<\/p>\n\n\n\n<p>Ca\u0142a sytuacja pog\u0142\u0119bia podzia\u0142y mi\u0119dzy Pa\u0142acem Prezydenckim a rz\u0105dem, a tak\u017ce budzi pytania o granice prywatno\u015bci os\u00f3b na wysokich stanowiskach oraz odpowiedzialno\u015b\u0107 za przetwarzanie ich danych osobowych.<\/p>\n","protected":false},"excerpt":{"rendered":"<p>Warszawska prokuratura uruchomi\u0142a \u015bledztwo po g\u0142o\u015bnej publikacji \u201eGazety Wyborczej\u201d, kt\u00f3ra ujawni\u0142a, \u017ce szef Biura Bezpiecze\u0144stwa Narodowego, S\u0142awomir Cenckiewicz, mia\u0142 nie zg\u0142osi\u0107 w ankiecie bezpiecze\u0144stwa stosowania lek\u00f3w \u2013 rzekomo psychotropowych. Skutkiem tego by\u0142o cofni\u0119cie mu certyfikatu dost\u0119pu do dokument\u00f3w niejawnych przez S\u0142u\u017cb\u0119 Kontrwywiadu Wojskowego w lipcu 2024 roku. Sprawa wywo\u0142a\u0142a burz\u0119 polityczn\u0105 i medialn\u0105. Jedni zarzucaj\u0105 &#8230; <a title=\"Zamieszanie wok\u00f3\u0142 lek\u00f3w Cenckiewicza. \u015aledztwo, spory polityczne i pytania o wycieki danych\" class=\"read-more\" href=\"https:\/\/dobrezrodla.com\/?p=12077\" aria-label=\"Read more about Zamieszanie wok\u00f3\u0142 lek\u00f3w Cenckiewicza. \u015aledztwo, spory polityczne i pytania o wycieki danych\">Read more<\/a><\/p>\n","protected":false},"author":1,"featured_media":0,"comment_status":"open","ping_status":"open","sticky":false,"template":"","format":"standard","meta":{"footnotes":""},"categories":[1],"tags":[],"class_list":["post-12077","post","type-post","status-publish","format-standard","hentry","category-uncategorized"],"_links":{"self":[{"href":"https:\/\/dobrezrodla.com\/index.php?rest_route=\/wp\/v2\/posts\/12077","targetHints":{"allow":["GET"]}}],"collection":[{"href":"https:\/\/dobrezrodla.com\/index.php?rest_route=\/wp\/v2\/posts"}],"about":[{"href":"https:\/\/dobrezrodla.com\/index.php?rest_route=\/wp\/v2\/types\/post"}],"author":[{"embeddable":true,"href":"https:\/\/dobrezrodla.com\/index.php?rest_route=\/wp\/v2\/users\/1"}],"replies":[{"embeddable":true,"href":"https:\/\/dobrezrodla.com\/index.php?rest_route=%2Fwp%2Fv2%2Fcomments&post=12077"}],"version-history":[{"count":1,"href":"https:\/\/dobrezrodla.com\/index.php?rest_route=\/wp\/v2\/posts\/12077\/revisions"}],"predecessor-version":[{"id":12078,"href":"https:\/\/dobrezrodla.com\/index.php?rest_route=\/wp\/v2\/posts\/12077\/revisions\/12078"}],"wp:attachment":[{"href":"https:\/\/dobrezrodla.com\/index.php?rest_route=%2Fwp%2Fv2%2Fmedia&parent=12077"}],"wp:term":[{"taxonomy":"category","embeddable":true,"href":"https:\/\/dobrezrodla.com\/index.php?rest_route=%2Fwp%2Fv2%2Fcategories&post=12077"},{"taxonomy":"post_tag","embeddable":true,"href":"https:\/\/dobrezrodla.com\/index.php?rest_route=%2Fwp%2Fv2%2Ftags&post=12077"}],"curies":[{"name":"wp","href":"https:\/\/api.w.org\/{rel}","templated":true}]}}