{"id":12079,"date":"2025-12-15T20:08:34","date_gmt":"2025-12-15T20:08:34","guid":{"rendered":"https:\/\/dobrezrodla.com\/?p=12079"},"modified":"2025-12-15T20:08:34","modified_gmt":"2025-12-15T20:08:34","slug":"rezygnacja-z-chanuki-w-palacu-prezydenckim-milczenie-czy-manifest-reakcja-ambasadora-usa-mowi-wiele","status":"publish","type":"post","link":"https:\/\/dobrezrodla.com\/?p=12079","title":{"rendered":"Rezygnacja z Chanuki w Pa\u0142acu Prezydenckim. Milczenie czy manifest? Reakcja ambasadora USA m\u00f3wi wiele"},"content":{"rendered":"\n<p>Pa\u0142ac Prezydencki rezygnuje z jednej z symbolicznych tradycji ostatnich lat. Jak ustali\u0142a \u201eRzeczpospolita\u201d, prezydent Karol Nawrocki zdecydowa\u0142, \u017ce w tym roku nie odb\u0119d\u0105 si\u0119 oficjalne obchody Chanuki, kt\u00f3re dotychczas by\u0142y organizowane przez g\u0142ow\u0119 pa\u0144stwa. Decyzja ta oznacza zerwanie z wieloletni\u0105 praktyk\u0105 spotka\u0144 z przedstawicielami spo\u0142eczno\u015bci \u017cydowskiej przy okazji jednego z najwa\u017cniejszych \u015bwi\u0105t w judaizmie.<\/p>\n\n\n\n<p>Wydarzenie to nie przesz\u0142o bez echa za granic\u0105. Ambasador Stan\u00f3w Zjednoczonych w Polsce, Thomas Rose, wyrazi\u0142 swoje zaniepokojenie rezygnacj\u0105 z obchod\u00f3w. Cho\u0107 jego s\u0142owa nie by\u0142y bezpo\u015brednim pot\u0119pieniem, da\u0142 jasno do zrozumienia, \u017ce decyzja ta zosta\u0142a dostrze\u017cona i budzi pytania o intencje.<\/p>\n\n\n\n<p>Tradycyjne spotkania chanukowe w Pa\u0142acu Prezydenckim przez lata symbolizowa\u0142y dialog, szacunek i wsp\u00f3\u0142istnienie r\u00f3\u017cnych tradycji w \u017cyciu publicznym Polski. By\u0142y te\u017c form\u0105 gestu wobec \u015brodowisk \u017cydowskich \u2013 nie tylko tych mieszkaj\u0105cych w kraju, ale i zagranicznych partner\u00f3w, uwa\u017cnie obserwuj\u0105cych stosunki mi\u0119dzy w\u0142adzami a mniejszo\u015bciami.<\/p>\n\n\n\n<p>Rezygnacja z takiego wydarzenia mo\u017ce zosta\u0107 odebrana nie tylko jako zmiana protoko\u0142u, ale r\u00f3wnie\u017c jako sygna\u0142 polityczny \u2013 szczeg\u00f3lnie w czasach napi\u0119\u0107 i rosn\u0105cej polaryzacji. Dla wielu obserwator\u00f3w to pytanie: czy to tylko drobna korekta kalendarza, czy \u015bwiadoma reorientacja symbolicznej polityki prezydenta Nawrockiego?<\/p>\n","protected":false},"excerpt":{"rendered":"<p>Pa\u0142ac Prezydencki rezygnuje z jednej z symbolicznych tradycji ostatnich lat. Jak ustali\u0142a \u201eRzeczpospolita\u201d, prezydent Karol Nawrocki zdecydowa\u0142, \u017ce w tym roku nie odb\u0119d\u0105 si\u0119 oficjalne obchody Chanuki, kt\u00f3re dotychczas by\u0142y organizowane przez g\u0142ow\u0119 pa\u0144stwa. Decyzja ta oznacza zerwanie z wieloletni\u0105 praktyk\u0105 spotka\u0144 z przedstawicielami spo\u0142eczno\u015bci \u017cydowskiej przy okazji jednego z najwa\u017cniejszych \u015bwi\u0105t w judaizmie. Wydarzenie &#8230; <a title=\"Rezygnacja z Chanuki w Pa\u0142acu Prezydenckim. Milczenie czy manifest? Reakcja ambasadora USA m\u00f3wi wiele\" class=\"read-more\" href=\"https:\/\/dobrezrodla.com\/?p=12079\" aria-label=\"Read more about Rezygnacja z Chanuki w Pa\u0142acu Prezydenckim. Milczenie czy manifest? Reakcja ambasadora USA m\u00f3wi wiele\">Read more<\/a><\/p>\n","protected":false},"author":1,"featured_media":0,"comment_status":"open","ping_status":"open","sticky":false,"template":"","format":"standard","meta":{"footnotes":""},"categories":[1],"tags":[],"class_list":["post-12079","post","type-post","status-publish","format-standard","hentry","category-uncategorized"],"_links":{"self":[{"href":"https:\/\/dobrezrodla.com\/index.php?rest_route=\/wp\/v2\/posts\/12079","targetHints":{"allow":["GET"]}}],"collection":[{"href":"https:\/\/dobrezrodla.com\/index.php?rest_route=\/wp\/v2\/posts"}],"about":[{"href":"https:\/\/dobrezrodla.com\/index.php?rest_route=\/wp\/v2\/types\/post"}],"author":[{"embeddable":true,"href":"https:\/\/dobrezrodla.com\/index.php?rest_route=\/wp\/v2\/users\/1"}],"replies":[{"embeddable":true,"href":"https:\/\/dobrezrodla.com\/index.php?rest_route=%2Fwp%2Fv2%2Fcomments&post=12079"}],"version-history":[{"count":1,"href":"https:\/\/dobrezrodla.com\/index.php?rest_route=\/wp\/v2\/posts\/12079\/revisions"}],"predecessor-version":[{"id":12080,"href":"https:\/\/dobrezrodla.com\/index.php?rest_route=\/wp\/v2\/posts\/12079\/revisions\/12080"}],"wp:attachment":[{"href":"https:\/\/dobrezrodla.com\/index.php?rest_route=%2Fwp%2Fv2%2Fmedia&parent=12079"}],"wp:term":[{"taxonomy":"category","embeddable":true,"href":"https:\/\/dobrezrodla.com\/index.php?rest_route=%2Fwp%2Fv2%2Fcategories&post=12079"},{"taxonomy":"post_tag","embeddable":true,"href":"https:\/\/dobrezrodla.com\/index.php?rest_route=%2Fwp%2Fv2%2Ftags&post=12079"}],"curies":[{"name":"wp","href":"https:\/\/api.w.org\/{rel}","templated":true}]}}