{"id":12119,"date":"2025-12-16T11:55:36","date_gmt":"2025-12-16T11:55:36","guid":{"rendered":"https:\/\/dobrezrodla.com\/?p=12119"},"modified":"2025-12-16T11:55:37","modified_gmt":"2025-12-16T11:55:37","slug":"abw-udaremnila-planowany-zamach-na-jarmarku-swiatecznym-student-trafil-do-aresztu","status":"publish","type":"post","link":"https:\/\/dobrezrodla.com\/?p=12119","title":{"rendered":"ABW udaremni\u0142a planowany zamach na jarmarku \u015bwi\u0105tecznym. Student trafi\u0142 do aresztu"},"content":{"rendered":"\n<p>Wstrz\u0105saj\u0105ce informacje przekaza\u0142y s\u0142u\u017cby specjalne. Agencja Bezpiecze\u0144stwa Wewn\u0119trznego zatrzyma\u0142a m\u0142odego m\u0119\u017cczyzn\u0119 podejrzewanego o przygotowywanie masowego zamachu podczas jarmarku bo\u017conarodzeniowego. Sprawa wysz\u0142a na jaw dzi\u0119ki dzia\u0142aniom operacyjnym, a zatrzymany zosta\u0142 ju\u017c tymczasowo aresztowany.<\/p>\n\n\n\n<p>Okres przed\u015bwi\u0105teczny to czas, gdy w polskich miastach place i rynki wype\u0142niaj\u0105 si\u0119 t\u0142umami odwiedzaj\u0105cych jarmarki \u015bwi\u0105teczne. To w\u0142a\u015bnie takie wydarzenia, pe\u0142ne rodzin z dzie\u0107mi i turyst\u00f3w, wymagaj\u0105 szczeg\u00f3lnej ochrony ze strony s\u0142u\u017cb. Jak si\u0119 okaza\u0142o, zagro\u017cenie by\u0142o realne.<\/p>\n\n\n\n<p>Informacj\u0119 o zatrzymaniu przekaza\u0142 w mediach spo\u0142eczno\u015bciowych Jacek Dobrzy\u0144ski, Rzecznik Prasowy Ministra Koordynatora S\u0142u\u017cb Specjalnych. Z jego komunikatu wynika, \u017ce funkcjonariusze ABW zatrzymali studenta Katolickiego Uniwersytetu Lubelskiego, Mateusza W., kt\u00f3ry mia\u0142 przygotowywa\u0107 zamach z u\u017cyciem materia\u0142\u00f3w wybuchowych.<\/p>\n\n\n\n<p>Wed\u0142ug ustale\u0144 \u015bledczych m\u0119\u017cczyzna zdobywa\u0142 wiedz\u0119 na temat samodzielnego konstruowania \u0142adunk\u00f3w oraz interesowa\u0142 si\u0119 dzia\u0142alno\u015bci\u0105 organizacji terrorystycznych. Mia\u0142 r\u00f3wnie\u017c planowa\u0107 nawi\u0105zanie z nimi kontaktu, aby uzyska\u0107 wsparcie w realizacji swoich zamiar\u00f3w. Celem planowanych dzia\u0142a\u0144 mia\u0142o by\u0107 zastraszenie jak najwi\u0119kszej liczby os\u00f3b.<\/p>\n\n\n\n<p>Podczas przeszuka\u0144 funkcjonariusze zabezpieczyli no\u015bniki danych oraz przedmioty zwi\u0105zane z radykaln\u0105 ideologi\u0105. Decyzj\u0105 s\u0105du student zosta\u0142 tymczasowo aresztowany na trzy miesi\u0105ce. \u015aledztwo prowadzi delegatura ABW w Szczecinie pod nadzorem prokuratury.<\/p>\n\n\n\n<p>S\u0142u\u017cby podkre\u015blaj\u0105, \u017ce sprawa ma charakter rozwojowy i pokazuje, jak wa\u017cne s\u0105 dzia\u0142ania prewencyjne oraz szybka reakcja na potencjalne zagro\u017cenia, zw\u0142aszcza w czasie masowych wydarze\u0144.<\/p>\n","protected":false},"excerpt":{"rendered":"<p>Wstrz\u0105saj\u0105ce informacje przekaza\u0142y s\u0142u\u017cby specjalne. Agencja Bezpiecze\u0144stwa Wewn\u0119trznego zatrzyma\u0142a m\u0142odego m\u0119\u017cczyzn\u0119 podejrzewanego o przygotowywanie masowego zamachu podczas jarmarku bo\u017conarodzeniowego. Sprawa wysz\u0142a na jaw dzi\u0119ki dzia\u0142aniom operacyjnym, a zatrzymany zosta\u0142 ju\u017c tymczasowo aresztowany. Okres przed\u015bwi\u0105teczny to czas, gdy w polskich miastach place i rynki wype\u0142niaj\u0105 si\u0119 t\u0142umami odwiedzaj\u0105cych jarmarki \u015bwi\u0105teczne. To w\u0142a\u015bnie takie wydarzenia, pe\u0142ne rodzin &#8230; <a title=\"ABW udaremni\u0142a planowany zamach na jarmarku \u015bwi\u0105tecznym. Student trafi\u0142 do aresztu\" class=\"read-more\" href=\"https:\/\/dobrezrodla.com\/?p=12119\" aria-label=\"Read more about ABW udaremni\u0142a planowany zamach na jarmarku \u015bwi\u0105tecznym. Student trafi\u0142 do aresztu\">Read more<\/a><\/p>\n","protected":false},"author":1,"featured_media":0,"comment_status":"open","ping_status":"open","sticky":false,"template":"","format":"standard","meta":{"footnotes":""},"categories":[1],"tags":[],"class_list":["post-12119","post","type-post","status-publish","format-standard","hentry","category-uncategorized"],"_links":{"self":[{"href":"https:\/\/dobrezrodla.com\/index.php?rest_route=\/wp\/v2\/posts\/12119","targetHints":{"allow":["GET"]}}],"collection":[{"href":"https:\/\/dobrezrodla.com\/index.php?rest_route=\/wp\/v2\/posts"}],"about":[{"href":"https:\/\/dobrezrodla.com\/index.php?rest_route=\/wp\/v2\/types\/post"}],"author":[{"embeddable":true,"href":"https:\/\/dobrezrodla.com\/index.php?rest_route=\/wp\/v2\/users\/1"}],"replies":[{"embeddable":true,"href":"https:\/\/dobrezrodla.com\/index.php?rest_route=%2Fwp%2Fv2%2Fcomments&post=12119"}],"version-history":[{"count":1,"href":"https:\/\/dobrezrodla.com\/index.php?rest_route=\/wp\/v2\/posts\/12119\/revisions"}],"predecessor-version":[{"id":12120,"href":"https:\/\/dobrezrodla.com\/index.php?rest_route=\/wp\/v2\/posts\/12119\/revisions\/12120"}],"wp:attachment":[{"href":"https:\/\/dobrezrodla.com\/index.php?rest_route=%2Fwp%2Fv2%2Fmedia&parent=12119"}],"wp:term":[{"taxonomy":"category","embeddable":true,"href":"https:\/\/dobrezrodla.com\/index.php?rest_route=%2Fwp%2Fv2%2Fcategories&post=12119"},{"taxonomy":"post_tag","embeddable":true,"href":"https:\/\/dobrezrodla.com\/index.php?rest_route=%2Fwp%2Fv2%2Ftags&post=12119"}],"curies":[{"name":"wp","href":"https:\/\/api.w.org\/{rel}","templated":true}]}}