{"id":12123,"date":"2025-12-16T11:58:13","date_gmt":"2025-12-16T11:58:13","guid":{"rendered":"https:\/\/dobrezrodla.com\/?p=12123"},"modified":"2025-12-16T11:58:13","modified_gmt":"2025-12-16T11:58:13","slug":"to-on-planowal-zamach-na-jarmarku-sledczy-ujawnili-kim-naprawde-jest-zatrzymany","status":"publish","type":"post","link":"https:\/\/dobrezrodla.com\/?p=12123","title":{"rendered":"To on planowa\u0142 zamach na jarmarku. \u015aledczy ujawnili, kim naprawd\u0119 jest zatrzymany"},"content":{"rendered":"\n<p>S\u0142u\u017cby bezpiecze\u0144stwa ujawni\u0142y to\u017csamo\u015b\u0107 m\u0119\u017cczyzny, kt\u00f3ry przygotowywa\u0142 zamach na jeden z jarmark\u00f3w \u015bwi\u0105tecznych w Polsce. Informacje te wywo\u0142a\u0142y ogromne poruszenie, bo profil zatrzymanego zupe\u0142nie nie pasuje do obrazu, jaki wielu ma w g\u0142owie, my\u015bl\u0105c o potencjalnym terrory\u015bcie. Zamiast spokojnie studiowa\u0107 i planowa\u0107 przysz\u0142o\u015b\u0107, prowadzi\u0142 podw\u00f3jne \u017cycie, kt\u00f3re mog\u0142o zako\u0144czy\u0107 si\u0119 tragedi\u0105 dla przypadkowych ludzi.<\/p>\n\n\n\n<p><strong>Szybka akcja ABW i decyzja s\u0105du<\/strong><\/p>\n\n\n\n<p>Funkcjonariusze Agencji Bezpiecze\u0144stwa Wewn\u0119trznego przeprowadzili skoordynowan\u0105 akcj\u0119, w wyniku kt\u00f3rej zatrzymano Mateusza W., studenta Katolickiego Uniwersytetu Lubelskiego. Zgromadzony materia\u0142 dowodowy okaza\u0142 si\u0119 na tyle powa\u017cny, \u017ce s\u0105d zdecydowa\u0142 o zastosowaniu trzymiesi\u0119cznego aresztu tymczasowego.<\/p>\n\n\n\n<p>Jak podkre\u015blaj\u0105 s\u0142u\u017cby, zatrzymanie by\u0142o efektem d\u0142ugotrwa\u0142ych dzia\u0142a\u0144 operacyjnych, kt\u00f3rych celem by\u0142o szybkie rozpoznanie i wyeliminowanie realnego zagro\u017cenia dla bezpiecze\u0144stwa publicznego.<\/p>\n\n\n\n<p><strong>Plan ataku na zat\u0142oczony jarmark<\/strong><\/p>\n\n\n\n<p>Z ustale\u0144 \u015bledczych wynika, \u017ce celem m\u0119\u017cczyzny mia\u0142 by\u0107 jeden z popularnych jarmark\u00f3w bo\u017conarodzeniowych, odwiedzany przez t\u0142umy mieszka\u0144c\u00f3w i turyst\u00f3w. Scenariusz zak\u0142ada\u0142 u\u017cycie materia\u0142\u00f3w wybuchowych w miejscu publicznym, co mog\u0142o doprowadzi\u0107 do wielu ofiar i chaosu.<\/p>\n\n\n\n<p>Motywem dzia\u0142ania mia\u0142a by\u0107 radykalna ideologia. Podejrzany chcia\u0142 w ten spos\u00f3b zamanifestowa\u0107 poparcie dla tzw. Pa\u0144stwa Islamskiego oraz wywo\u0142a\u0107 strach w\u015br\u00f3d spo\u0142ecze\u0144stwa.<\/p>\n\n\n\n<p><strong>Dowody i szokuj\u0105ce przygotowania<\/strong><\/p>\n\n\n\n<p>Rzecznik ministra koordynatora s\u0142u\u017cb specjalnych Jacek Dobrzy\u0144ski ujawni\u0142, \u017ce student intensywnie zdobywa\u0142 wiedz\u0119 na temat konstruowania \u0142adunk\u00f3w wybuchowych. D\u0105\u017cy\u0142 r\u00f3wnie\u017c do nawi\u0105zania kontakt\u00f3w z organizacj\u0105 terrorystyczn\u0105, licz\u0105c na wsparcie w realizacji swoich plan\u00f3w.<\/p>\n\n\n\n<p>Podczas przeszuka\u0144 funkcjonariusze zabezpieczyli no\u015bniki danych oraz przedmioty powi\u0105zane z ekstremizmem religijnym. Materia\u0142y te s\u0105 obecnie analizowane przez bieg\u0142ych i stanowi\u0105 kluczowe dowody w sprawie.<\/p>\n\n\n\n<p><strong>Zagro\u017cenie zosta\u0142o powstrzymane<\/strong><\/p>\n\n\n\n<p>\u015aledztwo prowadzi delegatura ABW w Szczecinie pod nadzorem prokuratury. S\u0142u\u017cby podkre\u015blaj\u0105, \u017ce sprawa ma charakter rozwojowy, a szybka reakcja pozwoli\u0142a zapobiec tragedii w miejscu publicznym. Dzi\u0119ki dzia\u0142aniom operacyjnym planowany atak zosta\u0142 udaremniony, zanim ktokolwiek ucierpia\u0142.<\/p>\n","protected":false},"excerpt":{"rendered":"<p>S\u0142u\u017cby bezpiecze\u0144stwa ujawni\u0142y to\u017csamo\u015b\u0107 m\u0119\u017cczyzny, kt\u00f3ry przygotowywa\u0142 zamach na jeden z jarmark\u00f3w \u015bwi\u0105tecznych w Polsce. Informacje te wywo\u0142a\u0142y ogromne poruszenie, bo profil zatrzymanego zupe\u0142nie nie pasuje do obrazu, jaki wielu ma w g\u0142owie, my\u015bl\u0105c o potencjalnym terrory\u015bcie. Zamiast spokojnie studiowa\u0107 i planowa\u0107 przysz\u0142o\u015b\u0107, prowadzi\u0142 podw\u00f3jne \u017cycie, kt\u00f3re mog\u0142o zako\u0144czy\u0107 si\u0119 tragedi\u0105 dla przypadkowych ludzi. Szybka &#8230; <a title=\"To on planowa\u0142 zamach na jarmarku. \u015aledczy ujawnili, kim naprawd\u0119 jest zatrzymany\" class=\"read-more\" href=\"https:\/\/dobrezrodla.com\/?p=12123\" aria-label=\"Read more about To on planowa\u0142 zamach na jarmarku. \u015aledczy ujawnili, kim naprawd\u0119 jest zatrzymany\">Read more<\/a><\/p>\n","protected":false},"author":1,"featured_media":0,"comment_status":"open","ping_status":"open","sticky":false,"template":"","format":"standard","meta":{"footnotes":""},"categories":[1],"tags":[],"class_list":["post-12123","post","type-post","status-publish","format-standard","hentry","category-uncategorized"],"_links":{"self":[{"href":"https:\/\/dobrezrodla.com\/index.php?rest_route=\/wp\/v2\/posts\/12123","targetHints":{"allow":["GET"]}}],"collection":[{"href":"https:\/\/dobrezrodla.com\/index.php?rest_route=\/wp\/v2\/posts"}],"about":[{"href":"https:\/\/dobrezrodla.com\/index.php?rest_route=\/wp\/v2\/types\/post"}],"author":[{"embeddable":true,"href":"https:\/\/dobrezrodla.com\/index.php?rest_route=\/wp\/v2\/users\/1"}],"replies":[{"embeddable":true,"href":"https:\/\/dobrezrodla.com\/index.php?rest_route=%2Fwp%2Fv2%2Fcomments&post=12123"}],"version-history":[{"count":1,"href":"https:\/\/dobrezrodla.com\/index.php?rest_route=\/wp\/v2\/posts\/12123\/revisions"}],"predecessor-version":[{"id":12124,"href":"https:\/\/dobrezrodla.com\/index.php?rest_route=\/wp\/v2\/posts\/12123\/revisions\/12124"}],"wp:attachment":[{"href":"https:\/\/dobrezrodla.com\/index.php?rest_route=%2Fwp%2Fv2%2Fmedia&parent=12123"}],"wp:term":[{"taxonomy":"category","embeddable":true,"href":"https:\/\/dobrezrodla.com\/index.php?rest_route=%2Fwp%2Fv2%2Fcategories&post=12123"},{"taxonomy":"post_tag","embeddable":true,"href":"https:\/\/dobrezrodla.com\/index.php?rest_route=%2Fwp%2Fv2%2Ftags&post=12123"}],"curies":[{"name":"wp","href":"https:\/\/api.w.org\/{rel}","templated":true}]}}