{"id":12125,"date":"2025-12-16T12:01:47","date_gmt":"2025-12-16T12:01:47","guid":{"rendered":"https:\/\/dobrezrodla.com\/?p=12125"},"modified":"2025-12-16T12:01:48","modified_gmt":"2025-12-16T12:01:48","slug":"zbigniew-ziobro-stracil-paszport-wojewoda-uniewaznil-dokument-na-wniosek-prokuratury","status":"publish","type":"post","link":"https:\/\/dobrezrodla.com\/?p=12125","title":{"rendered":"Zbigniew Ziobro straci\u0142 paszport. Wojewoda uniewa\u017cni\u0142 dokument na wniosek prokuratury"},"content":{"rendered":"\n<p>By\u0142y minister sprawiedliwo\u015bci i prokurator generalny Zbigniew Ziobro zosta\u0142 oficjalnie pozbawiony paszportu. Decyzj\u0119 o uniewa\u017cnieniu dokumentu wyda\u0142 wojewoda mazowiecki na wniosek Prokuratury Krajowej. To kolejny krok w tocz\u0105cym si\u0119 post\u0119powaniu dotycz\u0105cym afery Funduszu Sprawiedliwo\u015bci.<\/p>\n\n\n\n<p>Formalne dzia\u0142ania wobec polityka nabra\u0142y tempa po tym, jak Sejm 7 listopada uchyli\u0142 jego immunitet w zwi\u0105zku z 26 planowanymi zarzutami. Sprawa dotyczy m.in. ustawiania konkurs\u00f3w na wielomilionowe dotacje i nieprawid\u0142owo\u015bci finansowych. Wniosek o tymczasowy areszt z\u0142o\u017cono do s\u0105du, a jego rozpatrzenie zaplanowano na 22 grudnia.<\/p>\n\n\n\n<p>Decyzj\u0119 o odebraniu paszportu skomentowa\u0142 szef MSWiA Marcin Kierwi\u0144ski:<\/p>\n\n\n\n<p>\u2013 Nikt nie ucieknie przed odpowiedzialno\u015bci\u0105 \u2013 napisa\u0142 na platformie X.<\/p>\n\n\n\n<p>Ziobro nie posiada ju\u017c r\u00f3wnie\u017c paszportu dyplomatycznego \u2013 ten zosta\u0142 cofni\u0119ty wcze\u015bniej przez MSZ. W ten spos\u00f3b polityk straci\u0142 mo\u017cliwo\u015b\u0107 legalnego opuszczenia kraju, co ma zapobiec ewentualnej ucieczce poza granice Unii Europejskiej.<\/p>\n\n\n\n<p>Jego obecne miejsce pobytu nie jest do ko\u0144ca znane. Ostatnio widziany by\u0142 w Brukseli i Budapeszcie, co wywo\u0142a\u0142o fal\u0119 spekulacji o mo\u017cliwym wniosku o azyl polityczny. Sam Ziobro nie skomentowa\u0142 jeszcze, czy planuje powr\u00f3t do Polski przed rozpraw\u0105.<\/p>\n\n\n\n<p>S\u0142u\u017cby nie pozostawiaj\u0105 w\u0105tpliwo\u015bci \u2013 dzia\u0142ania maj\u0105 na celu zabezpieczenie obecno\u015bci podejrzanego w kraju w kluczowym momencie post\u0119powania.<\/p>\n","protected":false},"excerpt":{"rendered":"<p>By\u0142y minister sprawiedliwo\u015bci i prokurator generalny Zbigniew Ziobro zosta\u0142 oficjalnie pozbawiony paszportu. Decyzj\u0119 o uniewa\u017cnieniu dokumentu wyda\u0142 wojewoda mazowiecki na wniosek Prokuratury Krajowej. To kolejny krok w tocz\u0105cym si\u0119 post\u0119powaniu dotycz\u0105cym afery Funduszu Sprawiedliwo\u015bci. Formalne dzia\u0142ania wobec polityka nabra\u0142y tempa po tym, jak Sejm 7 listopada uchyli\u0142 jego immunitet w zwi\u0105zku z 26 planowanymi zarzutami. &#8230; <a title=\"Zbigniew Ziobro straci\u0142 paszport. Wojewoda uniewa\u017cni\u0142 dokument na wniosek prokuratury\" class=\"read-more\" href=\"https:\/\/dobrezrodla.com\/?p=12125\" aria-label=\"Read more about Zbigniew Ziobro straci\u0142 paszport. Wojewoda uniewa\u017cni\u0142 dokument na wniosek prokuratury\">Read more<\/a><\/p>\n","protected":false},"author":1,"featured_media":0,"comment_status":"open","ping_status":"open","sticky":false,"template":"","format":"standard","meta":{"footnotes":""},"categories":[1],"tags":[],"class_list":["post-12125","post","type-post","status-publish","format-standard","hentry","category-uncategorized"],"_links":{"self":[{"href":"https:\/\/dobrezrodla.com\/index.php?rest_route=\/wp\/v2\/posts\/12125","targetHints":{"allow":["GET"]}}],"collection":[{"href":"https:\/\/dobrezrodla.com\/index.php?rest_route=\/wp\/v2\/posts"}],"about":[{"href":"https:\/\/dobrezrodla.com\/index.php?rest_route=\/wp\/v2\/types\/post"}],"author":[{"embeddable":true,"href":"https:\/\/dobrezrodla.com\/index.php?rest_route=\/wp\/v2\/users\/1"}],"replies":[{"embeddable":true,"href":"https:\/\/dobrezrodla.com\/index.php?rest_route=%2Fwp%2Fv2%2Fcomments&post=12125"}],"version-history":[{"count":1,"href":"https:\/\/dobrezrodla.com\/index.php?rest_route=\/wp\/v2\/posts\/12125\/revisions"}],"predecessor-version":[{"id":12126,"href":"https:\/\/dobrezrodla.com\/index.php?rest_route=\/wp\/v2\/posts\/12125\/revisions\/12126"}],"wp:attachment":[{"href":"https:\/\/dobrezrodla.com\/index.php?rest_route=%2Fwp%2Fv2%2Fmedia&parent=12125"}],"wp:term":[{"taxonomy":"category","embeddable":true,"href":"https:\/\/dobrezrodla.com\/index.php?rest_route=%2Fwp%2Fv2%2Fcategories&post=12125"},{"taxonomy":"post_tag","embeddable":true,"href":"https:\/\/dobrezrodla.com\/index.php?rest_route=%2Fwp%2Fv2%2Ftags&post=12125"}],"curies":[{"name":"wp","href":"https:\/\/api.w.org\/{rel}","templated":true}]}}