{"id":12133,"date":"2025-12-16T12:08:23","date_gmt":"2025-12-16T12:08:23","guid":{"rendered":"https:\/\/dobrezrodla.com\/?p=12133"},"modified":"2025-12-16T12:08:23","modified_gmt":"2025-12-16T12:08:23","slug":"rozmowy-pokojowe-ws-ukrainy-trump-wydal-komunikat-po-rozmowie-z-europejskimi-liderami","status":"publish","type":"post","link":"https:\/\/dobrezrodla.com\/?p=12133","title":{"rendered":"Rozmowy pokojowe ws. Ukrainy. Trump wyda\u0142 komunikat po rozmowie z europejskimi liderami"},"content":{"rendered":"\n<p>Po serii intensywnych rozm\u00f3w dyplomatycznych pojawi\u0142y si\u0119 sygna\u0142y, kt\u00f3re mog\u0105 zmieni\u0107 bieg wojny w Ukrainie. W centrum wydarze\u0144 znale\u017ali si\u0119&#8230;<\/p>\n\n\n\n<p>Po serii intensywnych rozm\u00f3w dyplomatycznych pojawi\u0142y si\u0119 sygna\u0142y, kt\u00f3re mog\u0105 zmieni\u0107 bieg wojny w Ukrainie. W centrum wydarze\u0144 znale\u017ali si\u0119 przyw\u00f3dcy Stan\u00f3w Zjednoczonych, Ukrainy oraz kluczowych pa\u0144stw europejskich. Padaj\u0105 mocne deklaracje i s\u0142owa, kt\u00f3re wcze\u015bniej nie brzmia\u0142y tak jednoznacznie. To mo\u017ce by\u0107 moment prze\u0142omowy, cho\u0107 wci\u0105\u017c wiele pozostaje niewiadom\u0105.<\/p>\n\n\n\n<h2 class=\"wp-block-heading\">Rozmowy USA z Europ\u0105 o wojnie w Ukrainie nabieraj\u0105 tempa<\/h2>\n\n\n\n<p><strong>Prezydent Stan\u00f3w Zjednoczonych Donald Trump poinformowa\u0142 o zako\u0144czeniu rozmowy telefonicznej&nbsp;<\/strong>z europejskimi przyw\u00f3dcami oraz prezydentem Ukrainy Wo\u0142odymyrem Ze\u0142enskim. Jak przekaza\u0142, rozmowa mia\u0142a&nbsp;<strong>pozytywny przebieg<\/strong>&nbsp;i dotyczy\u0142a przede wszystkim mo\u017cliwo\u015bci zako\u0144czenia wojny.&nbsp;<\/p>\n\n\n\n<p>Trump oceni\u0142 j\u0105 jako konstruktywn\u0105, podkre\u015blaj\u0105c, \u017ce dialog by\u0142 d\u0142ugi i szczeg\u00f3\u0142owy. W jego ocenie<strong>&nbsp;kierunek rozm\u00f3w<\/strong>&nbsp;jest w\u0142a\u015bciwy i daje podstawy do ostro\u017cnego optymizmu. Ameryka\u0144ski przyw\u00f3dca zaznaczy\u0142, \u017ce w konsultacjach uczestniczyli tak\u017ce liderzy innych pa\u0144stw europejskich, w tym Polski. Jednocze\u015bnie przypomnia\u0142, \u017ce Stany Zjednoczone wcze\u015bniej wielokrotnie prowadzi\u0142y rozmowy r\u00f3wnie\u017c z prezydentem Rosji W\u0142adimirem Putinem.&nbsp;<\/p>\n\n\n\n<p>Ca\u0142o\u015b\u0107 kontakt\u00f3w dyplomatycznych ma tworzy\u0107 sp\u00f3jny proces, kt\u00f3ry \u2013 wed\u0142ug Waszyngtonu \u2013 przybli\u017ca strony do zako\u0144czenia konfliktu. S\u0142owa Trumpa wpisuj\u0105 si\u0119 w szerszy kontekst nasilonych dzia\u0142a\u0144 dyplomatycznych ostatnich dni.<\/p>\n\n\n\n<h2 class=\"wp-block-heading\">Spotkanie w Berlinie i rola europejskich lider\u00f3w<\/h2>\n\n\n\n<p>Komentarz prezydenta USA pojawi\u0142 si\u0119 po rozmowie z przyw\u00f3dcami zgromadzonymi w Berlinie, gdzie przez dwa dni trwa\u0142y negocjacje przedstawicieli Stan\u00f3w Zjednoczonych i Ukrainy. W niemieckiej stolicy omawiano kluczowe kwestie dotycz\u0105ce&nbsp;<strong>przysz\u0142o\u015bci Ukrainy<\/strong>&nbsp;oraz bezpiecze\u0144stwa regionu.&nbsp;<\/p>\n\n\n\n<p>Polsk\u0119 podczas tych rozm\u00f3w reprezentowa\u0142&nbsp;<strong>premier Donald Tusk<\/strong>, uczestnicz\u0105c w ustaleniach razem z innymi europejskimi liderami. Wed\u0142ug przekazanych informacji, pa\u0144stwa europejskie zgodzi\u0142y si\u0119 na przyj\u0119cie konkretnych zobowi\u0105za\u0144 wobec Ukrainy. Dotyczy\u0142y one m.in. kwestii liczebno\u015bci ukrai\u0144skiej armii oraz dalszej drogi tego kraju w kierunku cz\u0142onkostwa w Unii Europejskiej.&nbsp;<\/p>\n\n\n\n<p><strong>Spotkanie w Berlinie mia\u0142o charakter koordynacyjny i by\u0142o elementem szerszych dzia\u0142a\u0144 prowadzonych r\u00f3wnolegle z rozmowami na linii Waszyngton\u2013Kij\u00f3w<\/strong>. Europejscy przyw\u00f3dcy podkre\u015blali potrzeb\u0119 wsp\u00f3lnego stanowiska i dalszego zaanga\u017cowania w proces polityczny. To w\u0142a\u015bnie te ustalenia sta\u0142y si\u0119 t\u0142em dla p\u00f3\u017aniejszych wypowiedzi ameryka\u0144skiego prezydenta.<\/p>\n\n\n\n<h2 class=\"wp-block-heading\">Donald Trump: perspektywa pokoju bli\u017csza ni\u017c wcze\u015bniej<\/h2>\n\n\n\n<p>Najmocniejsze s\u0142owa pad\u0142y w&nbsp;<strong>bezpo\u015brednim komentarzu Donalda Trumpa&nbsp;<\/strong>dotycz\u0105cym aktualnego etapu rozm\u00f3w. Prezydent USA, cytowany przez agencj\u0119 Reutera, powiedzia\u0142:&nbsp;<\/p>\n\n\n\n<blockquote class=\"wp-block-quote is-layout-flow wp-block-quote-is-layout-flow\">\n<p><strong>\u2013 Przeprowadzili\u015bmy d\u0142ug\u0105 dyskusj\u0119, ale wygl\u0105da na to, \u017ce wszystko zmierza we w\u0142a\u015bciwym kierunku.&nbsp;<\/strong><\/p>\n<\/blockquote>\n\n\n\n<p>Podkre\u015bli\u0142 r\u00f3wnie\u017c znaczenie europejskiego zaanga\u017cowania, m\u00f3wi\u0105c:&nbsp;<\/p>\n\n\n\n<blockquote class=\"wp-block-quote is-layout-flow wp-block-quote-is-layout-flow\">\n<p><strong>\u2013 Mamy ogromne wsparcie od europejskich przyw\u00f3dc\u00f3w. Chc\u0105 to zako\u0144czy\u0107.&nbsp;<\/strong><\/p>\n<\/blockquote>\n\n\n\n<p>Trump zaznaczy\u0142 tak\u017ce, \u017ce po rozmowach z Wo\u0142odymyrem Ze\u0142enskim i liderami pa\u0144stw Unii Europejskiej perspektywa zako\u0144czenia wojny jest wyj\u0105tkowo realna. Jak stwierdzi\u0142:<\/p>\n\n\n\n<blockquote class=\"wp-block-quote is-layout-flow wp-block-quote-is-layout-flow\">\n<p><strong>\u2013 jeste\u015bmy bli\u017cej pokoju ni\u017c kiedykolwiek wcze\u015bniej.&nbsp;<\/strong><\/p>\n<\/blockquote>\n\n\n\n<p>Te deklaracje pokazuj\u0105, \u017ce obecny etap dyplomacji r\u00f3\u017cni si\u0119 od wcze\u015bniejszych pr\u00f3b porozumienia. Wypowiedzi ameryka\u0144skiego prezydenta sugeruj\u0105, \u017ce&nbsp;<strong>skoordynowane dzia\u0142ania USA i Europy<\/strong>&nbsp;mog\u0105 odegra\u0107 kluczow\u0105 rol\u0119 w dalszym przebiegu rozm\u00f3w dotycz\u0105cych przysz\u0142o\u015bci Ukrainy.<\/p>\n","protected":false},"excerpt":{"rendered":"<p>Po serii intensywnych rozm\u00f3w dyplomatycznych pojawi\u0142y si\u0119 sygna\u0142y, kt\u00f3re mog\u0105 zmieni\u0107 bieg wojny w Ukrainie. W centrum wydarze\u0144 znale\u017ali si\u0119&#8230; Po serii intensywnych rozm\u00f3w dyplomatycznych pojawi\u0142y si\u0119 sygna\u0142y, kt\u00f3re mog\u0105 zmieni\u0107 bieg wojny w Ukrainie. W centrum wydarze\u0144 znale\u017ali si\u0119 przyw\u00f3dcy Stan\u00f3w Zjednoczonych, Ukrainy oraz kluczowych pa\u0144stw europejskich. Padaj\u0105 mocne deklaracje i s\u0142owa, kt\u00f3re wcze\u015bniej &#8230; <a title=\"Rozmowy pokojowe ws. Ukrainy. Trump wyda\u0142 komunikat po rozmowie z europejskimi liderami\" class=\"read-more\" href=\"https:\/\/dobrezrodla.com\/?p=12133\" aria-label=\"Read more about Rozmowy pokojowe ws. Ukrainy. Trump wyda\u0142 komunikat po rozmowie z europejskimi liderami\">Read more<\/a><\/p>\n","protected":false},"author":1,"featured_media":0,"comment_status":"open","ping_status":"open","sticky":false,"template":"","format":"standard","meta":{"footnotes":""},"categories":[1],"tags":[],"class_list":["post-12133","post","type-post","status-publish","format-standard","hentry","category-uncategorized"],"_links":{"self":[{"href":"https:\/\/dobrezrodla.com\/index.php?rest_route=\/wp\/v2\/posts\/12133","targetHints":{"allow":["GET"]}}],"collection":[{"href":"https:\/\/dobrezrodla.com\/index.php?rest_route=\/wp\/v2\/posts"}],"about":[{"href":"https:\/\/dobrezrodla.com\/index.php?rest_route=\/wp\/v2\/types\/post"}],"author":[{"embeddable":true,"href":"https:\/\/dobrezrodla.com\/index.php?rest_route=\/wp\/v2\/users\/1"}],"replies":[{"embeddable":true,"href":"https:\/\/dobrezrodla.com\/index.php?rest_route=%2Fwp%2Fv2%2Fcomments&post=12133"}],"version-history":[{"count":1,"href":"https:\/\/dobrezrodla.com\/index.php?rest_route=\/wp\/v2\/posts\/12133\/revisions"}],"predecessor-version":[{"id":12134,"href":"https:\/\/dobrezrodla.com\/index.php?rest_route=\/wp\/v2\/posts\/12133\/revisions\/12134"}],"wp:attachment":[{"href":"https:\/\/dobrezrodla.com\/index.php?rest_route=%2Fwp%2Fv2%2Fmedia&parent=12133"}],"wp:term":[{"taxonomy":"category","embeddable":true,"href":"https:\/\/dobrezrodla.com\/index.php?rest_route=%2Fwp%2Fv2%2Fcategories&post=12133"},{"taxonomy":"post_tag","embeddable":true,"href":"https:\/\/dobrezrodla.com\/index.php?rest_route=%2Fwp%2Fv2%2Ftags&post=12133"}],"curies":[{"name":"wp","href":"https:\/\/api.w.org\/{rel}","templated":true}]}}