{"id":12172,"date":"2025-12-16T18:47:49","date_gmt":"2025-12-16T18:47:49","guid":{"rendered":"https:\/\/dobrezrodla.com\/?p=12172"},"modified":"2025-12-16T18:47:49","modified_gmt":"2025-12-16T18:47:49","slug":"zabjstwo-11-latki-w-jeleniej-gorze-jest-komunikat-men-musimy-podjac-dzialania","status":"publish","type":"post","link":"https:\/\/dobrezrodla.com\/?p=12172","title":{"rendered":"Zab*jstwo 11-latki w Jeleniej G\u00f3rze. Jest komunikat MEN: &#8220;musimy podj\u0105\u0107 dzia\u0142ania&#8221;"},"content":{"rendered":"\n<p>Po tragedii w Jeleniej G\u00f3rze, gdzie zgin\u0119\u0142a 11-letnia dziewczynka, a o zwi\u0105zek ze spraw\u0105 podejrzewana jest 12-latka, g\u0142os zabra\u0142a ministra edukacji Barbara Nowacka. Polityczka zapowiedzia\u0142a potrzeb\u0119 pilnych i systemowych zmian w zakresie bezpiecze\u0144stwa w szko\u0142ach.<\/p>\n\n\n\n<ul class=\"wp-block-list\">\n<li>Zab\u00f3jstwo 11-latki w Jeleniej G\u00f3rze. Nowe informacje ze \u015bledztwa<\/li>\n\n\n\n<li>Przyjazd s\u0142u\u017cb i pr\u00f3ba reanimacji. Dziewczynki nie uda\u0142o si\u0119 uratowa\u0107<\/li>\n\n\n\n<li>Ministra edukacji reaguje. Apel o systemowe zmiany w szko\u0142ach<\/li>\n<\/ul>\n\n\n\n<h2 class=\"wp-block-heading\">Zab\u00f3jstwo 11-latki w Jeleniej G\u00f3rze. Nowe informacje ze \u015bledztwa<\/h2>\n\n\n\n<p>Do dramatycznych wydarze\u0144 dosz\u0142o w Jeleniej G\u00f3rze, gdzie w pobli\u017cu szko\u0142y podstawowej odnaleziono cia\u0142o 11-letniej dziewczynki. Jak potwierdzi\u0142a prokuratura, dziecko zosta\u0142o zaatakowane ostrym narz\u0119dziem. Na miejscu zabezpieczono n\u00f3\u017c, kt\u00f3ry najprawdopodobniej pos\u0142u\u017cy\u0142 do pope\u0142nienia zbrodni.<\/p>\n\n\n\n<p>W zwi\u0105zku ze spraw\u0105 zatrzymano 12-letni\u0105 uczennic\u0119 tej samej szko\u0142y. Dziewczynki zna\u0142y si\u0119 jedynie z widzenia i nie utrzymywa\u0142y bli\u017cszych relacji. Motywy dzia\u0142ania podejrzewanej nie s\u0105 na razie znane. Sprawa, ze wzgl\u0119du na wiek zatrzymanej, trafi\u0142a do s\u0105du rodzinnego, kt\u00f3ry zdecyduje o dalszym post\u0119powaniu.<\/p>\n\n\n\n<p>\u015aledczy zabezpieczyli \u015blady i dowody, a tak\u017ce przeprowadzili ogl\u0119dziny miejsca zdarzenia. Trwa ustalanie wszystkich okoliczno\u015bci tragedii.<\/p>\n","protected":false},"excerpt":{"rendered":"<p>Po tragedii w Jeleniej G\u00f3rze, gdzie zgin\u0119\u0142a 11-letnia dziewczynka, a o zwi\u0105zek ze spraw\u0105 podejrzewana jest 12-latka, g\u0142os zabra\u0142a ministra edukacji Barbara Nowacka. Polityczka zapowiedzia\u0142a potrzeb\u0119 pilnych i systemowych zmian w zakresie bezpiecze\u0144stwa w szko\u0142ach. Zab\u00f3jstwo 11-latki w Jeleniej G\u00f3rze. Nowe informacje ze \u015bledztwa Do dramatycznych wydarze\u0144 dosz\u0142o w Jeleniej G\u00f3rze, gdzie w pobli\u017cu szko\u0142y &#8230; <a title=\"Zab*jstwo 11-latki w Jeleniej G\u00f3rze. Jest komunikat MEN: &#8220;musimy podj\u0105\u0107 dzia\u0142ania&#8221;\" class=\"read-more\" href=\"https:\/\/dobrezrodla.com\/?p=12172\" aria-label=\"Read more about Zab*jstwo 11-latki w Jeleniej G\u00f3rze. Jest komunikat MEN: &#8220;musimy podj\u0105\u0107 dzia\u0142ania&#8221;\">Read more<\/a><\/p>\n","protected":false},"author":1,"featured_media":0,"comment_status":"open","ping_status":"open","sticky":false,"template":"","format":"standard","meta":{"footnotes":""},"categories":[1],"tags":[],"class_list":["post-12172","post","type-post","status-publish","format-standard","hentry","category-uncategorized"],"_links":{"self":[{"href":"https:\/\/dobrezrodla.com\/index.php?rest_route=\/wp\/v2\/posts\/12172","targetHints":{"allow":["GET"]}}],"collection":[{"href":"https:\/\/dobrezrodla.com\/index.php?rest_route=\/wp\/v2\/posts"}],"about":[{"href":"https:\/\/dobrezrodla.com\/index.php?rest_route=\/wp\/v2\/types\/post"}],"author":[{"embeddable":true,"href":"https:\/\/dobrezrodla.com\/index.php?rest_route=\/wp\/v2\/users\/1"}],"replies":[{"embeddable":true,"href":"https:\/\/dobrezrodla.com\/index.php?rest_route=%2Fwp%2Fv2%2Fcomments&post=12172"}],"version-history":[{"count":1,"href":"https:\/\/dobrezrodla.com\/index.php?rest_route=\/wp\/v2\/posts\/12172\/revisions"}],"predecessor-version":[{"id":12174,"href":"https:\/\/dobrezrodla.com\/index.php?rest_route=\/wp\/v2\/posts\/12172\/revisions\/12174"}],"wp:attachment":[{"href":"https:\/\/dobrezrodla.com\/index.php?rest_route=%2Fwp%2Fv2%2Fmedia&parent=12172"}],"wp:term":[{"taxonomy":"category","embeddable":true,"href":"https:\/\/dobrezrodla.com\/index.php?rest_route=%2Fwp%2Fv2%2Fcategories&post=12172"},{"taxonomy":"post_tag","embeddable":true,"href":"https:\/\/dobrezrodla.com\/index.php?rest_route=%2Fwp%2Fv2%2Ftags&post=12172"}],"curies":[{"name":"wp","href":"https:\/\/api.w.org\/{rel}","templated":true}]}}