{"id":12173,"date":"2025-12-16T18:47:50","date_gmt":"2025-12-16T18:47:50","guid":{"rendered":"https:\/\/dobrezrodla.com\/?p=12173"},"modified":"2025-12-16T18:47:50","modified_gmt":"2025-12-16T18:47:50","slug":"dziennikarze-tvn-turbo-przed-sadem-zapadl-wyrok-w-glosnej-sprawie","status":"publish","type":"post","link":"https:\/\/dobrezrodla.com\/?p=12173","title":{"rendered":"Dziennikarze TVN Turbo przed s\u0105dem. Zapad\u0142 wyrok w g\u0142o\u015bnej sprawie"},"content":{"rendered":"\n<p>Adam Kornacki i Patryk Mikiciuk, znani z motoryzacyjnego kana\u0142u TVN Turbo, stan\u0119li przed s\u0105dem w zwi\u0105zku z kontrowersjami, jakie naros\u0142y wok\u00f3\u0142 ich dzia\u0142a\u0144 dziennikarskich. Sprawa wzbudzi\u0142a du\u017ce zainteresowanie w mediach, poniewa\u017c dotyczy\u0142a granic odpowiedzialno\u015bci dziennikarskiej oraz etyki zawodowej.<\/p>\n\n\n\n<p>Cho\u0107 szczeg\u00f3\u0142y zarzut\u00f3w nie zosta\u0142y szeroko upublicznione, proces wywo\u0142a\u0142 fal\u0119 komentarzy i spekulacji. W ko\u0144cu s\u0105d wyda\u0142 wyrok, kt\u00f3ry mo\u017ce mie\u0107 wp\u0142yw nie tylko na dalsze losy obu dziennikarzy, ale te\u017c na spos\u00f3b, w jaki media b\u0119d\u0105 podchodzi\u0107 do podobnych materia\u0142\u00f3w w przysz\u0142o\u015bci.<\/p>\n\n\n\n<p>Wyrok ten ko\u0144czy wielomiesi\u0119czne dochodzenie, a jego uzasadnienie wskazuje na konieczno\u015b\u0107 wi\u0119kszej ostro\u017cno\u015bci i odpowiedzialno\u015bci w realizowaniu materia\u0142\u00f3w dziennikarskich, zw\u0142aszcza gdy dotycz\u0105 one wra\u017cliwych temat\u00f3w lub mog\u0105 wp\u0142ywa\u0107 na postrzeganie os\u00f3b i instytucji.<\/p>\n","protected":false},"excerpt":{"rendered":"<p>Adam Kornacki i Patryk Mikiciuk, znani z motoryzacyjnego kana\u0142u TVN Turbo, stan\u0119li przed s\u0105dem w zwi\u0105zku z kontrowersjami, jakie naros\u0142y wok\u00f3\u0142 ich dzia\u0142a\u0144 dziennikarskich. Sprawa wzbudzi\u0142a du\u017ce zainteresowanie w mediach, poniewa\u017c dotyczy\u0142a granic odpowiedzialno\u015bci dziennikarskiej oraz etyki zawodowej. Cho\u0107 szczeg\u00f3\u0142y zarzut\u00f3w nie zosta\u0142y szeroko upublicznione, proces wywo\u0142a\u0142 fal\u0119 komentarzy i spekulacji. W ko\u0144cu s\u0105d wyda\u0142 &#8230; <a title=\"Dziennikarze TVN Turbo przed s\u0105dem. Zapad\u0142 wyrok w g\u0142o\u015bnej sprawie\" class=\"read-more\" href=\"https:\/\/dobrezrodla.com\/?p=12173\" aria-label=\"Read more about Dziennikarze TVN Turbo przed s\u0105dem. Zapad\u0142 wyrok w g\u0142o\u015bnej sprawie\">Read more<\/a><\/p>\n","protected":false},"author":1,"featured_media":0,"comment_status":"open","ping_status":"open","sticky":false,"template":"","format":"standard","meta":{"footnotes":""},"categories":[1],"tags":[],"class_list":["post-12173","post","type-post","status-publish","format-standard","hentry","category-uncategorized"],"_links":{"self":[{"href":"https:\/\/dobrezrodla.com\/index.php?rest_route=\/wp\/v2\/posts\/12173","targetHints":{"allow":["GET"]}}],"collection":[{"href":"https:\/\/dobrezrodla.com\/index.php?rest_route=\/wp\/v2\/posts"}],"about":[{"href":"https:\/\/dobrezrodla.com\/index.php?rest_route=\/wp\/v2\/types\/post"}],"author":[{"embeddable":true,"href":"https:\/\/dobrezrodla.com\/index.php?rest_route=\/wp\/v2\/users\/1"}],"replies":[{"embeddable":true,"href":"https:\/\/dobrezrodla.com\/index.php?rest_route=%2Fwp%2Fv2%2Fcomments&post=12173"}],"version-history":[{"count":1,"href":"https:\/\/dobrezrodla.com\/index.php?rest_route=\/wp\/v2\/posts\/12173\/revisions"}],"predecessor-version":[{"id":12175,"href":"https:\/\/dobrezrodla.com\/index.php?rest_route=\/wp\/v2\/posts\/12173\/revisions\/12175"}],"wp:attachment":[{"href":"https:\/\/dobrezrodla.com\/index.php?rest_route=%2Fwp%2Fv2%2Fmedia&parent=12173"}],"wp:term":[{"taxonomy":"category","embeddable":true,"href":"https:\/\/dobrezrodla.com\/index.php?rest_route=%2Fwp%2Fv2%2Fcategories&post=12173"},{"taxonomy":"post_tag","embeddable":true,"href":"https:\/\/dobrezrodla.com\/index.php?rest_route=%2Fwp%2Fv2%2Ftags&post=12173"}],"curies":[{"name":"wp","href":"https:\/\/api.w.org\/{rel}","templated":true}]}}