{"id":12178,"date":"2025-12-16T18:49:48","date_gmt":"2025-12-16T18:49:48","guid":{"rendered":"https:\/\/dobrezrodla.com\/?p=12178"},"modified":"2025-12-16T18:49:48","modified_gmt":"2025-12-16T18:49:48","slug":"zatrzymana-12-latka-zostanie-przesluchana-sedzia-ujawnia-szczegoly","status":"publish","type":"post","link":"https:\/\/dobrezrodla.com\/?p=12178","title":{"rendered":"Zatrzymana 12-latka zostanie przes\u0142uchana. S\u0119dzia ujawnia szczeg\u00f3\u0142y"},"content":{"rendered":"\n<p>Wstrz\u0105saj\u0105ce sceny rozegra\u0142y si\u0119 w poniedzia\u0142kowe popo\u0142udnie w Jeleniej G\u00f3rze. W pobli\u017cu jednej ze szk\u00f3\u0142 podstawowych znaleziono cia\u0142o 11-letniej dziewczynki. W zwi\u0105zku ze spraw\u0105 zatrzymano 12-latk\u0119. O dalszym losie nieletniej zadecyduje s\u0105d rodzinny.<\/p>\n\n\n\n<p>Tragiczne odkrycie w Jeleniej G\u00f3rze,<\/p>\n\n\n\n<p><br>Zatrzymanie 12-letniej sprawczyni,<br>Post\u0119powanie przed s\u0105dem rodzinnym.<\/p>\n\n\n\n<p><br>Zatrzymanie 12-letniej uczennicy<br>Do dramatycznego zdarzenia dosz\u0142o w poniedzia\u0142ek, 15 grudnia, w okolicach ulicy Wyspia\u0144skiego w Jeleniej G\u00f3rze. Cia\u0142o dziewczynki znaleziono nieopodal Szko\u0142y Podstawowej nr 10. Ofiara posiada\u0142a obra\u017cenia zadane ostrym narz\u0119dziem. Nied\u0142ugo po odnalezieniu cia\u0142a, policja zatrzyma\u0142a osob\u0119 podejrzewan\u0105 o ten czyn. <\/p>\n\n\n\n<p>Okaza\u0142a si\u0119 ni\u0105 12-letnia dziewczynka, uczennica tej samej szko\u0142y. Funkcjonariusze zabezpieczyli r\u00f3wnie\u017c n\u00f3\u017c, kt\u00f3ry najprawdopodobniej pos\u0142u\u017cy\u0142 do pope\u0142nienia zbrodni.<\/p>\n\n\n\n<p>Z pierwszych ustale\u0144 wynika, \u017ce dziewczynki zna\u0142y si\u0119 ze szko\u0142y, jednak ich relacja by\u0142a lu\u017ana \u2013 zna\u0142y si\u0119 jedynie z widzenia i nie nale\u017ca\u0142y do kr\u0119gu bliskich przyjaci\u00f3\u0142ek. Na ten moment motywy dzia\u0142ania 12-latki pozostaj\u0105 nieznane.<\/p>\n\n\n\n<p><\/p>\n","protected":false},"excerpt":{"rendered":"<p>Wstrz\u0105saj\u0105ce sceny rozegra\u0142y si\u0119 w poniedzia\u0142kowe popo\u0142udnie w Jeleniej G\u00f3rze. W pobli\u017cu jednej ze szk\u00f3\u0142 podstawowych znaleziono cia\u0142o 11-letniej dziewczynki. W zwi\u0105zku ze spraw\u0105 zatrzymano 12-latk\u0119. O dalszym losie nieletniej zadecyduje s\u0105d rodzinny. Tragiczne odkrycie w Jeleniej G\u00f3rze, Zatrzymanie 12-letniej sprawczyni,Post\u0119powanie przed s\u0105dem rodzinnym. Zatrzymanie 12-letniej uczennicyDo dramatycznego zdarzenia dosz\u0142o w poniedzia\u0142ek, 15 grudnia, w &#8230; <a title=\"Zatrzymana 12-latka zostanie przes\u0142uchana. S\u0119dzia ujawnia szczeg\u00f3\u0142y\" class=\"read-more\" href=\"https:\/\/dobrezrodla.com\/?p=12178\" aria-label=\"Read more about Zatrzymana 12-latka zostanie przes\u0142uchana. S\u0119dzia ujawnia szczeg\u00f3\u0142y\">Read more<\/a><\/p>\n","protected":false},"author":1,"featured_media":0,"comment_status":"open","ping_status":"open","sticky":false,"template":"","format":"standard","meta":{"footnotes":""},"categories":[1],"tags":[],"class_list":["post-12178","post","type-post","status-publish","format-standard","hentry","category-uncategorized"],"_links":{"self":[{"href":"https:\/\/dobrezrodla.com\/index.php?rest_route=\/wp\/v2\/posts\/12178","targetHints":{"allow":["GET"]}}],"collection":[{"href":"https:\/\/dobrezrodla.com\/index.php?rest_route=\/wp\/v2\/posts"}],"about":[{"href":"https:\/\/dobrezrodla.com\/index.php?rest_route=\/wp\/v2\/types\/post"}],"author":[{"embeddable":true,"href":"https:\/\/dobrezrodla.com\/index.php?rest_route=\/wp\/v2\/users\/1"}],"replies":[{"embeddable":true,"href":"https:\/\/dobrezrodla.com\/index.php?rest_route=%2Fwp%2Fv2%2Fcomments&post=12178"}],"version-history":[{"count":1,"href":"https:\/\/dobrezrodla.com\/index.php?rest_route=\/wp\/v2\/posts\/12178\/revisions"}],"predecessor-version":[{"id":12181,"href":"https:\/\/dobrezrodla.com\/index.php?rest_route=\/wp\/v2\/posts\/12178\/revisions\/12181"}],"wp:attachment":[{"href":"https:\/\/dobrezrodla.com\/index.php?rest_route=%2Fwp%2Fv2%2Fmedia&parent=12178"}],"wp:term":[{"taxonomy":"category","embeddable":true,"href":"https:\/\/dobrezrodla.com\/index.php?rest_route=%2Fwp%2Fv2%2Fcategories&post=12178"},{"taxonomy":"post_tag","embeddable":true,"href":"https:\/\/dobrezrodla.com\/index.php?rest_route=%2Fwp%2Fv2%2Ftags&post=12178"}],"curies":[{"name":"wp","href":"https:\/\/api.w.org\/{rel}","templated":true}]}}