{"id":12186,"date":"2025-12-16T18:57:52","date_gmt":"2025-12-16T18:57:52","guid":{"rendered":"https:\/\/dobrezrodla.com\/?p=12186"},"modified":"2025-12-16T18:57:52","modified_gmt":"2025-12-16T18:57:52","slug":"wladze-miasta-podjely-decyzje-ws-smierci-11-letniej-uczennicy","status":"publish","type":"post","link":"https:\/\/dobrezrodla.com\/?p=12186","title":{"rendered":"W\u0142adze miasta podj\u0119\u0142y decyzj\u0119 ws. \u015bmierci 11-letniej uczennicy"},"content":{"rendered":"\n<p>Miasto Jelenia G\u00f3ra wyda\u0142o komunikat zwi\u0105zany z og\u0142oszeniem \u017ca\u0142oby po tragicznych wydarzeniach, w kt\u00f3rych \u015bmier\u0107 ponios\u0142a 11-letnia uczennica.<\/p>\n\n\n\n<p>W poniedzia\u0142ek kilkaset metr\u00f3w od szko\u0142y znaleziono cia\u0142o 11-letniej dziewczynki,<br>W sprawie zatrzymano 12-letni\u0105 uczennic\u0119 z tej samej szko\u0142y,<br>Dzie\u0144 pogrzebu ofiary zosta\u0142 ustanowiony dniem \u017ca\u0142oby ca\u0142ego miasta.<br>\u015amier\u0107 11-letniej uczennicy<\/p>\n\n\n\n<p><br>Jelenia G\u00f3ra prze\u017cywa ogromny wstrz\u0105s po tragicznych wydarzeniach, do kt\u00f3rych dosz\u0142o w poniedzia\u0142ek, 15 grudnia 2025 roku. Oko\u0142o godziny 14:50 na ulicy Wyspia\u0144skiego odnaleziono cia\u0142o 11-letniej dziewczynki. Informacja o \u015bmierci dziecka szybko obieg\u0142a miasto i wywo\u0142a\u0142a fal\u0119 niedowierzania oraz smutku w\u015br\u00f3d mieszka\u0144c\u00f3w.<\/p>\n\n\n\n<p>Ze wst\u0119pnych ustale\u0144 \u015bledczych wynika, \u017ce do \u015bmierci dziewczynki mog\u0142o doj\u015b\u0107 w wyniku dzia\u0142ania os\u00f3b trzecich. Policja niemal natychmiast rozpocz\u0119\u0142a intensywne czynno\u015bci procesowe, zabezpieczaj\u0105c miejsce zdarzenia i zbieraj\u0105c materia\u0142 dowodowy. Sprawa od pocz\u0105tku traktowana jest jako jedna z najpowa\u017cniejszych tragedii ostatnich lat w regionie.<\/p>\n\n\n\n<p>Zatrzymanie 12-latki<br>W zwi\u0105zku z t\u0105 spraw\u0105 zatrzymano 12-letni\u0105 uczennic\u0119 tej samej szko\u0142y. Dziewczynka zosta\u0142a zatrzymana przez policj\u0119, jednak s\u0142u\u017cby nie informuj\u0105, gdzie obecnie przebywa ani jakie dalsze decyzje zostan\u0105 wobec niej podj\u0119te. Jak podaje \u201eGazeta Wyborcza\u201d, narz\u0119dziem zbrodni mia\u0142 by\u0107 n\u00f3\u017c typu finka. Na ciele 11-latki ujawniono wiele \u015blad\u00f3w, natomiast szczeg\u00f3\u0142owe informacje dotycz\u0105ce obra\u017ce\u0144 ma przynie\u015b\u0107 dopiero sekcja zw\u0142ok.<\/p>\n\n\n\n<p>Obie dziewczynki ucz\u0119szcza\u0142y do Szko\u0142y Podstawowej nr 10 w Jeleniej G\u00f3rze. Jak ustalono, nie by\u0142y kole\u017cankami \u2013 mia\u0142y zna\u0107 si\u0119 jedynie z widzenia. Cia\u0142o dziecka znaleziono w rejonie ulic Wyspia\u0144skiego i S\u0142owackiego, oko\u0142o 200 metr\u00f3w od budynku szko\u0142y, co dodatkowo wstrz\u0105sn\u0119\u0142o spo\u0142eczno\u015bci\u0105 szkoln\u0105 i rodzicami uczni\u00f3w.<\/p>\n\n\n\n<p>Miasto Jelenia G\u00f3ra wyda\u0142o decyzj\u0119<br>W\u0142adze plac\u00f3wki, we wsp\u00f3\u0142pracy z miastem, natychmiast obj\u0119\u0142y pozosta\u0142ych uczni\u00f3w pomoc\u0105 psychologiczn\u0105. Do szko\u0142y skierowano specjalist\u00f3w, kt\u00f3rzy pomagaj\u0105 dzieciom i nauczycielom poradzi\u0107 sobie z traum\u0105 po tragicznych wydarzeniach. Dyrekcja podkre\u015bla, \u017ce priorytetem jest teraz bezpiecze\u0144stwo i wsparcie emocjonalne ca\u0142ej spo\u0142eczno\u015bci szkolnej.<\/p>\n\n\n\n<p>Miasto Jelenia G\u00f3ra opublikowa\u0142o w sieci oficjalny komunikat, w kt\u00f3rym poinformowano o og\u0142oszeniu \u017ca\u0142oby. Prezydent miasta zdecydowa\u0142, \u017ce dzie\u0144 pogrzebu 11-letniej uczennicy b\u0119dzie dniem \u017ca\u0142oby na terenie Jeleniej G\u00f3ry. Jednocze\u015bnie w\u0142adze zaapelowa\u0142y do organizator\u00f3w wydarze\u0144 rozrywkowych, kulturalnych i sportowych o zachowanie nale\u017cytej powagi oraz uszanowanie pami\u0119ci zmar\u0142ej dziewczynki.<\/p>\n","protected":false},"excerpt":{"rendered":"<p>Miasto Jelenia G\u00f3ra wyda\u0142o komunikat zwi\u0105zany z og\u0142oszeniem \u017ca\u0142oby po tragicznych wydarzeniach, w kt\u00f3rych \u015bmier\u0107 ponios\u0142a 11-letnia uczennica. W poniedzia\u0142ek kilkaset metr\u00f3w od szko\u0142y znaleziono cia\u0142o 11-letniej dziewczynki,W sprawie zatrzymano 12-letni\u0105 uczennic\u0119 z tej samej szko\u0142y,Dzie\u0144 pogrzebu ofiary zosta\u0142 ustanowiony dniem \u017ca\u0142oby ca\u0142ego miasta.\u015amier\u0107 11-letniej uczennicy Jelenia G\u00f3ra prze\u017cywa ogromny wstrz\u0105s po tragicznych wydarzeniach, do &#8230; <a title=\"W\u0142adze miasta podj\u0119\u0142y decyzj\u0119 ws. \u015bmierci 11-letniej uczennicy\" class=\"read-more\" href=\"https:\/\/dobrezrodla.com\/?p=12186\" aria-label=\"Read more about W\u0142adze miasta podj\u0119\u0142y decyzj\u0119 ws. \u015bmierci 11-letniej uczennicy\">Read more<\/a><\/p>\n","protected":false},"author":1,"featured_media":0,"comment_status":"open","ping_status":"open","sticky":false,"template":"","format":"standard","meta":{"footnotes":""},"categories":[1],"tags":[],"class_list":["post-12186","post","type-post","status-publish","format-standard","hentry","category-uncategorized"],"_links":{"self":[{"href":"https:\/\/dobrezrodla.com\/index.php?rest_route=\/wp\/v2\/posts\/12186","targetHints":{"allow":["GET"]}}],"collection":[{"href":"https:\/\/dobrezrodla.com\/index.php?rest_route=\/wp\/v2\/posts"}],"about":[{"href":"https:\/\/dobrezrodla.com\/index.php?rest_route=\/wp\/v2\/types\/post"}],"author":[{"embeddable":true,"href":"https:\/\/dobrezrodla.com\/index.php?rest_route=\/wp\/v2\/users\/1"}],"replies":[{"embeddable":true,"href":"https:\/\/dobrezrodla.com\/index.php?rest_route=%2Fwp%2Fv2%2Fcomments&post=12186"}],"version-history":[{"count":1,"href":"https:\/\/dobrezrodla.com\/index.php?rest_route=\/wp\/v2\/posts\/12186\/revisions"}],"predecessor-version":[{"id":12191,"href":"https:\/\/dobrezrodla.com\/index.php?rest_route=\/wp\/v2\/posts\/12186\/revisions\/12191"}],"wp:attachment":[{"href":"https:\/\/dobrezrodla.com\/index.php?rest_route=%2Fwp%2Fv2%2Fmedia&parent=12186"}],"wp:term":[{"taxonomy":"category","embeddable":true,"href":"https:\/\/dobrezrodla.com\/index.php?rest_route=%2Fwp%2Fv2%2Fcategories&post=12186"},{"taxonomy":"post_tag","embeddable":true,"href":"https:\/\/dobrezrodla.com\/index.php?rest_route=%2Fwp%2Fv2%2Ftags&post=12186"}],"curies":[{"name":"wp","href":"https:\/\/api.w.org\/{rel}","templated":true}]}}