{"id":12196,"date":"2025-12-16T19:02:36","date_gmt":"2025-12-16T19:02:36","guid":{"rendered":"https:\/\/dobrezrodla.com\/?p=12196"},"modified":"2025-12-16T19:02:36","modified_gmt":"2025-12-16T19:02:36","slug":"to-on-planowal-zamach-na-jarmarku-ujawniono-tozsamosc","status":"publish","type":"post","link":"https:\/\/dobrezrodla.com\/?p=12196","title":{"rendered":"To on planowa\u0142 zamach na jarmarku. Ujawniono to\u017csamo\u015b\u0107"},"content":{"rendered":"\n<p>Poznali\u015bmy to\u017csamo\u015b\u0107 osoby, kt\u00f3ra planowa\u0142a zamach na jarmark \u015bwi\u0105teczny w Polsce. Niewiarygodne, kim jest naprawd\u0119. Zatrzymany przez ABW m\u0119\u017cczyzna to posta\u0107, kt\u00f3rej profil kompletnie nie pasuje do stereotypowego wyobra\u017cenia o bezwzgl\u0119dnym terrory\u015bcie. Zamiast budowa\u0107 swoj\u0105 przysz\u0142o\u015b\u0107, po cichu szykowa\u0142 tragedi\u0119 dla wielu niewinnych ludzi. \u015aledczy ujawniaj\u0105 szokuj\u0105ce kulisy jego podw\u00f3jnego \u017cycia.<\/p>\n\n\n\n<p>B\u0142yskawiczna akcja i areszt<br>Funkcjonariusze Agencji Bezpiecze\u0144stwa Wewn\u0119trznego przeprowadzili skuteczn\u0105 akcj\u0119, w wyniku kt\u00f3rej zatrzymano Mateusza W., studenta Katolickiego Uniwersytetu Lubelskiego. M\u0119\u017cczyzna podejrzewany jest o planowanie zamachu terrorystycznego na masow\u0105 skal\u0119.<\/p>\n\n\n\n<p>W obliczu zgromadzonego materia\u0142u dowodowego s\u0105d przychyli\u0142 si\u0119 do wniosku prokuratury i zadecydowa\u0142 o trzymiesi\u0119cznym areszcie tymczasowym dla podejrzanego. Zatrzymanie to efekt intensywnych dzia\u0142a\u0144 operacyjnych, kt\u00f3re pozwoli\u0142y zidentyfikowa\u0107 i zneutralizowa\u0107 bezpo\u015brednie zagro\u017cenie dla bezpiecze\u0144stwa publicznego.<\/p>\n\n\n\n<p>Cel: Krwawy zamach na jarmarku<br>Wed\u0142ug ustale\u0144 \u015bledczych, celem ataku mia\u0142 sta\u0107 si\u0119 jeden z zat\u0142oczonych jarmark\u00f3w \u015bwi\u0105tecznych. Scenariusz zamachu zak\u0142ada\u0142 detonacj\u0119 materia\u0142\u00f3w wybuchowych w t\u0142umie, co mia\u0142o doprowadzi\u0107 do licznych ofiar \u015bmiertelnych oraz wybuchu paniki.<\/p>\n\n\n\n<p>Dzia\u0142aniami podejrzanego kierowa\u0142a radykalna ideologia \u2013 Mateusz W. chcia\u0142 w ten spos\u00f3b wyrazi\u0107 swoje poparcie dla tzw. Pa\u0144stwa Islamskiego, a jego celem by\u0142o zastraszenie spo\u0142ecze\u0144stwa poprzez uderzenie w przypadkowe osoby.<\/p>\n\n\n\n<p>Przygotowania i twarde dowody<br>Jak poinformowa\u0142 Jacek Dobrzy\u0144ski, rzecznik ministra koordynatora s\u0142u\u017cb specjalnych, student nie poprzesta\u0142 na planach. M\u0119\u017cczyzna aktywnie gromadzi\u0142 wiedz\u0119 niezb\u0119dn\u0105 do samodzielnego skonstruowania \u0142adunk\u00f3w wybuchowych i d\u0105\u017cy\u0142 do wst\u0105pienia w szeregi organizacji terrorystycznej, by uzyska\u0107 logistyczne wsparcie.<\/p>\n\n\n\n<p>Planowa\u0142 r\u00f3wnie\u017c wst\u0105pienie do organizacji terrorystycznej, aby uzyska\u0107 pomoc w zakresie realizacji zamierzonych dzia\u0142a\u0144. Celem przest\u0119pstwa by\u0142o zastraszenie wielu os\u00f3b, a tak\u017ce wsparcie Pa\u0144stwa Islamskiego &#8211; czytamy we wpisie Dobrzy\u0144skiego na X.<\/p>\n\n\n\n<p>Podczas przeszuka\u0144 funkcjonariusze zabezpieczyli obszerny materia\u0142 dowodowy, w tym elektronik\u0119 oraz przedmioty zwi\u0105zane z ekstremizmem religijnym, kt\u00f3re trafi\u0142y ju\u017c do bieg\u0142ych s\u0105dowych.<\/p>\n\n\n\n<p>Zagro\u017cenie zneutralizowane<br>\u015aledztwo, okre\u015blane przez s\u0142u\u017cby jako rozwojowe, prowadzi szczeci\u0144ska delegatura ABW pod nadzorem tamtejszego Zamiejscowego Wydzia\u0142u Prokuratury Krajowej. Rzecznik Dobrzy\u0144ski podkre\u015bla, \u017ce kluczowym sukcesem operacji by\u0142a szybko\u015b\u0107 reakcji s\u0142u\u017cb, kt\u00f3ra pozwoli\u0142a na \u201ezdj\u0119cie\u201d zagro\u017cenia przed realizacj\u0105 zbrodniczego planu. Dzi\u0119ki temu uda\u0142o si\u0119 zapobiec tragedii wymierzonej w cywil\u00f3w w miejscu publicznym.<\/p>\n","protected":false},"excerpt":{"rendered":"<p>Poznali\u015bmy to\u017csamo\u015b\u0107 osoby, kt\u00f3ra planowa\u0142a zamach na jarmark \u015bwi\u0105teczny w Polsce. Niewiarygodne, kim jest naprawd\u0119. Zatrzymany przez ABW m\u0119\u017cczyzna to posta\u0107, kt\u00f3rej profil kompletnie nie pasuje do stereotypowego wyobra\u017cenia o bezwzgl\u0119dnym terrory\u015bcie. Zamiast budowa\u0107 swoj\u0105 przysz\u0142o\u015b\u0107, po cichu szykowa\u0142 tragedi\u0119 dla wielu niewinnych ludzi. \u015aledczy ujawniaj\u0105 szokuj\u0105ce kulisy jego podw\u00f3jnego \u017cycia. B\u0142yskawiczna akcja i aresztFunkcjonariusze &#8230; <a title=\"To on planowa\u0142 zamach na jarmarku. Ujawniono to\u017csamo\u015b\u0107\" class=\"read-more\" href=\"https:\/\/dobrezrodla.com\/?p=12196\" aria-label=\"Read more about To on planowa\u0142 zamach na jarmarku. Ujawniono to\u017csamo\u015b\u0107\">Read more<\/a><\/p>\n","protected":false},"author":1,"featured_media":0,"comment_status":"open","ping_status":"open","sticky":false,"template":"","format":"standard","meta":{"footnotes":""},"categories":[1],"tags":[],"class_list":["post-12196","post","type-post","status-publish","format-standard","hentry","category-uncategorized"],"_links":{"self":[{"href":"https:\/\/dobrezrodla.com\/index.php?rest_route=\/wp\/v2\/posts\/12196","targetHints":{"allow":["GET"]}}],"collection":[{"href":"https:\/\/dobrezrodla.com\/index.php?rest_route=\/wp\/v2\/posts"}],"about":[{"href":"https:\/\/dobrezrodla.com\/index.php?rest_route=\/wp\/v2\/types\/post"}],"author":[{"embeddable":true,"href":"https:\/\/dobrezrodla.com\/index.php?rest_route=\/wp\/v2\/users\/1"}],"replies":[{"embeddable":true,"href":"https:\/\/dobrezrodla.com\/index.php?rest_route=%2Fwp%2Fv2%2Fcomments&post=12196"}],"version-history":[{"count":1,"href":"https:\/\/dobrezrodla.com\/index.php?rest_route=\/wp\/v2\/posts\/12196\/revisions"}],"predecessor-version":[{"id":12197,"href":"https:\/\/dobrezrodla.com\/index.php?rest_route=\/wp\/v2\/posts\/12196\/revisions\/12197"}],"wp:attachment":[{"href":"https:\/\/dobrezrodla.com\/index.php?rest_route=%2Fwp%2Fv2%2Fmedia&parent=12196"}],"wp:term":[{"taxonomy":"category","embeddable":true,"href":"https:\/\/dobrezrodla.com\/index.php?rest_route=%2Fwp%2Fv2%2Fcategories&post=12196"},{"taxonomy":"post_tag","embeddable":true,"href":"https:\/\/dobrezrodla.com\/index.php?rest_route=%2Fwp%2Fv2%2Ftags&post=12196"}],"curies":[{"name":"wp","href":"https:\/\/api.w.org\/{rel}","templated":true}]}}