{"id":12198,"date":"2025-12-16T19:03:34","date_gmt":"2025-12-16T19:03:34","guid":{"rendered":"https:\/\/dobrezrodla.com\/?p=12198"},"modified":"2025-12-16T19:03:35","modified_gmt":"2025-12-16T19:03:35","slug":"juz-wiadomo-co-laczylo-zatrzymana-12-latke-z-ofiara-prokuratura-ujawnila-szczegoly","status":"publish","type":"post","link":"https:\/\/dobrezrodla.com\/?p=12198","title":{"rendered":"Ju\u017c wiadomo, co \u0142\u0105czy\u0142o zatrzyman\u0105 12-latk\u0119 z ofiar\u0105. Prokuratura ujawni\u0142a szczeg\u00f3\u0142y"},"content":{"rendered":"\n<p>Wstrz\u0105saj\u0105ce doniesienia z Jeleniej G\u00f3ry. W zwi\u0105zku ze \u015bmierci\u0105 dziewczynki, kt\u00f3rej cia\u0142o odnaleziono przy ulicy Wyspia\u0144skiego, zatrzymano inn\u0105 nieletni\u0105 osob\u0119. Nowe ustalenia \u015bledczych rzucaj\u0105 zupe\u0142nie nowe \u015bwiat\u0142o.<\/p>\n\n\n\n<p>Tragiczne odkrycie przy szkole<br>Mieszka\u0144cami Jeleniej G\u00f3ry wstrz\u0105sn\u0119\u0142a wiadomo\u015b\u0107 o \u015bmierci 12-letniej dziewczynki, kt\u00f3rej cia\u0142o odnaleziono w pobli\u017cu Szko\u0142y Podstawowej nr 10 przy ulicy Wyspia\u0144skiego.<\/p>\n\n\n\n<p>Odkrycie zw\u0142ok dziecka natychmiast postawi\u0142o na nogi lokaln\u0105 policj\u0119 oraz prokuratur\u0119, kt\u00f3re zabezpieczy\u0142y teren i rozpocz\u0119\u0142y intensywne czynno\u015bci \u015bledcze. Okoliczno\u015bci zdarzenia od pocz\u0105tku wskazywa\u0142y na udzia\u0142 os\u00f3b trzecich, co nada\u0142o sprawie wyj\u0105tkowo dramatyczny wymiar.<\/p>\n\n\n\n<p>Zatrzymana 12-latka<br>Prze\u0142om w \u015bledztwie nast\u0105pi\u0142 b\u0142yskawicznie, jednak jego wyniki okaza\u0142y si\u0119 szokuj\u0105ce dla opinii publicznej. W zwi\u0105zku ze spraw\u0105 zatrzymano 12-letni\u0105 dziewczynk\u0119. Ze wzgl\u0119du na wiek domniemanej sprawczyni, procedura karna wygl\u0105da w tym przypadku zupe\u0142nie inaczej ni\u017c w sprawach z udzia\u0142em doros\u0142ych.<\/p>\n\n\n\n<p>12-latka nie podlega odpowiedzialno\u015bci karnej na zasadach Kodeksu Karnego, dlatego nie trafi do aresztu. Jej spraw\u0105 zajmie si\u0119 S\u0105d Rodzinny i Nieletnich, kt\u00f3ry zadecyduje o zastosowaniu odpowiednich \u015brodk\u00f3w wychowawczych lub umieszczeniu jej w plac\u00f3wce poprawczej.<\/p>\n\n\n\n<p>Kres domys\u0142\u00f3w o bliskiej relacji<br>Dotychczasowe ustalenia \u015bledczych zadaj\u0105 k\u0142am pierwszym hipotezom, sugeruj\u0105cym, \u017ce do tragedii dosz\u0142o w wyniku k\u0142\u00f3tni bliskich przyjaci\u00f3\u0142ek. Z materia\u0142u dowodowego wy\u0142ania si\u0119 obraz relacji o znacznie lu\u017aniejszym charakterze. Ofiara i zatrzymana 12-latka zna\u0142y si\u0119 jedynie z widzenia. Nie \u0142\u0105czy\u0142a ich g\u0142\u0119boka wi\u0119\u017a emocjonalna, nie odwiedza\u0142y si\u0119 w domach, a ich kontakty ogranicza\u0142y si\u0119 do przypadkowych spotka\u0144 w przestrzeni miejskiej, wynikaj\u0105cych z funkcjonowania w tym samym \u015brodowisku lokalnym.<\/p>\n\n\n\n<p>Fakt, \u017ce dziewczynki by\u0142y dla siebie niemal obce, a mimo to dosz\u0142o do tak dramatycznego zdarzenia, stawia pod znakiem zapytania motywy sprawczyni.<\/p>\n\n\n\n<p>One nie by\u0142y kole\u017cankami, zna\u0142y si\u0119 z widzenia. Motywy dzia\u0142ania zatrzymanej nie s\u0105 znane \u2013 przekaza\u0142a rzeczniczka prokuratury Ewa W\u0119glarowicz-Makowska.<\/p>\n\n\n\n<p>Zbrodnia, kt\u00f3ra wstrz\u0105sn\u0119\u0142a krajem<br>Tragedia ta wywo\u0142a\u0142a ogromne poruszenie i debat\u0119 na temat kondycji psychicznej m\u0142odzie\u017cy oraz narastaj\u0105cej agresji w\u015br\u00f3d dzieci. Podczas gdy \u015bledczy staraj\u0105 si\u0119 odtworzy\u0107 dok\u0142adny przebieg wydarze\u0144 i zrozumie\u0107, co doprowadzi\u0142o do tak skrajnego aktu przemocy, lokalna spo\u0142eczno\u015b\u0107 pozostaje w g\u0142\u0119bokim szoku, pr\u00f3buj\u0105c pogodzi\u0107 si\u0119 z faktem, \u017ce dramat rozegra\u0142 si\u0119 mi\u0119dzy dwiema tak m\u0142odymi osobami.<\/p>\n","protected":false},"excerpt":{"rendered":"<p>Wstrz\u0105saj\u0105ce doniesienia z Jeleniej G\u00f3ry. W zwi\u0105zku ze \u015bmierci\u0105 dziewczynki, kt\u00f3rej cia\u0142o odnaleziono przy ulicy Wyspia\u0144skiego, zatrzymano inn\u0105 nieletni\u0105 osob\u0119. Nowe ustalenia \u015bledczych rzucaj\u0105 zupe\u0142nie nowe \u015bwiat\u0142o. Tragiczne odkrycie przy szkoleMieszka\u0144cami Jeleniej G\u00f3ry wstrz\u0105sn\u0119\u0142a wiadomo\u015b\u0107 o \u015bmierci 12-letniej dziewczynki, kt\u00f3rej cia\u0142o odnaleziono w pobli\u017cu Szko\u0142y Podstawowej nr 10 przy ulicy Wyspia\u0144skiego. Odkrycie zw\u0142ok dziecka natychmiast &#8230; <a title=\"Ju\u017c wiadomo, co \u0142\u0105czy\u0142o zatrzyman\u0105 12-latk\u0119 z ofiar\u0105. Prokuratura ujawni\u0142a szczeg\u00f3\u0142y\" class=\"read-more\" href=\"https:\/\/dobrezrodla.com\/?p=12198\" aria-label=\"Read more about Ju\u017c wiadomo, co \u0142\u0105czy\u0142o zatrzyman\u0105 12-latk\u0119 z ofiar\u0105. Prokuratura ujawni\u0142a szczeg\u00f3\u0142y\">Read more<\/a><\/p>\n","protected":false},"author":1,"featured_media":0,"comment_status":"open","ping_status":"open","sticky":false,"template":"","format":"standard","meta":{"footnotes":""},"categories":[1],"tags":[],"class_list":["post-12198","post","type-post","status-publish","format-standard","hentry","category-uncategorized"],"_links":{"self":[{"href":"https:\/\/dobrezrodla.com\/index.php?rest_route=\/wp\/v2\/posts\/12198","targetHints":{"allow":["GET"]}}],"collection":[{"href":"https:\/\/dobrezrodla.com\/index.php?rest_route=\/wp\/v2\/posts"}],"about":[{"href":"https:\/\/dobrezrodla.com\/index.php?rest_route=\/wp\/v2\/types\/post"}],"author":[{"embeddable":true,"href":"https:\/\/dobrezrodla.com\/index.php?rest_route=\/wp\/v2\/users\/1"}],"replies":[{"embeddable":true,"href":"https:\/\/dobrezrodla.com\/index.php?rest_route=%2Fwp%2Fv2%2Fcomments&post=12198"}],"version-history":[{"count":1,"href":"https:\/\/dobrezrodla.com\/index.php?rest_route=\/wp\/v2\/posts\/12198\/revisions"}],"predecessor-version":[{"id":12199,"href":"https:\/\/dobrezrodla.com\/index.php?rest_route=\/wp\/v2\/posts\/12198\/revisions\/12199"}],"wp:attachment":[{"href":"https:\/\/dobrezrodla.com\/index.php?rest_route=%2Fwp%2Fv2%2Fmedia&parent=12198"}],"wp:term":[{"taxonomy":"category","embeddable":true,"href":"https:\/\/dobrezrodla.com\/index.php?rest_route=%2Fwp%2Fv2%2Fcategories&post=12198"},{"taxonomy":"post_tag","embeddable":true,"href":"https:\/\/dobrezrodla.com\/index.php?rest_route=%2Fwp%2Fv2%2Ftags&post=12198"}],"curies":[{"name":"wp","href":"https:\/\/api.w.org\/{rel}","templated":true}]}}