{"id":12200,"date":"2025-12-16T19:04:48","date_gmt":"2025-12-16T19:04:48","guid":{"rendered":"https:\/\/dobrezrodla.com\/?p=12200"},"modified":"2025-12-16T19:04:48","modified_gmt":"2025-12-16T19:04:48","slug":"ujawniono-co-stalo-sie-11-letniej-uczennicy-obrazenia-zadane-ostrym-narzedziem","status":"publish","type":"post","link":"https:\/\/dobrezrodla.com\/?p=12200","title":{"rendered":"Ujawniono, co sta\u0142o si\u0119 11-letniej uczennicy. &#8220;Obra\u017cenia zadane ostrym narz\u0119dziem&#8221;"},"content":{"rendered":"\n<p>Makabryczne odkrycie w Jeleniej G\u00f3rze wstrz\u0105sn\u0119\u0142o opini\u0105 publiczn\u0105. Prokuratura przekaza\u0142a, \u017ce na ciele 11-letniej dziewczynki znajduj\u0105 si\u0119 \u201eobra\u017cenia zadane ostrym narz\u0119dziem\u201d. W sprawie nast\u0105pi\u0142 dramatyczny zwrot \u2013 policja zatrzyma\u0142a 12-letni\u0105 osob\u0119 nieletni\u0105, a s\u0105d rodzinny podj\u0105\u0142 ju\u017c pierwsze decyzje.<\/p>\n\n\n\n<p>Tragiczne odkrycie przy szkole<\/p>\n\n\n\n<p><br>Jelenia G\u00f3ra jest wstrz\u0105\u015bni\u0119ta tragicznym odkryciem, do kt\u00f3rego dosz\u0142o w poniedzia\u0142kowe popo\u0142udnie przy ulicy Wyspia\u0144skiego. W pobli\u017cu Szko\u0142y Podstawowej nr 10 znaleziono cia\u0142o 11-letniej dziewczynki. Szybka reakcja s\u0142u\u017cb i zabezpieczenie terenu potwierdzi\u0142y najgorsze przypuszczenia \u2013 w centrum miasta dosz\u0142o do dramatycznego zdarzenia, kt\u00f3re zako\u0144czy\u0142o si\u0119 \u015bmierci\u0105 dziecka.<\/p>\n\n\n\n<p>Rany zadane ostrym narz\u0119dziem<br>Wst\u0119pne ustalenia zosta\u0142y oficjalnie potwierdzone przez prokuratur\u0119.<\/p>\n\n\n\n<p>&nbsp;\u2013 Ofiar\u0105 jest 11-letnia dziewczynka, uczennica Szko\u0142y Podstawowej nr 10 w Jeleniej G\u00f3rze \u2013 przekaza\u0142a rzeczniczka Prokuratury Okr\u0119gowej w Jeleniej G\u00f3rze prok. Ewa W\u0119glarowicz-Makowska. \u2013 Na jej ciele widoczne by\u0142y obra\u017cenia zadane ostrym narz\u0119dziem.&nbsp;<\/p>\n\n\n\n<p>Prokurator poinformowa\u0142a r\u00f3wnie\u017c, \u017ce wsp\u00f3lnie z funkcjonariuszami policji dokonano ogl\u0119dzin miejsca zdarzenia, podczas kt\u00f3rych zabezpieczono zw\u0142oki, \u015blady i dowody.<\/p>\n\n\n\n<p>Decyzja s\u0105du w sprawie 12-latki<br>W zwi\u0105zku ze spraw\u0105 zatrzymano 12-latk\u0119. Ze wzgl\u0119du na wiek podejrzewanej, nie podlega ona odpowiedzialno\u015bci karnej na zasadach og\u00f3lnych, a spraw\u0105 zajmuje si\u0119 S\u0105d Rodzinny i Nieletnich. S\u0119dzia wyda\u0142 ju\u017c decyzj\u0119 o umieszczeniu dziewczynki w Policyjnej Izbie Dziecka, a o jej dalszym losie i ewentualnych \u015brodkach poprawczych zadecyduje s\u0105d w odr\u0119bnym post\u0119powaniu.<\/p>\n","protected":false},"excerpt":{"rendered":"<p>Makabryczne odkrycie w Jeleniej G\u00f3rze wstrz\u0105sn\u0119\u0142o opini\u0105 publiczn\u0105. Prokuratura przekaza\u0142a, \u017ce na ciele 11-letniej dziewczynki znajduj\u0105 si\u0119 \u201eobra\u017cenia zadane ostrym narz\u0119dziem\u201d. W sprawie nast\u0105pi\u0142 dramatyczny zwrot \u2013 policja zatrzyma\u0142a 12-letni\u0105 osob\u0119 nieletni\u0105, a s\u0105d rodzinny podj\u0105\u0142 ju\u017c pierwsze decyzje. Tragiczne odkrycie przy szkole Jelenia G\u00f3ra jest wstrz\u0105\u015bni\u0119ta tragicznym odkryciem, do kt\u00f3rego dosz\u0142o w poniedzia\u0142kowe popo\u0142udnie &#8230; <a title=\"Ujawniono, co sta\u0142o si\u0119 11-letniej uczennicy. &#8220;Obra\u017cenia zadane ostrym narz\u0119dziem&#8221;\" class=\"read-more\" href=\"https:\/\/dobrezrodla.com\/?p=12200\" aria-label=\"Read more about Ujawniono, co sta\u0142o si\u0119 11-letniej uczennicy. &#8220;Obra\u017cenia zadane ostrym narz\u0119dziem&#8221;\">Read more<\/a><\/p>\n","protected":false},"author":1,"featured_media":0,"comment_status":"open","ping_status":"open","sticky":false,"template":"","format":"standard","meta":{"footnotes":""},"categories":[1],"tags":[],"class_list":["post-12200","post","type-post","status-publish","format-standard","hentry","category-uncategorized"],"_links":{"self":[{"href":"https:\/\/dobrezrodla.com\/index.php?rest_route=\/wp\/v2\/posts\/12200","targetHints":{"allow":["GET"]}}],"collection":[{"href":"https:\/\/dobrezrodla.com\/index.php?rest_route=\/wp\/v2\/posts"}],"about":[{"href":"https:\/\/dobrezrodla.com\/index.php?rest_route=\/wp\/v2\/types\/post"}],"author":[{"embeddable":true,"href":"https:\/\/dobrezrodla.com\/index.php?rest_route=\/wp\/v2\/users\/1"}],"replies":[{"embeddable":true,"href":"https:\/\/dobrezrodla.com\/index.php?rest_route=%2Fwp%2Fv2%2Fcomments&post=12200"}],"version-history":[{"count":1,"href":"https:\/\/dobrezrodla.com\/index.php?rest_route=\/wp\/v2\/posts\/12200\/revisions"}],"predecessor-version":[{"id":12201,"href":"https:\/\/dobrezrodla.com\/index.php?rest_route=\/wp\/v2\/posts\/12200\/revisions\/12201"}],"wp:attachment":[{"href":"https:\/\/dobrezrodla.com\/index.php?rest_route=%2Fwp%2Fv2%2Fmedia&parent=12200"}],"wp:term":[{"taxonomy":"category","embeddable":true,"href":"https:\/\/dobrezrodla.com\/index.php?rest_route=%2Fwp%2Fv2%2Fcategories&post=12200"},{"taxonomy":"post_tag","embeddable":true,"href":"https:\/\/dobrezrodla.com\/index.php?rest_route=%2Fwp%2Fv2%2Ftags&post=12200"}],"curies":[{"name":"wp","href":"https:\/\/api.w.org\/{rel}","templated":true}]}}