{"id":12202,"date":"2025-12-16T19:05:36","date_gmt":"2025-12-16T19:05:36","guid":{"rendered":"https:\/\/dobrezrodla.com\/?p=12202"},"modified":"2025-12-16T19:05:36","modified_gmt":"2025-12-16T19:05:36","slug":"wstepne-ustalenia-ws-smierci-11-latki-miedzy-dziewczynkami-mialo-dojsc-do-klotni","status":"publish","type":"post","link":"https:\/\/dobrezrodla.com\/?p=12202","title":{"rendered":"Wst\u0119pne ustalenia ws. \u015bmierci 11-latki. Mi\u0119dzy dziewczynkami mia\u0142o doj\u015b\u0107 do k\u0142\u00f3tni"},"content":{"rendered":"\n<p>Nowe fakty w sprawie tragedii w Jeleniej G\u00f3rze. \u015aledczy dysponuj\u0105 ju\u017c wst\u0119pnymi ustaleniami dotycz\u0105cymi \u015bmierci 12-latki, kt\u00f3rej cia\u0142o znaleziono w pobli\u017cu szko\u0142y. Wszystko wskazuje na to, \u017ce dramat rozegra\u0142 si\u0119 w gronie r\u00f3wie\u015bniczym \u2013 mi\u0119dzy ofiar\u0105 a inn\u0105 nastolatk\u0105 mia\u0142o doj\u015b\u0107 do k\u0142\u00f3tni, kt\u00f3ra zako\u0144czy\u0142a si\u0119 tragicznie.<\/p>\n\n\n\n<p>\u015aledztwo w kierunku zab\u00f3jstwa<br>Jeleniog\u00f3rska prokuratura wszcz\u0119\u0142a \u015bledztwo w sprawie zab\u00f3jstwa 12-latki, kt\u00f3rej cia\u0142o odnaleziono w poniedzia\u0142kowe popo\u0142udnie przy ulicy Wyspia\u0144skiego. Zw\u0142oki znajdowa\u0142y si\u0119 zaledwie 200 metr\u00f3w od szko\u0142y, do kt\u00f3rej ucz\u0119szcza\u0142a ofiara.<\/p>\n\n\n\n<p>Na miejscu przez wiele godzin pracowali technicy kryminalistyki, zabezpieczaj\u0105c \u015blady biologiczne i materialne. Kluczowa dla ustalenia bezpo\u015bredniej przyczyny zgonu b\u0119dzie zarz\u0105dzona sekcja zw\u0142ok, a post\u0119powanie prowadzone jest w kierunku najci\u0119\u017cszej zbrodni z art. 148 Kodeksu karnego &#8211; zab\u00f3jstwa.<\/p>\n\n\n\n<p>Szokuj\u0105cy w\u0105tek r\u00f3wie\u015bniczy<br>\u015aledztwo przynios\u0142o b\u0142yskawiczny i wstrz\u0105saj\u0105cy zwrot \u2013 tropy prowadz\u0105 bezpo\u015brednio do \u015brodowiska r\u00f3wie\u015bniczego ofiary. Wed\u0142ug nieoficjalnych ustale\u0144, w kr\u0119gu podejrze\u0144 znalaz\u0142a si\u0119 uczennica si\u00f3dmej klasy tej samej szko\u0142y. Hipoteza \u015bledczych zak\u0142ada, \u017ce do tragedii mog\u0142o doj\u015b\u0107 w wyniku gwa\u0142townej k\u0142\u00f3tni lub eskalacji konfliktu mi\u0119dzy nastolatkami &#8211; przekaza\u0142a dziennikarka RMF FM Martyna Czerwi\u0144ska. Obecnie policja weryfikuje rol\u0119 wytypowanych os\u00f3b, staraj\u0105c si\u0119 odtworzy\u0107 przebieg tego dramatu.<\/p>\n\n\n\n<p>Decyzja w r\u0119kach S\u0105du Rodzinnego<br>Wiek domniemanej sprawczyni narzuca sprawie specyficzny re\u017cim prawny. Je\u015bli potwierdzi si\u0119 udzia\u0142 osoby poni\u017cej 15. roku \u017cycia, nie odpowie ona karnie jak doros\u0142y, lecz stanie przed S\u0105dem Rodzinnym i Nieletnich. Oznacza to, \u017ce nie grozi jej wi\u0119zienie, ale zastosowanie \u015brodk\u00f3w wychowawczych lub umieszczenie w zak\u0142adzie poprawczym. Taka procedura wymusza r\u00f3wnie\u017c obecno\u015b\u0107 psycholog\u00f3w podczas wszelkich czynno\u015bci procesowych z udzia\u0142em nieletnich.<\/p>\n\n\n\n<p>Blokada informacji i cyfrowe \u015blady<br>S\u0142u\u017cby na\u0142o\u017cy\u0142y \u015bcis\u0142\u0105 blokad\u0119 informacyjn\u0105, odmawiaj\u0105c ujawniania szczeg\u00f3\u0142\u00f3w obra\u017ce\u0144 czy zezna\u0144 ze wzgl\u0119du na dobro \u015bledztwa. Kluczem do rozwi\u0105zania zagadki mo\u017ce okaza\u0107 si\u0119 \u201ecyfrowy \u015blad\u201d \u2013 \u015bledczy analizuj\u0105 zawarto\u015b\u0107 telefon\u00f3w, komunikatory internetowe oraz nagrania z monitoringu, szukaj\u0105c motywu zbrodni.<\/p>\n\n\n\n<p>W cieniu trwaj\u0105cego dochodzenia szko\u0142a wdro\u017cy\u0142a procedury kryzysowe, otaczaj\u0105c opiek\u0105 psychologiczn\u0105 uczni\u00f3w i rodzin\u0119 zmar\u0142ej dziewczynki.<\/p>\n","protected":false},"excerpt":{"rendered":"<p>Nowe fakty w sprawie tragedii w Jeleniej G\u00f3rze. \u015aledczy dysponuj\u0105 ju\u017c wst\u0119pnymi ustaleniami dotycz\u0105cymi \u015bmierci 12-latki, kt\u00f3rej cia\u0142o znaleziono w pobli\u017cu szko\u0142y. Wszystko wskazuje na to, \u017ce dramat rozegra\u0142 si\u0119 w gronie r\u00f3wie\u015bniczym \u2013 mi\u0119dzy ofiar\u0105 a inn\u0105 nastolatk\u0105 mia\u0142o doj\u015b\u0107 do k\u0142\u00f3tni, kt\u00f3ra zako\u0144czy\u0142a si\u0119 tragicznie. \u015aledztwo w kierunku zab\u00f3jstwaJeleniog\u00f3rska prokuratura wszcz\u0119\u0142a \u015bledztwo w &#8230; <a title=\"Wst\u0119pne ustalenia ws. \u015bmierci 11-latki. Mi\u0119dzy dziewczynkami mia\u0142o doj\u015b\u0107 do k\u0142\u00f3tni\" class=\"read-more\" href=\"https:\/\/dobrezrodla.com\/?p=12202\" aria-label=\"Read more about Wst\u0119pne ustalenia ws. \u015bmierci 11-latki. Mi\u0119dzy dziewczynkami mia\u0142o doj\u015b\u0107 do k\u0142\u00f3tni\">Read more<\/a><\/p>\n","protected":false},"author":1,"featured_media":0,"comment_status":"open","ping_status":"open","sticky":false,"template":"","format":"standard","meta":{"footnotes":""},"categories":[1],"tags":[],"class_list":["post-12202","post","type-post","status-publish","format-standard","hentry","category-uncategorized"],"_links":{"self":[{"href":"https:\/\/dobrezrodla.com\/index.php?rest_route=\/wp\/v2\/posts\/12202","targetHints":{"allow":["GET"]}}],"collection":[{"href":"https:\/\/dobrezrodla.com\/index.php?rest_route=\/wp\/v2\/posts"}],"about":[{"href":"https:\/\/dobrezrodla.com\/index.php?rest_route=\/wp\/v2\/types\/post"}],"author":[{"embeddable":true,"href":"https:\/\/dobrezrodla.com\/index.php?rest_route=\/wp\/v2\/users\/1"}],"replies":[{"embeddable":true,"href":"https:\/\/dobrezrodla.com\/index.php?rest_route=%2Fwp%2Fv2%2Fcomments&post=12202"}],"version-history":[{"count":1,"href":"https:\/\/dobrezrodla.com\/index.php?rest_route=\/wp\/v2\/posts\/12202\/revisions"}],"predecessor-version":[{"id":12203,"href":"https:\/\/dobrezrodla.com\/index.php?rest_route=\/wp\/v2\/posts\/12202\/revisions\/12203"}],"wp:attachment":[{"href":"https:\/\/dobrezrodla.com\/index.php?rest_route=%2Fwp%2Fv2%2Fmedia&parent=12202"}],"wp:term":[{"taxonomy":"category","embeddable":true,"href":"https:\/\/dobrezrodla.com\/index.php?rest_route=%2Fwp%2Fv2%2Fcategories&post=12202"},{"taxonomy":"post_tag","embeddable":true,"href":"https:\/\/dobrezrodla.com\/index.php?rest_route=%2Fwp%2Fv2%2Ftags&post=12202"}],"curies":[{"name":"wp","href":"https:\/\/api.w.org\/{rel}","templated":true}]}}