{"id":12204,"date":"2025-12-16T19:06:22","date_gmt":"2025-12-16T19:06:22","guid":{"rendered":"https:\/\/dobrezrodla.com\/?p=12204"},"modified":"2025-12-16T19:06:22","modified_gmt":"2025-12-16T19:06:22","slug":"smierc-12-latki-w-jeleniej-gorze-dyrektor-szkoly-zabral-glos","status":"publish","type":"post","link":"https:\/\/dobrezrodla.com\/?p=12204","title":{"rendered":"\u015amier\u0107 12-latki w Jeleniej G\u00f3rze. Dyrektor szko\u0142y zabra\u0142 g\u0142os"},"content":{"rendered":"\n<p>\u015amier\u0107 12-latki w Jeleniej G\u00f3rze wstrz\u0105sn\u0119\u0142am ca\u0142ym krajem. \u015aledztwo w sprawie wci\u0105\u017c trwa. Podczas spotkania z dziennikarzami g\u0142os zabra\u0142 Pawe\u0142 Domaga\u0142a, dyrektor szko\u0142y, do kt\u00f3rej ucz\u0119szcza\u0142a dziewczynka.<\/p>\n\n\n\n<p>\u015amier\u0107 12-letniej uczennicy<br>Jelenia G\u00f3ra pogr\u0105\u017cona jest w g\u0142\u0119bokiej \u017ca\u0142obie po tragedii, kt\u00f3ra wstrz\u0105sn\u0119\u0142a nie tylko mieszka\u0144cami miasta, ale i ca\u0142\u0105 Polsk\u0105. W poniedzia\u0142ek, 15 grudnia, w rejonie ulic Wyspia\u0144skiego i S\u0142owackiego dokonano dramatycznego odkrycia \u2013 znaleziono cia\u0142o 12-letniej dziewczynki. Informacja o zdarzeniu szybko obieg\u0142a media i wywo\u0142a\u0142a fal\u0119 poruszenia oraz niedowierzania.<\/p>\n\n\n\n<p>Na miejsce natychmiast skierowano s\u0142u\u017cby. Spraw\u0105 zaj\u0119\u0142a si\u0119 policja pod nadzorem prokuratury. Jak poinformowali \u015bledczy, ustalono ju\u017c osob\u0119 nieletni\u0105, kt\u00f3ra mo\u017ce mie\u0107 zwi\u0105zek z t\u0105 tragedi\u0105. Na obecnym etapie post\u0119powania organy \u015bcigania nie ujawniaj\u0105 jednak szczeg\u00f3\u0142\u00f3w, t\u0142umacz\u0105c to dobrem \u015bledztwa.<\/p>\n\n\n\n<p>Dyrektor szko\u0142y zabra\u0142 g\u0142os<br>Wiadomo\u015b\u0107 o \u015bmierci dziewczynki wstrz\u0105sn\u0119\u0142a lokaln\u0105 spo\u0142eczno\u015bci\u0105. W mediach spo\u0142eczno\u015bciowych pojawiaj\u0105 si\u0119 liczne wyrazy wsp\u00f3\u0142czucia dla rodziny oraz pytania o to, jak mog\u0142o doj\u015b\u0107 do tak niewyobra\u017calnej tragedii.<\/p>\n\n\n\n<p>G\u0142os w sprawie zabra\u0142 tak\u017ce dyrektor szko\u0142y, do kt\u00f3rej ucz\u0119szcza\u0142a 12-latka. W poruszaj\u0105cych s\u0142owach opisa\u0142 j\u0105 jako wyj\u0105tkowe dziecko. Podkre\u015bli\u0142, \u017ce by\u0142a to \u201ewspania\u0142a dziewczynka, pogodna, osi\u0105gaj\u0105ca bardzo wysokie wyniki w nauce, wzorowa uczennica\u201d, kt\u00f3ra aktywnie uczestniczy\u0142a w \u017cyciu szko\u0142y i zawsze by\u0142a gotowa nie\u015b\u0107 pomoc innym.<\/p>\n\n\n\n<p>Poruszaj\u0105ce s\u0142owa dyrektora szko\u0142y<br>Jak zaznaczy\u0142 dyrektor, dziewczynka anga\u017cowa\u0142a si\u0119 w szkolny wolontariat, wspiera\u0142a koleg\u00f3w i kole\u017canki, bra\u0142a udzia\u0142 w konkursach oraz zawodach sportowych. By\u0142a uczennic\u0105 wszechstronnie uzdolnion\u0105, pe\u0142n\u0105 energii i rado\u015bci. Jej nag\u0142a \u015bmier\u0107 pozostawi\u0142a pustk\u0119, z kt\u00f3r\u0105 trudno si\u0119 pogodzi\u0107. Zapowiedzia\u0142 r\u00f3wnie\u017c, \u017ce w szkole odb\u0119d\u0105 si\u0119 specjalne zaj\u0119cia, aby wesprze\u0107 dzieci i nauczycieli w tym trudnym czasie.<\/p>\n\n\n\n<p>Rozpoczniemy zaj\u0119cia od spotka\u0144 z wychowawcami, kt\u00f3rzy w towarzystwie psycholog\u00f3w przeprowadz\u0105 w\u0142a\u015bciwe pogadanki wspieraj\u0105ce dla uczni\u00f3w. Natomiast w kolejnych dniach b\u0119dziemy organizowa\u0107 tak\u017ce dy\u017cury i pomoc, wsparcie zar\u00f3wno dla rodzic\u00f3w, jak i uczni\u00f3w oraz nauczycieli \u2014 przekaza\u0142 Pawe\u0142 Domaga\u0142a podczas konferencji prasowej.<\/p>\n\n\n\n<p>Tragedia z Jeleniej G\u00f3ry sta\u0142a si\u0119 tematem og\u00f3lnopolskiej debaty i poruszy\u0142a serca tysi\u0119cy ludzi. To dramat, kt\u00f3ry sk\u0142ania do refleksji nad bezpiecze\u0144stwem dzieci i odpowiedzialno\u015bci\u0105 spo\u0142eczn\u0105. Dla bliskich, szko\u0142y i ca\u0142ej lokalnej spo\u0142eczno\u015bci jest to ogromna strata, a \u017cal po odej\u015bciu tak m\u0142odego, warto\u015bciowego \u017cycia pozostanie na d\u0142ugo.<\/p>\n","protected":false},"excerpt":{"rendered":"<p>\u015amier\u0107 12-latki w Jeleniej G\u00f3rze wstrz\u0105sn\u0119\u0142am ca\u0142ym krajem. \u015aledztwo w sprawie wci\u0105\u017c trwa. Podczas spotkania z dziennikarzami g\u0142os zabra\u0142 Pawe\u0142 Domaga\u0142a, dyrektor szko\u0142y, do kt\u00f3rej ucz\u0119szcza\u0142a dziewczynka. \u015amier\u0107 12-letniej uczennicyJelenia G\u00f3ra pogr\u0105\u017cona jest w g\u0142\u0119bokiej \u017ca\u0142obie po tragedii, kt\u00f3ra wstrz\u0105sn\u0119\u0142a nie tylko mieszka\u0144cami miasta, ale i ca\u0142\u0105 Polsk\u0105. W poniedzia\u0142ek, 15 grudnia, w rejonie ulic &#8230; <a title=\"\u015amier\u0107 12-latki w Jeleniej G\u00f3rze. Dyrektor szko\u0142y zabra\u0142 g\u0142os\" class=\"read-more\" href=\"https:\/\/dobrezrodla.com\/?p=12204\" aria-label=\"Read more about \u015amier\u0107 12-latki w Jeleniej G\u00f3rze. Dyrektor szko\u0142y zabra\u0142 g\u0142os\">Read more<\/a><\/p>\n","protected":false},"author":1,"featured_media":0,"comment_status":"open","ping_status":"open","sticky":false,"template":"","format":"standard","meta":{"footnotes":""},"categories":[1],"tags":[],"class_list":["post-12204","post","type-post","status-publish","format-standard","hentry","category-uncategorized"],"_links":{"self":[{"href":"https:\/\/dobrezrodla.com\/index.php?rest_route=\/wp\/v2\/posts\/12204","targetHints":{"allow":["GET"]}}],"collection":[{"href":"https:\/\/dobrezrodla.com\/index.php?rest_route=\/wp\/v2\/posts"}],"about":[{"href":"https:\/\/dobrezrodla.com\/index.php?rest_route=\/wp\/v2\/types\/post"}],"author":[{"embeddable":true,"href":"https:\/\/dobrezrodla.com\/index.php?rest_route=\/wp\/v2\/users\/1"}],"replies":[{"embeddable":true,"href":"https:\/\/dobrezrodla.com\/index.php?rest_route=%2Fwp%2Fv2%2Fcomments&post=12204"}],"version-history":[{"count":1,"href":"https:\/\/dobrezrodla.com\/index.php?rest_route=\/wp\/v2\/posts\/12204\/revisions"}],"predecessor-version":[{"id":12205,"href":"https:\/\/dobrezrodla.com\/index.php?rest_route=\/wp\/v2\/posts\/12204\/revisions\/12205"}],"wp:attachment":[{"href":"https:\/\/dobrezrodla.com\/index.php?rest_route=%2Fwp%2Fv2%2Fmedia&parent=12204"}],"wp:term":[{"taxonomy":"category","embeddable":true,"href":"https:\/\/dobrezrodla.com\/index.php?rest_route=%2Fwp%2Fv2%2Fcategories&post=12204"},{"taxonomy":"post_tag","embeddable":true,"href":"https:\/\/dobrezrodla.com\/index.php?rest_route=%2Fwp%2Fv2%2Ftags&post=12204"}],"curies":[{"name":"wp","href":"https:\/\/api.w.org\/{rel}","templated":true}]}}