{"id":12210,"date":"2025-12-16T19:08:31","date_gmt":"2025-12-16T19:08:31","guid":{"rendered":"https:\/\/dobrezrodla.com\/?p=12210"},"modified":"2025-12-16T19:08:32","modified_gmt":"2025-12-16T19:08:32","slug":"kropka-nad-i-czarzasty-zwrocil-sie-bezposrednio-do-prezydenta-2","status":"publish","type":"post","link":"https:\/\/dobrezrodla.com\/?p=12210","title":{"rendered":"&#8220;Kropka nad i&#8221;. Czarzasty zwr\u00f3ci\u0142\u00a0si\u0119 bezpo\u015brednio do prezydenta"},"content":{"rendered":"\n<p>Wyst\u0105pienie W\u0142odzimierza Czarzastego w programie \u201eKropka nad i\u201d by\u0142o jednym z najmocniejszych sygna\u0142\u00f3w politycznego konfliktu mi\u0119dzy Sejmem a Pa\u0142acem Prezydenckim. Marsza\u0142ek Sejmu jasno zapowiedzia\u0142, \u017ce nie zamierza ust\u0119powa\u0107 w sporze z Karolem Nawrockim i ostrzeg\u0142 przed eskalacj\u0105 instytucjonalnego starcia.<\/p>\n\n\n\n<p>Czarzasty krytykuje prezydenta. M\u00f3wi wprost o granicach w\u0142adzy<br>W\u0142odzimierz Czarzasty w rozmowie z Monik\u0105 Olejnik odni\u00f3s\u0142 si\u0119 do roli prezydenta w systemie politycznym, podkre\u015blaj\u0105c, \u017ce g\u0142owa pa\u0144stwa nie stoi ponad konstytucj\u0105. Marsza\u0142ek Sejmu zaznaczy\u0142, \u017ce w Polsce nie ma miejsca na jednoosobowe decydowanie o tym, kt\u00f3re ustawy s\u0105 dobre, a kt\u00f3re z\u0142e, w zale\u017cno\u015bci od politycznych ocen prezydenta.<\/p>\n\n\n\n<p>Czarzasty zwr\u00f3ci\u0142 uwag\u0119, \u017ce odpowiedzialno\u015b\u0107 za pa\u0144stwo spoczywa na wszystkich organach w\u0142adzy, a nie wy\u0142\u0105cznie na Pa\u0142acu Prezydenckim. Jego zdaniem prezydent powinien wsp\u00f3\u0142pracowa\u0107 z parlamentem, a nie traktowa\u0107 prawo weta jako podstawowego narz\u0119dzia politycznego nacisku.<\/p>\n\n\n\n<p>&#8220;Kropka nad i&#8221;. Czarzasty zwr\u00f3ci\u0142 si\u0119 bezpo\u015brednio do prezydenta<br>Fot: KAPiF<br>Zapowied\u017a politycznej konfrontacji i brak porozumienia<br>Marsza\u0142ek Sejmu przyzna\u0142, \u017ce by\u0142by got\u00f3w do wsp\u00f3\u0142pracy z prezydentem, gdyby istnia\u0142a realna wola dialogu. W jego ocenie takiej gotowo\u015bci obecnie jednak nie ma. Czarzasty m\u00f3wi\u0142 o narastaj\u0105cym konflikcie, kt\u00f3ry jego zdaniem prowadzi do blokowania istotnych inicjatyw ustawodawczych, w tym dotycz\u0105cych ochrony \u015brodowiska.<\/p>\n\n\n\n<p>Wskaza\u0142 tak\u017ce, \u017ce Sejm nie jest pozbawiony narz\u0119dzi wp\u0142ywu i mo\u017ce reagowa\u0107 na dzia\u0142ania prezydenta, w tym poprzez wstrzymywanie prac nad prezydenckimi projektami ustaw. Podkre\u015bli\u0142, \u017ce taka sytuacja nie jest korzystna dla pa\u0144stwa, ale mo\u017ce sta\u0107 si\u0119 konieczno\u015bci\u0105, je\u015bli konflikt b\u0119dzie si\u0119 pog\u0142\u0119bia\u0142.<\/p>\n\n\n\n<p>Sp\u00f3r o konstytucj\u0119 i przysz\u0142o\u015b\u0107 relacji Sejm\u2013Pa\u0142ac Prezydencki<br>Zdaniem Czarzastego kluczowy problem dotyczy interpretacji konstytucji i zakresu kompetencji prezydenta. Marsza\u0142ek Sejmu zaznaczy\u0142, \u017ce nadu\u017cywanie prawa weta mo\u017ce prowadzi\u0107 do destabilizacji procesu legislacyjnego i podwa\u017cania zaufania do instytucji pa\u0144stwowych.<\/p>\n\n\n\n<p>Wyst\u0105pienie w \u201eKropce nad i\u201d by\u0142o wi\u0119c nie tylko krytyk\u0105 konkretnych decyzji, ale tak\u017ce ostrze\u017ceniem przed dalsz\u0105 eskalacj\u0105 sporu. Czarzasty jasno da\u0142 do zrozumienia, \u017ce Sejm nie zamierza rezygnowa\u0107 ze swoich kompetencji i b\u0119dzie reagowa\u0142 na ka\u017cdy krok, kt\u00f3ry uzna za sprzeczny z interesem pa\u0144stwa oraz zasadami demokracji.<\/p>\n","protected":false},"excerpt":{"rendered":"<p>Wyst\u0105pienie W\u0142odzimierza Czarzastego w programie \u201eKropka nad i\u201d by\u0142o jednym z najmocniejszych sygna\u0142\u00f3w politycznego konfliktu mi\u0119dzy Sejmem a Pa\u0142acem Prezydenckim. Marsza\u0142ek Sejmu jasno zapowiedzia\u0142, \u017ce nie zamierza ust\u0119powa\u0107 w sporze z Karolem Nawrockim i ostrzeg\u0142 przed eskalacj\u0105 instytucjonalnego starcia. Czarzasty krytykuje prezydenta. M\u00f3wi wprost o granicach w\u0142adzyW\u0142odzimierz Czarzasty w rozmowie z Monik\u0105 Olejnik odni\u00f3s\u0142 si\u0119 &#8230; <a title=\"&#8220;Kropka nad i&#8221;. Czarzasty zwr\u00f3ci\u0142\u00a0si\u0119 bezpo\u015brednio do prezydenta\" class=\"read-more\" href=\"https:\/\/dobrezrodla.com\/?p=12210\" aria-label=\"Read more about &#8220;Kropka nad i&#8221;. Czarzasty zwr\u00f3ci\u0142\u00a0si\u0119 bezpo\u015brednio do prezydenta\">Read more<\/a><\/p>\n","protected":false},"author":1,"featured_media":0,"comment_status":"open","ping_status":"open","sticky":false,"template":"","format":"standard","meta":{"footnotes":""},"categories":[1],"tags":[],"class_list":["post-12210","post","type-post","status-publish","format-standard","hentry","category-uncategorized"],"_links":{"self":[{"href":"https:\/\/dobrezrodla.com\/index.php?rest_route=\/wp\/v2\/posts\/12210","targetHints":{"allow":["GET"]}}],"collection":[{"href":"https:\/\/dobrezrodla.com\/index.php?rest_route=\/wp\/v2\/posts"}],"about":[{"href":"https:\/\/dobrezrodla.com\/index.php?rest_route=\/wp\/v2\/types\/post"}],"author":[{"embeddable":true,"href":"https:\/\/dobrezrodla.com\/index.php?rest_route=\/wp\/v2\/users\/1"}],"replies":[{"embeddable":true,"href":"https:\/\/dobrezrodla.com\/index.php?rest_route=%2Fwp%2Fv2%2Fcomments&post=12210"}],"version-history":[{"count":1,"href":"https:\/\/dobrezrodla.com\/index.php?rest_route=\/wp\/v2\/posts\/12210\/revisions"}],"predecessor-version":[{"id":12211,"href":"https:\/\/dobrezrodla.com\/index.php?rest_route=\/wp\/v2\/posts\/12210\/revisions\/12211"}],"wp:attachment":[{"href":"https:\/\/dobrezrodla.com\/index.php?rest_route=%2Fwp%2Fv2%2Fmedia&parent=12210"}],"wp:term":[{"taxonomy":"category","embeddable":true,"href":"https:\/\/dobrezrodla.com\/index.php?rest_route=%2Fwp%2Fv2%2Fcategories&post=12210"},{"taxonomy":"post_tag","embeddable":true,"href":"https:\/\/dobrezrodla.com\/index.php?rest_route=%2Fwp%2Fv2%2Ftags&post=12210"}],"curies":[{"name":"wp","href":"https:\/\/api.w.org\/{rel}","templated":true}]}}