{"id":12216,"date":"2025-12-17T09:58:29","date_gmt":"2025-12-17T09:58:29","guid":{"rendered":"https:\/\/dobrezrodla.com\/?p=12216"},"modified":"2025-12-17T09:58:29","modified_gmt":"2025-12-17T09:58:29","slug":"nowy-ruch-prezydenta-w-sprawie-rady-fiskalnej","status":"publish","type":"post","link":"https:\/\/dobrezrodla.com\/?p=12216","title":{"rendered":"Nowy ruch prezydenta w sprawie Rady Fiskalnej"},"content":{"rendered":"\n<p>Prezydent postanowi\u0142 aktywnie w\u0142\u0105czy\u0107 si\u0119 w obsad\u0119 nowo powstaj\u0105cej Rady Fiskalnej. <\/p>\n\n\n\n<p>W ostatnich dniach zadeklarowa\u0142, \u017ce zg\u0142osi w\u0142asnego kandydata do tego kluczowego gremium, kt\u00f3re b\u0119dzie mia\u0142o wp\u0142yw na ustawianie regu\u0142 wydatkowych i nadz\u00f3r nad finansami publicznymi.<\/p>\n\n\n\n<p>Decyzja ta wzbudza spore emocje w polityce \u2014 zwolennicy m\u00f3wi\u0105 o potrzebie stabilnej i przewidywalnej polityki fiskalnej, kt\u00f3rej gwarantem ma by\u0107 ekspert rekomendowany przez g\u0142ow\u0119 pa\u0144stwa. <\/p>\n\n\n\n<p>Krytycy z kolei podkre\u015blaj\u0105, \u017ce takie posuni\u0119cie mo\u017ce zaburzy\u0107 niezale\u017cno\u015b\u0107 Rady i zamiesza\u0107 w r\u00f3wnowadze si\u0142 mi\u0119dzy w\u0142adz\u0105 wykonawcz\u0105 a cia\u0142ami doradczymi.<\/p>\n\n\n\n<p>Na razie brak szczeg\u00f3\u0142\u00f3w, kto konkretnie mia\u0142by zosta\u0107 kandydatem. <\/p>\n\n\n\n<p>Jednak ju\u017c sama zapowied\u017a prezydenta otworzy\u0142a dyskusj\u0119 o roli Rady Fiskalnej w systemie politycznym i o tym, jak daleko g\u0142owa pa\u0144stwa powinna si\u0119ga\u0107 w kszta\u0142towaniu kluczowych organ\u00f3w odpowiedzialnych za finanse pa\u0144stwa.<\/p>\n","protected":false},"excerpt":{"rendered":"<p>Prezydent postanowi\u0142 aktywnie w\u0142\u0105czy\u0107 si\u0119 w obsad\u0119 nowo powstaj\u0105cej Rady Fiskalnej. W ostatnich dniach zadeklarowa\u0142, \u017ce zg\u0142osi w\u0142asnego kandydata do tego kluczowego gremium, kt\u00f3re b\u0119dzie mia\u0142o wp\u0142yw na ustawianie regu\u0142 wydatkowych i nadz\u00f3r nad finansami publicznymi. Decyzja ta wzbudza spore emocje w polityce \u2014 zwolennicy m\u00f3wi\u0105 o potrzebie stabilnej i przewidywalnej polityki fiskalnej, kt\u00f3rej gwarantem &#8230; <a title=\"Nowy ruch prezydenta w sprawie Rady Fiskalnej\" class=\"read-more\" href=\"https:\/\/dobrezrodla.com\/?p=12216\" aria-label=\"Read more about Nowy ruch prezydenta w sprawie Rady Fiskalnej\">Read more<\/a><\/p>\n","protected":false},"author":1,"featured_media":0,"comment_status":"open","ping_status":"open","sticky":false,"template":"","format":"standard","meta":{"footnotes":""},"categories":[1],"tags":[],"class_list":["post-12216","post","type-post","status-publish","format-standard","hentry","category-uncategorized"],"_links":{"self":[{"href":"https:\/\/dobrezrodla.com\/index.php?rest_route=\/wp\/v2\/posts\/12216","targetHints":{"allow":["GET"]}}],"collection":[{"href":"https:\/\/dobrezrodla.com\/index.php?rest_route=\/wp\/v2\/posts"}],"about":[{"href":"https:\/\/dobrezrodla.com\/index.php?rest_route=\/wp\/v2\/types\/post"}],"author":[{"embeddable":true,"href":"https:\/\/dobrezrodla.com\/index.php?rest_route=\/wp\/v2\/users\/1"}],"replies":[{"embeddable":true,"href":"https:\/\/dobrezrodla.com\/index.php?rest_route=%2Fwp%2Fv2%2Fcomments&post=12216"}],"version-history":[{"count":1,"href":"https:\/\/dobrezrodla.com\/index.php?rest_route=\/wp\/v2\/posts\/12216\/revisions"}],"predecessor-version":[{"id":12217,"href":"https:\/\/dobrezrodla.com\/index.php?rest_route=\/wp\/v2\/posts\/12216\/revisions\/12217"}],"wp:attachment":[{"href":"https:\/\/dobrezrodla.com\/index.php?rest_route=%2Fwp%2Fv2%2Fmedia&parent=12216"}],"wp:term":[{"taxonomy":"category","embeddable":true,"href":"https:\/\/dobrezrodla.com\/index.php?rest_route=%2Fwp%2Fv2%2Fcategories&post=12216"},{"taxonomy":"post_tag","embeddable":true,"href":"https:\/\/dobrezrodla.com\/index.php?rest_route=%2Fwp%2Fv2%2Ftags&post=12216"}],"curies":[{"name":"wp","href":"https:\/\/api.w.org\/{rel}","templated":true}]}}