{"id":12218,"date":"2025-12-17T10:00:25","date_gmt":"2025-12-17T10:00:25","guid":{"rendered":"https:\/\/dobrezrodla.com\/?p=12218"},"modified":"2025-12-17T10:00:26","modified_gmt":"2025-12-17T10:00:26","slug":"syn-znanego-polityka-z-zarzutami-ktorych-nikt-sie-nie-spodziewal-sprawa-blyskawicznie-trafia-do-sadu-link-w-komentarzu","status":"publish","type":"post","link":"https:\/\/dobrezrodla.com\/?p=12218","title":{"rendered":"Syn znanego polityka z zarzutami, kt\u00f3rych nikt si\u0119 nie spodziewa\u0142. Sprawa b\u0142yskawicznie trafia do s\u0105du\u2026 link w komentarzu"},"content":{"rendered":"\n<p>Sprawa Zdzis\u0142awa K., syna by\u0142ego szefa TVP Jacka Kurskiego, nabiera tempa. <\/p>\n\n\n\n<p>Prokuratura Okr\u0119gowa w Toruniu zako\u0144czy\u0142a \u015bledztwo i skierowa\u0142a do s\u0105du akt oskar\u017cenia w sprawie brutalnych czyn\u00f3w, do kt\u00f3rych mia\u0142o doj\u015b\u0107 kilkana\u015bcie lat temu. Proces ruszy przed S\u0105dem Rejonowym w Kwidzynie.<\/p>\n\n\n\n<p>Wed\u0142ug ustale\u0144 \u015bledczych, do dramatycznych wydarze\u0144 mia\u0142o doj\u015b\u0107 w 2009 roku \u2014 zar\u00f3wno w Gda\u0144sku, jak i w Le\u015bnicz\u00f3wce Daniel\u00f3wka.<\/p>\n\n\n\n<p> Zdzis\u0142aw K. mia\u0142 wykorzysta\u0107 emocjonaln\u0105 wi\u0119\u017a z ofiar\u0105, by podst\u0119pem doprowadzi\u0107 do przest\u0119pstw na tle seksualnym. <\/p>\n\n\n\n<p>Pokrzywdzona by\u0142a wtedy osob\u0105 poni\u017cej 15. roku \u017cycia. Oskar\u017cony mia\u0142 stosowa\u0107 przemoc i zamyka\u0107 dziewczyn\u0119 w pokoju, uniemo\u017cliwiaj\u0105c jej ucieczk\u0119.<\/p>\n\n\n\n<p>Cho\u0107 \u015bledztwo trwa\u0142o latami i by\u0142o dwukrotnie umarzane przez prokuratur\u0119 w Gda\u0144sku, ostatecznie postawiono zarzuty. <\/p>\n\n\n\n<p>Jak ujawnia prokurator Rafa\u0142 Ruta, dowody by\u0142y gotowe ju\u017c od dawna \u2013 brakowa\u0142o tylko decyzji, kt\u00f3ra teraz wreszcie zapad\u0142a.<\/p>\n\n\n\n<p>Zdzis\u0142awowi K. grozi od 2 do 12 lat wi\u0119zienia. S\u0105d zdecyduje o jego losie, a sprawa mo\u017ce mie\u0107 powa\u017cne konsekwencje \u2013 nie tylko dla niego samego, ale tak\u017ce dla jego ojca, znanej postaci ze \u015bwiata medi\u00f3w i polityki.<\/p>\n","protected":false},"excerpt":{"rendered":"<p>Sprawa Zdzis\u0142awa K., syna by\u0142ego szefa TVP Jacka Kurskiego, nabiera tempa. Prokuratura Okr\u0119gowa w Toruniu zako\u0144czy\u0142a \u015bledztwo i skierowa\u0142a do s\u0105du akt oskar\u017cenia w sprawie brutalnych czyn\u00f3w, do kt\u00f3rych mia\u0142o doj\u015b\u0107 kilkana\u015bcie lat temu. Proces ruszy przed S\u0105dem Rejonowym w Kwidzynie. Wed\u0142ug ustale\u0144 \u015bledczych, do dramatycznych wydarze\u0144 mia\u0142o doj\u015b\u0107 w 2009 roku \u2014 zar\u00f3wno w &#8230; <a title=\"Syn znanego polityka z zarzutami, kt\u00f3rych nikt si\u0119 nie spodziewa\u0142. Sprawa b\u0142yskawicznie trafia do s\u0105du\u2026 link w komentarzu\" class=\"read-more\" href=\"https:\/\/dobrezrodla.com\/?p=12218\" aria-label=\"Read more about Syn znanego polityka z zarzutami, kt\u00f3rych nikt si\u0119 nie spodziewa\u0142. Sprawa b\u0142yskawicznie trafia do s\u0105du\u2026 link w komentarzu\">Read more<\/a><\/p>\n","protected":false},"author":1,"featured_media":0,"comment_status":"open","ping_status":"open","sticky":false,"template":"","format":"standard","meta":{"footnotes":""},"categories":[1],"tags":[],"class_list":["post-12218","post","type-post","status-publish","format-standard","hentry","category-uncategorized"],"_links":{"self":[{"href":"https:\/\/dobrezrodla.com\/index.php?rest_route=\/wp\/v2\/posts\/12218","targetHints":{"allow":["GET"]}}],"collection":[{"href":"https:\/\/dobrezrodla.com\/index.php?rest_route=\/wp\/v2\/posts"}],"about":[{"href":"https:\/\/dobrezrodla.com\/index.php?rest_route=\/wp\/v2\/types\/post"}],"author":[{"embeddable":true,"href":"https:\/\/dobrezrodla.com\/index.php?rest_route=\/wp\/v2\/users\/1"}],"replies":[{"embeddable":true,"href":"https:\/\/dobrezrodla.com\/index.php?rest_route=%2Fwp%2Fv2%2Fcomments&post=12218"}],"version-history":[{"count":1,"href":"https:\/\/dobrezrodla.com\/index.php?rest_route=\/wp\/v2\/posts\/12218\/revisions"}],"predecessor-version":[{"id":12219,"href":"https:\/\/dobrezrodla.com\/index.php?rest_route=\/wp\/v2\/posts\/12218\/revisions\/12219"}],"wp:attachment":[{"href":"https:\/\/dobrezrodla.com\/index.php?rest_route=%2Fwp%2Fv2%2Fmedia&parent=12218"}],"wp:term":[{"taxonomy":"category","embeddable":true,"href":"https:\/\/dobrezrodla.com\/index.php?rest_route=%2Fwp%2Fv2%2Fcategories&post=12218"},{"taxonomy":"post_tag","embeddable":true,"href":"https:\/\/dobrezrodla.com\/index.php?rest_route=%2Fwp%2Fv2%2Ftags&post=12218"}],"curies":[{"name":"wp","href":"https:\/\/api.w.org\/{rel}","templated":true}]}}