{"id":12224,"date":"2025-12-17T10:02:57","date_gmt":"2025-12-17T10:02:57","guid":{"rendered":"https:\/\/dobrezrodla.com\/?p=12224"},"modified":"2025-12-17T10:02:57","modified_gmt":"2025-12-17T10:02:57","slug":"ikona-seriali-zostal-ojcem-w-wieku-70-lat-to-co-powiedzial-o-dzieciach-chwyta-za-serce-link-w-komentarzu","status":"publish","type":"post","link":"https:\/\/dobrezrodla.com\/?p=12224","title":{"rendered":"Ikona seriali zosta\u0142 ojcem w wieku 70 lat! To, co powiedzia\u0142 o dzieciach, chwyta za serce\u2026 link w komentarzu"},"content":{"rendered":"\n<p>Kelsey Grammer, znany z roli doktora Frasiera Crane\u2019a, po raz \u00f3smy zosta\u0142 ojcem \u2014 i to w wieku 70 lat. <\/p>\n\n\n\n<p>Aktor nie ukrywa, \u017ce p\u00f3\u017ane ojcostwo niesie ze sob\u0105 wyj\u0105tkowe wyzwania, ale te\u017c wielk\u0105 rado\u015b\u0107. <\/p>\n\n\n\n<p>W ostatnim wywiadzie podkre\u015bli\u0142, \u017ce w tym momencie \u017cycia to w\u0142a\u015bnie rodzina i czas sp\u0119dzony z dzie\u0107mi s\u0105 dla niego najcenniejsze.<\/p>\n\n\n\n<p>Grammer i jego \u017cona Kayte powitali na \u015bwiecie syna Christophera. Mimo \u017ce jest to ju\u017c ich kolejne dziecko, aktor podchodzi do ojcostwa z t\u0105 sam\u0105 czu\u0142o\u015bci\u0105 i zaanga\u017cowaniem, co za pierwszym razem.<\/p>\n\n\n\n<p> \u2013 Dzieci s\u0105 darem. Najwa\u017cniejsze, co mog\u0119 im da\u0107, to m\u00f3j czas i obecno\u015b\u0107 \u2013 m\u00f3wi\u0142 wzruszony.<\/p>\n\n\n\n<p>W \u015bwiecie show-biznesu, gdzie kariera cz\u0119sto przys\u0142ania \u017cycie rodzinne, Grammer stawia na relacje z bliskimi. <\/p>\n\n\n\n<p>\u2013 Nie jestem ju\u017c tym samym cz\u0142owiekiem co 30 lat temu. Dzi\u015b naprawd\u0119 wiem, co znaczy by\u0107 ojcem \u2013 przyzna\u0142.<\/p>\n","protected":false},"excerpt":{"rendered":"<p>Kelsey Grammer, znany z roli doktora Frasiera Crane\u2019a, po raz \u00f3smy zosta\u0142 ojcem \u2014 i to w wieku 70 lat. Aktor nie ukrywa, \u017ce p\u00f3\u017ane ojcostwo niesie ze sob\u0105 wyj\u0105tkowe wyzwania, ale te\u017c wielk\u0105 rado\u015b\u0107. W ostatnim wywiadzie podkre\u015bli\u0142, \u017ce w tym momencie \u017cycia to w\u0142a\u015bnie rodzina i czas sp\u0119dzony z dzie\u0107mi s\u0105 dla niego &#8230; <a title=\"Ikona seriali zosta\u0142 ojcem w wieku 70 lat! To, co powiedzia\u0142 o dzieciach, chwyta za serce\u2026 link w komentarzu\" class=\"read-more\" href=\"https:\/\/dobrezrodla.com\/?p=12224\" aria-label=\"Read more about Ikona seriali zosta\u0142 ojcem w wieku 70 lat! To, co powiedzia\u0142 o dzieciach, chwyta za serce\u2026 link w komentarzu\">Read more<\/a><\/p>\n","protected":false},"author":1,"featured_media":0,"comment_status":"open","ping_status":"open","sticky":false,"template":"","format":"standard","meta":{"footnotes":""},"categories":[1],"tags":[],"class_list":["post-12224","post","type-post","status-publish","format-standard","hentry","category-uncategorized"],"_links":{"self":[{"href":"https:\/\/dobrezrodla.com\/index.php?rest_route=\/wp\/v2\/posts\/12224","targetHints":{"allow":["GET"]}}],"collection":[{"href":"https:\/\/dobrezrodla.com\/index.php?rest_route=\/wp\/v2\/posts"}],"about":[{"href":"https:\/\/dobrezrodla.com\/index.php?rest_route=\/wp\/v2\/types\/post"}],"author":[{"embeddable":true,"href":"https:\/\/dobrezrodla.com\/index.php?rest_route=\/wp\/v2\/users\/1"}],"replies":[{"embeddable":true,"href":"https:\/\/dobrezrodla.com\/index.php?rest_route=%2Fwp%2Fv2%2Fcomments&post=12224"}],"version-history":[{"count":1,"href":"https:\/\/dobrezrodla.com\/index.php?rest_route=\/wp\/v2\/posts\/12224\/revisions"}],"predecessor-version":[{"id":12225,"href":"https:\/\/dobrezrodla.com\/index.php?rest_route=\/wp\/v2\/posts\/12224\/revisions\/12225"}],"wp:attachment":[{"href":"https:\/\/dobrezrodla.com\/index.php?rest_route=%2Fwp%2Fv2%2Fmedia&parent=12224"}],"wp:term":[{"taxonomy":"category","embeddable":true,"href":"https:\/\/dobrezrodla.com\/index.php?rest_route=%2Fwp%2Fv2%2Fcategories&post=12224"},{"taxonomy":"post_tag","embeddable":true,"href":"https:\/\/dobrezrodla.com\/index.php?rest_route=%2Fwp%2Fv2%2Ftags&post=12224"}],"curies":[{"name":"wp","href":"https:\/\/api.w.org\/{rel}","templated":true}]}}