{"id":12228,"date":"2025-12-17T10:06:41","date_gmt":"2025-12-17T10:06:41","guid":{"rendered":"https:\/\/dobrezrodla.com\/?p=12228"},"modified":"2025-12-17T10:06:42","modified_gmt":"2025-12-17T10:06:42","slug":"tusk-mowi-wprost-kaczynski-juz-nie-rzadzi-prawica-co-dzieje-sie-w-pis-za-zamknietymi-drzwiami-link-w-komentarzu","status":"publish","type":"post","link":"https:\/\/dobrezrodla.com\/?p=12228","title":{"rendered":"Tusk m\u00f3wi wprost: \u201eKaczy\u0144ski ju\u017c nie rz\u0105dzi prawic\u0105!\u201d Co dzieje si\u0119 w PiS za zamkni\u0119tymi drzwiami? Link w komentarzu"},"content":{"rendered":"\n<p>Donald Tusk nie przebiera\u0142 w s\u0142owach. Wracaj\u0105c ze szczytu w Helsinkach, premier uderzy\u0142 w samo serce Prawa i Sprawiedliwo\u015bci, twierdz\u0105c, \u017ce Jaros\u0142aw Kaczy\u0144ski przesta\u0142 by\u0107 liderem polskiej prawicy. <\/p>\n\n\n\n<p>Wed\u0142ug Tuska, to ju\u017c nie Kaczy\u0144ski, ale prezydent Karol Nawrocki zyskuje coraz wi\u0119kszy autorytet wewn\u0105trz obozu PiS.<\/p>\n\n\n\n<p>\u2013 Kaczy\u0144ski straci\u0142 status przyw\u00f3dcy i to raczej nieodwracalnie \u2013 powiedzia\u0142 Tusk. <\/p>\n\n\n\n<p>Doda\u0142, \u017ce \u201eniemal kult\u201d wok\u00f3\u0142 prezesa wyra\u017anie przygas\u0142, a jego wp\u0142yw w partii s\u0142abnie z tygodnia na tydzie\u0144. Za przyk\u0142ad poda\u0142 m.in. podzia\u0142 wewn\u0105trz PiS widoczny nawet podczas&#8230; \u015bwi\u0105tecznych spotka\u0144.<\/p>\n\n\n\n<p>We wtorek w szeregach ugrupowania odby\u0142y si\u0119 dwie oddzielne wigilie \u2013 jedna zorganizowana przez Kaczy\u0144skiego, druga przez Mateusza Morawieckiego. <\/p>\n\n\n\n<p>To symboliczne rozdzielenie obozu tylko potwierdza, \u017ce napi\u0119cia s\u0105 realne. Sam Kaczy\u0144ski przyzna\u0142 niedawno, \u017ce spory personalne powinny \u201ezej\u015b\u0107 na sz\u00f3sty plan\u201d, ale nawet on nie ukrywa\u0142, \u017ce napi\u0119cie w partii ro\u015bnie.<\/p>\n\n\n\n<p>S\u0142owa Tuska mog\u0105 by\u0107 kolejnym ciosem dla legendarnego lidera PiS \u2013 pytanie tylko, czy to rzeczywi\u015bcie polityczny koniec Kaczy\u0144skiego, czy jedynie chwilowe os\u0142abienie pozycji?<\/p>\n","protected":false},"excerpt":{"rendered":"<p>Donald Tusk nie przebiera\u0142 w s\u0142owach. Wracaj\u0105c ze szczytu w Helsinkach, premier uderzy\u0142 w samo serce Prawa i Sprawiedliwo\u015bci, twierdz\u0105c, \u017ce Jaros\u0142aw Kaczy\u0144ski przesta\u0142 by\u0107 liderem polskiej prawicy. Wed\u0142ug Tuska, to ju\u017c nie Kaczy\u0144ski, ale prezydent Karol Nawrocki zyskuje coraz wi\u0119kszy autorytet wewn\u0105trz obozu PiS. \u2013 Kaczy\u0144ski straci\u0142 status przyw\u00f3dcy i to raczej nieodwracalnie \u2013 &#8230; <a title=\"Tusk m\u00f3wi wprost: \u201eKaczy\u0144ski ju\u017c nie rz\u0105dzi prawic\u0105!\u201d Co dzieje si\u0119 w PiS za zamkni\u0119tymi drzwiami? Link w komentarzu\" class=\"read-more\" href=\"https:\/\/dobrezrodla.com\/?p=12228\" aria-label=\"Read more about Tusk m\u00f3wi wprost: \u201eKaczy\u0144ski ju\u017c nie rz\u0105dzi prawic\u0105!\u201d Co dzieje si\u0119 w PiS za zamkni\u0119tymi drzwiami? Link w komentarzu\">Read more<\/a><\/p>\n","protected":false},"author":1,"featured_media":0,"comment_status":"open","ping_status":"open","sticky":false,"template":"","format":"standard","meta":{"footnotes":""},"categories":[1],"tags":[],"class_list":["post-12228","post","type-post","status-publish","format-standard","hentry","category-uncategorized"],"_links":{"self":[{"href":"https:\/\/dobrezrodla.com\/index.php?rest_route=\/wp\/v2\/posts\/12228","targetHints":{"allow":["GET"]}}],"collection":[{"href":"https:\/\/dobrezrodla.com\/index.php?rest_route=\/wp\/v2\/posts"}],"about":[{"href":"https:\/\/dobrezrodla.com\/index.php?rest_route=\/wp\/v2\/types\/post"}],"author":[{"embeddable":true,"href":"https:\/\/dobrezrodla.com\/index.php?rest_route=\/wp\/v2\/users\/1"}],"replies":[{"embeddable":true,"href":"https:\/\/dobrezrodla.com\/index.php?rest_route=%2Fwp%2Fv2%2Fcomments&post=12228"}],"version-history":[{"count":1,"href":"https:\/\/dobrezrodla.com\/index.php?rest_route=\/wp\/v2\/posts\/12228\/revisions"}],"predecessor-version":[{"id":12229,"href":"https:\/\/dobrezrodla.com\/index.php?rest_route=\/wp\/v2\/posts\/12228\/revisions\/12229"}],"wp:attachment":[{"href":"https:\/\/dobrezrodla.com\/index.php?rest_route=%2Fwp%2Fv2%2Fmedia&parent=12228"}],"wp:term":[{"taxonomy":"category","embeddable":true,"href":"https:\/\/dobrezrodla.com\/index.php?rest_route=%2Fwp%2Fv2%2Fcategories&post=12228"},{"taxonomy":"post_tag","embeddable":true,"href":"https:\/\/dobrezrodla.com\/index.php?rest_route=%2Fwp%2Fv2%2Ftags&post=12228"}],"curies":[{"name":"wp","href":"https:\/\/api.w.org\/{rel}","templated":true}]}}