{"id":12236,"date":"2025-12-17T10:10:24","date_gmt":"2025-12-17T10:10:24","guid":{"rendered":"https:\/\/dobrezrodla.com\/?p=12236"},"modified":"2025-12-17T10:10:24","modified_gmt":"2025-12-17T10:10:24","slug":"tusk-uderza-w-prezydenta-nie-odbiera-nawet-telefonu-ujawnil-kulisy-zamrozonej-wspolpracy-link-w-komentarzu","status":"publish","type":"post","link":"https:\/\/dobrezrodla.com\/?p=12236","title":{"rendered":"Tusk uderza w prezydenta! \u201eNie odbiera nawet telefonu\u201d \u2013 ujawni\u0142 kulisy zamro\u017conej wsp\u00f3\u0142pracy\u2026 link w komentarzu"},"content":{"rendered":"\n<p>Donald Tusk nie kryje rozczarowania: prezydent Karol Nawrocki od tygodni nie odbiera od niego telefon\u00f3w.<\/p>\n\n\n\n<p> Premier ujawni\u0142, \u017ce mimo wielu pr\u00f3b nawi\u0105zania \u015bcis\u0142ej wsp\u00f3\u0142pracy w sprawach polityki zagranicznej, jego sygna\u0142y spotka\u0142y si\u0119 z ca\u0142kowit\u0105 cisz\u0105 ze strony Pa\u0142acu Prezydenckiego.<\/p>\n\n\n\n<p>\u2013 Przesta\u0142em dzwoni\u0107, to po prostu nie przynosi\u0142o efekt\u00f3w \u2013 przyzna\u0142 Tusk w rozmowie z dziennikarzami. \u2013 Pr\u00f3by by\u0142y, i to \u0142atwe do udowodnienia. Ale dzi\u015b nie ma \u017cadnej reakcji. Nawet telefonu nikt nie odbiera.<\/p>\n\n\n\n<p>Relacje mi\u0119dzy szefem rz\u0105du a prezydentem s\u0105 wyra\u017anie napi\u0119te, co potwierdza te\u017c otwarty konflikt mi\u0119dzy Karolem Nawrockim a ministrem spraw zagranicznych Rados\u0142awem Sikorskim. <\/p>\n\n\n\n<p>Panowie wymieniaj\u0105 si\u0119 publicznie uszczypliwo\u015bciami, a ko\u015bci\u0105 niezgody pozostaj\u0105 m.in. nominacje ambasadorskie i \u201equasi-rycerskie\u201d aluzje, kt\u00f3re zdominowa\u0142y ostatnie medialne wypowiedzi.<\/p>\n\n\n\n<p>Premier podkre\u015bli\u0142, \u017ce mimo pocz\u0105tkowych nadziei na konstruktywn\u0105 wsp\u00f3\u0142prac\u0119, dzi\u015b prezydent \u2013 jego zdaniem \u2013 celowo utrzymuje konflikt, podwa\u017ca dzia\u0142ania rz\u0105du i wkracza w kompetencje nale\u017c\u0105ce do premiera i jego ministr\u00f3w. \u2013 To bardzo szkodzi interesom Polski \u2013 oceni\u0142 Tusk.<\/p>\n\n\n\n<p>Jednocze\u015bnie premier nie oszcz\u0119dzi\u0142 Jaros\u0142awa Kaczy\u0144skiego, twierdz\u0105c, \u017ce ten \u201estraci\u0142 status lidera prawicy\u201d i \u017ce wewn\u0119trzne podzia\u0142y w PiS przekszta\u0142ci\u0142y si\u0119 w otwart\u0105 wojn\u0119 frakcji. \u2013 Dzi\u015b walczy ju\u017c nie jeden, dw\u00f3ch, ale kilkunastu \u2013 skwitowa\u0142.<\/p>\n","protected":false},"excerpt":{"rendered":"<p>Donald Tusk nie kryje rozczarowania: prezydent Karol Nawrocki od tygodni nie odbiera od niego telefon\u00f3w. Premier ujawni\u0142, \u017ce mimo wielu pr\u00f3b nawi\u0105zania \u015bcis\u0142ej wsp\u00f3\u0142pracy w sprawach polityki zagranicznej, jego sygna\u0142y spotka\u0142y si\u0119 z ca\u0142kowit\u0105 cisz\u0105 ze strony Pa\u0142acu Prezydenckiego. \u2013 Przesta\u0142em dzwoni\u0107, to po prostu nie przynosi\u0142o efekt\u00f3w \u2013 przyzna\u0142 Tusk w rozmowie z dziennikarzami. &#8230; <a title=\"Tusk uderza w prezydenta! \u201eNie odbiera nawet telefonu\u201d \u2013 ujawni\u0142 kulisy zamro\u017conej wsp\u00f3\u0142pracy\u2026 link w komentarzu\" class=\"read-more\" href=\"https:\/\/dobrezrodla.com\/?p=12236\" aria-label=\"Read more about Tusk uderza w prezydenta! \u201eNie odbiera nawet telefonu\u201d \u2013 ujawni\u0142 kulisy zamro\u017conej wsp\u00f3\u0142pracy\u2026 link w komentarzu\">Read more<\/a><\/p>\n","protected":false},"author":1,"featured_media":0,"comment_status":"open","ping_status":"open","sticky":false,"template":"","format":"standard","meta":{"footnotes":""},"categories":[1],"tags":[],"class_list":["post-12236","post","type-post","status-publish","format-standard","hentry","category-uncategorized"],"_links":{"self":[{"href":"https:\/\/dobrezrodla.com\/index.php?rest_route=\/wp\/v2\/posts\/12236","targetHints":{"allow":["GET"]}}],"collection":[{"href":"https:\/\/dobrezrodla.com\/index.php?rest_route=\/wp\/v2\/posts"}],"about":[{"href":"https:\/\/dobrezrodla.com\/index.php?rest_route=\/wp\/v2\/types\/post"}],"author":[{"embeddable":true,"href":"https:\/\/dobrezrodla.com\/index.php?rest_route=\/wp\/v2\/users\/1"}],"replies":[{"embeddable":true,"href":"https:\/\/dobrezrodla.com\/index.php?rest_route=%2Fwp%2Fv2%2Fcomments&post=12236"}],"version-history":[{"count":1,"href":"https:\/\/dobrezrodla.com\/index.php?rest_route=\/wp\/v2\/posts\/12236\/revisions"}],"predecessor-version":[{"id":12237,"href":"https:\/\/dobrezrodla.com\/index.php?rest_route=\/wp\/v2\/posts\/12236\/revisions\/12237"}],"wp:attachment":[{"href":"https:\/\/dobrezrodla.com\/index.php?rest_route=%2Fwp%2Fv2%2Fmedia&parent=12236"}],"wp:term":[{"taxonomy":"category","embeddable":true,"href":"https:\/\/dobrezrodla.com\/index.php?rest_route=%2Fwp%2Fv2%2Fcategories&post=12236"},{"taxonomy":"post_tag","embeddable":true,"href":"https:\/\/dobrezrodla.com\/index.php?rest_route=%2Fwp%2Fv2%2Ftags&post=12236"}],"curies":[{"name":"wp","href":"https:\/\/api.w.org\/{rel}","templated":true}]}}