{"id":12274,"date":"2025-12-17T14:51:29","date_gmt":"2025-12-17T14:51:29","guid":{"rendered":"https:\/\/dobrezrodla.com\/?p=12274"},"modified":"2025-12-17T14:51:30","modified_gmt":"2025-12-17T14:51:30","slug":"jest-akt-oskarzenia-przeciwko-antoniemu-macierewiczowi","status":"publish","type":"post","link":"https:\/\/dobrezrodla.com\/?p=12274","title":{"rendered":"Jest akt oskar\u017cenia przeciwko Antoniemu Macierewiczowi"},"content":{"rendered":"\n<p>W dniu 14 grudnia 2025 roku Prokuratura Krajowa poinformowa\u0142a o skierowaniu do S\u0105du Okr\u0119gowego w Warszawie aktu oskar\u017cenia przeciwko Antoniemu Macierewiczowi \u2013 pos\u0142owi na Sejm RP oraz by\u0142emu ministrowi obrony narodowej. Sprawa dotyczy jego dzia\u0142alno\u015bci w latach 2018\u20132022, gdy pe\u0142ni\u0142 funkcj\u0119 przewodnicz\u0105cego tzw. Podkomisji Smole\u0144skiej.<\/p>\n\n\n\n<p>Wed\u0142ug \u015bledczych, Macierewicz mia\u0142 ujawni\u0107 informacje niejawne, w tym dokumenty oznaczone klauzulami \u201e\u015aci\u015ble tajne\u201d, \u201eTajne\u201d, \u201ePoufne\u201d i \u201eZastrze\u017cone\u201d. Materia\u0142y te mia\u0142y zwi\u0105zek m.in. z badaniem katastrofy smole\u0144skiej. Prokuratura zarzuca politykowi z\u0142amanie przepis\u00f3w dotycz\u0105cych ochrony tajemnicy pa\u0144stwowej.<\/p>\n\n\n\n<p>Mo\u017cliwo\u015b\u0107 postawienia zarzut\u00f3w otworzy\u0142o uchylenie immunitetu parlamentarnego, do kt\u00f3rego dosz\u0142o w sierpniu 2025 roku. Sam Macierewicz, przes\u0142uchiwany we wrze\u015bniu, nie przyzna\u0142 si\u0119 do winy i odm\u00f3wi\u0142 sk\u0142adania wyja\u015bnie\u0144.<\/p>\n\n\n\n<p>Za zarzucany czyn grozi mu kara do pi\u0119ciu lat wi\u0119zienia.<\/p>\n","protected":false},"excerpt":{"rendered":"<p>W dniu 14 grudnia 2025 roku Prokuratura Krajowa poinformowa\u0142a o skierowaniu do S\u0105du Okr\u0119gowego w Warszawie aktu oskar\u017cenia przeciwko Antoniemu Macierewiczowi \u2013 pos\u0142owi na Sejm RP oraz by\u0142emu ministrowi obrony narodowej. Sprawa dotyczy jego dzia\u0142alno\u015bci w latach 2018\u20132022, gdy pe\u0142ni\u0142 funkcj\u0119 przewodnicz\u0105cego tzw. Podkomisji Smole\u0144skiej. Wed\u0142ug \u015bledczych, Macierewicz mia\u0142 ujawni\u0107 informacje niejawne, w tym dokumenty &#8230; <a title=\"Jest akt oskar\u017cenia przeciwko Antoniemu Macierewiczowi\" class=\"read-more\" href=\"https:\/\/dobrezrodla.com\/?p=12274\" aria-label=\"Read more about Jest akt oskar\u017cenia przeciwko Antoniemu Macierewiczowi\">Read more<\/a><\/p>\n","protected":false},"author":1,"featured_media":0,"comment_status":"open","ping_status":"open","sticky":false,"template":"","format":"standard","meta":{"footnotes":""},"categories":[1],"tags":[],"class_list":["post-12274","post","type-post","status-publish","format-standard","hentry","category-uncategorized"],"_links":{"self":[{"href":"https:\/\/dobrezrodla.com\/index.php?rest_route=\/wp\/v2\/posts\/12274","targetHints":{"allow":["GET"]}}],"collection":[{"href":"https:\/\/dobrezrodla.com\/index.php?rest_route=\/wp\/v2\/posts"}],"about":[{"href":"https:\/\/dobrezrodla.com\/index.php?rest_route=\/wp\/v2\/types\/post"}],"author":[{"embeddable":true,"href":"https:\/\/dobrezrodla.com\/index.php?rest_route=\/wp\/v2\/users\/1"}],"replies":[{"embeddable":true,"href":"https:\/\/dobrezrodla.com\/index.php?rest_route=%2Fwp%2Fv2%2Fcomments&post=12274"}],"version-history":[{"count":1,"href":"https:\/\/dobrezrodla.com\/index.php?rest_route=\/wp\/v2\/posts\/12274\/revisions"}],"predecessor-version":[{"id":12275,"href":"https:\/\/dobrezrodla.com\/index.php?rest_route=\/wp\/v2\/posts\/12274\/revisions\/12275"}],"wp:attachment":[{"href":"https:\/\/dobrezrodla.com\/index.php?rest_route=%2Fwp%2Fv2%2Fmedia&parent=12274"}],"wp:term":[{"taxonomy":"category","embeddable":true,"href":"https:\/\/dobrezrodla.com\/index.php?rest_route=%2Fwp%2Fv2%2Fcategories&post=12274"},{"taxonomy":"post_tag","embeddable":true,"href":"https:\/\/dobrezrodla.com\/index.php?rest_route=%2Fwp%2Fv2%2Ftags&post=12274"}],"curies":[{"name":"wp","href":"https:\/\/api.w.org\/{rel}","templated":true}]}}