{"id":12284,"date":"2025-12-17T15:03:28","date_gmt":"2025-12-17T15:03:28","guid":{"rendered":"https:\/\/dobrezrodla.com\/?p=12284"},"modified":"2025-12-17T15:03:29","modified_gmt":"2025-12-17T15:03:29","slug":"tusk-nawrocki-nie-odbiera-telefonu-nie-ma-zadnej-reakcji-na-proby-wspolpracy","status":"publish","type":"post","link":"https:\/\/dobrezrodla.com\/?p=12284","title":{"rendered":"Tusk: Nawrocki nie odbiera telefonu. &#8220;Nie ma \u017cadnej reakcji na pr\u00f3by wsp\u00f3\u0142pracy&#8221;"},"content":{"rendered":"\n<p>Premier Donald Tusk ujawni\u0142, \u017ce od wielu tygodni nie ma \u017cadnego kontaktu z prezydentem Karolem Nawrockim. Jak twierdzi, jego pr\u00f3by wsp\u00f3\u0142pracy w zakresie polityki zagranicznej pozostaj\u0105 bez odpowiedzi, a Nawrocki \u201enawet nie odbiera telefonu\u201d. \u2013 Ostatni raz pr\u00f3bowa\u0142em kilka dni temu \u2013 przyzna\u0142 Tusk, dodaj\u0105c, \u017ce w tej sytuacji przesta\u0142 ju\u017c pr\u00f3bowa\u0107.<\/p>\n\n\n\n<p>Szef rz\u0105du nie kry\u0142 frustracji, podkre\u015blaj\u0105c, \u017ce konstytucja nak\u0142ada obowi\u0105zek wsp\u00f3\u0142pracy mi\u0119dzy prezydentem a rz\u0105dem, zw\u0142aszcza w tak kluczowej dziedzinie, jak polityka zagraniczna. Tymczasem, jak oceni\u0142, otoczenie prezydenta robi wszystko, by podtrzymywa\u0107 konflikt i ingerowa\u0107 w kompetencje rz\u0105du.<\/p>\n\n\n\n<p>Komentuj\u0105c wcze\u015bniejsze spory mi\u0119dzy prezydentem a ministrem spraw zagranicznych Rados\u0142awem Sikorskim, Tusk stwierdzi\u0142, \u017ce nie chce komentowa\u0107 \u201ehobby\u201d z przesz\u0142o\u015bci Nawrockiego, sugeruj\u0105c aluzj\u0119 do dawnych kontrowersji zwi\u0105zanych z jego \u017cyciorysem.<\/p>\n\n\n\n<p>Dodatkowo Tusk odni\u00f3s\u0142 si\u0119 do pog\u0142\u0119biaj\u0105cego si\u0119 chaosu w szeregach PiS. Uzna\u0142, \u017ce Jaros\u0142aw Kaczy\u0144ski straci\u0142 status przyw\u00f3dcy prawicy, a jego \u201eniemal\u017ce kult\u201d w partii odszed\u0142 w niepami\u0119\u0107. \u2013 Ju\u017c nawet na Wigili\u0119 maj\u0105 osobne spotkania \u2013 skwitowa\u0142.<\/p>\n","protected":false},"excerpt":{"rendered":"<p>Premier Donald Tusk ujawni\u0142, \u017ce od wielu tygodni nie ma \u017cadnego kontaktu z prezydentem Karolem Nawrockim. Jak twierdzi, jego pr\u00f3by wsp\u00f3\u0142pracy w zakresie polityki zagranicznej pozostaj\u0105 bez odpowiedzi, a Nawrocki \u201enawet nie odbiera telefonu\u201d. \u2013 Ostatni raz pr\u00f3bowa\u0142em kilka dni temu \u2013 przyzna\u0142 Tusk, dodaj\u0105c, \u017ce w tej sytuacji przesta\u0142 ju\u017c pr\u00f3bowa\u0107. Szef rz\u0105du nie &#8230; <a title=\"Tusk: Nawrocki nie odbiera telefonu. &#8220;Nie ma \u017cadnej reakcji na pr\u00f3by wsp\u00f3\u0142pracy&#8221;\" class=\"read-more\" href=\"https:\/\/dobrezrodla.com\/?p=12284\" aria-label=\"Read more about Tusk: Nawrocki nie odbiera telefonu. &#8220;Nie ma \u017cadnej reakcji na pr\u00f3by wsp\u00f3\u0142pracy&#8221;\">Read more<\/a><\/p>\n","protected":false},"author":1,"featured_media":0,"comment_status":"open","ping_status":"open","sticky":false,"template":"","format":"standard","meta":{"footnotes":""},"categories":[1],"tags":[],"class_list":["post-12284","post","type-post","status-publish","format-standard","hentry","category-uncategorized"],"_links":{"self":[{"href":"https:\/\/dobrezrodla.com\/index.php?rest_route=\/wp\/v2\/posts\/12284","targetHints":{"allow":["GET"]}}],"collection":[{"href":"https:\/\/dobrezrodla.com\/index.php?rest_route=\/wp\/v2\/posts"}],"about":[{"href":"https:\/\/dobrezrodla.com\/index.php?rest_route=\/wp\/v2\/types\/post"}],"author":[{"embeddable":true,"href":"https:\/\/dobrezrodla.com\/index.php?rest_route=\/wp\/v2\/users\/1"}],"replies":[{"embeddable":true,"href":"https:\/\/dobrezrodla.com\/index.php?rest_route=%2Fwp%2Fv2%2Fcomments&post=12284"}],"version-history":[{"count":1,"href":"https:\/\/dobrezrodla.com\/index.php?rest_route=\/wp\/v2\/posts\/12284\/revisions"}],"predecessor-version":[{"id":12285,"href":"https:\/\/dobrezrodla.com\/index.php?rest_route=\/wp\/v2\/posts\/12284\/revisions\/12285"}],"wp:attachment":[{"href":"https:\/\/dobrezrodla.com\/index.php?rest_route=%2Fwp%2Fv2%2Fmedia&parent=12284"}],"wp:term":[{"taxonomy":"category","embeddable":true,"href":"https:\/\/dobrezrodla.com\/index.php?rest_route=%2Fwp%2Fv2%2Fcategories&post=12284"},{"taxonomy":"post_tag","embeddable":true,"href":"https:\/\/dobrezrodla.com\/index.php?rest_route=%2Fwp%2Fv2%2Ftags&post=12284"}],"curies":[{"name":"wp","href":"https:\/\/api.w.org\/{rel}","templated":true}]}}