{"id":12322,"date":"2025-12-18T07:56:16","date_gmt":"2025-12-18T07:56:16","guid":{"rendered":"https:\/\/dobrezrodla.com\/?p=12322"},"modified":"2025-12-18T07:56:17","modified_gmt":"2025-12-18T07:56:17","slug":"tragedia-pod-szkola-w-jeleniej-gorze-smierc-11-letniej-danusi-wstrzasnela-calym-miastem","status":"publish","type":"post","link":"https:\/\/dobrezrodla.com\/?p=12322","title":{"rendered":"Tragedia pod szko\u0142\u0105 w Jeleniej G\u00f3rze. \u015amier\u0107 11-letniej Danusi wstrz\u0105sn\u0119\u0142a ca\u0142ym miastem"},"content":{"rendered":"\n<p>Spokojne popo\u0142udnie w Jeleniej G\u00f3rze zamieni\u0142o si\u0119 w koszmar, kt\u00f3rego nikt si\u0119 nie spodziewa\u0142. W pobli\u017cu jednej z podstaw\u00f3wek odnaleziono cia\u0142o 11-letniej uczennicy. Informacja rozesz\u0142a si\u0119 b\u0142yskawicznie, parali\u017cuj\u0105c lokaln\u0105 spo\u0142eczno\u015b\u0107 i uruchamiaj\u0105c dzia\u0142ania s\u0142u\u017cb na najwy\u017cszym szczeblu.<\/p>\n\n\n\n<p>Dziewczynk\u0119 znaleziono w zaro\u015blach nieopodal szkolnego placu zabaw, w rejonie strumienia w pobli\u017cu ul. Wyspia\u0144skiego. Na miejsce natychmiast wezwano policj\u0119 i pogotowie. Mimo podj\u0119tej reanimacji \u017cycia dziecka nie uda\u0142o si\u0119 uratowa\u0107. \u015aledczy potwierdzili, \u017ce przyczyn\u0105 \u015bmierci by\u0142y rany k\u0142ute zadane ostrym narz\u0119dziem, kt\u00f3re zabezpieczono na miejscu zdarzenia.<\/p>\n\n\n\n<p>Cia\u0142o Danusi zosta\u0142o przewiezione do Zak\u0142adu Medycyny S\u0105dowej we Wroc\u0142awiu, gdzie trwa szczeg\u00f3\u0142owa sekcja zw\u0142ok. Dyrekcja szko\u0142y, do kt\u00f3rej ucz\u0119szcza\u0142a dziewczynka, nie kryje wstrz\u0105su. Nauczyciele wspominaj\u0105 j\u0105 jako pogodn\u0105, zaanga\u017cowan\u0105 uczennic\u0119, kt\u00f3ra nie sprawia\u0142a problem\u00f3w wychowawczych.<\/p>\n\n\n\n<p>W toku intensywnego \u015bledztwa policja wytypowa\u0142a osob\u0119, kt\u00f3ra mo\u017ce mie\u0107 zwi\u0105zek ze zdarzeniem. Zatrzymano 12-letni\u0105 uczennic\u0119 tej samej szko\u0142y. Ze wzgl\u0119du na wiek dziewczynki sprawa prowadzona jest w trybie przewidzianym dla nieletnich i trafi\u0142a pod nadz\u00f3r s\u0105du rodzinnego. Prokuratura podkre\u015bla, \u017ce na tym etapie nie ustalono motywu dzia\u0142ania, a pojawiaj\u0105ce si\u0119 w przestrzeni publicznej spekulacje o konflikcie mi\u0119dzy dzie\u0107mi zosta\u0142y zdementowane.<\/p>\n\n\n\n<p>R\u00f3wnolegle analizowane s\u0105 nagrania z monitoringu, przes\u0142uchiwani s\u0105 \u015bwiadkowie, a biegli psychologowie i psychiatrzy pr\u00f3buj\u0105 odpowiedzie\u0107 na pytanie, jak mog\u0142o doj\u015b\u0107 do tak dramatycznego zdarzenia.<\/p>\n\n\n\n<p>Skala tragedii sk\u0142oni\u0142a w\u0142adze miasta do natychmiastowej reakcji. Prezydent Jeleniej G\u00f3ry zwo\u0142a\u0142 sztab kryzysowy, kt\u00f3rego celem jest nie tylko koordynacja dzia\u0142a\u0144 s\u0142u\u017cb, ale przede wszystkim pomoc dzieciom, nauczycielom i rodzinom dotkni\u0119tym dramatem. Do szko\u0142y skierowano zespo\u0142y psycholog\u00f3w, a miasto zapowiedzia\u0142o og\u0142oszenie \u017ca\u0142oby w dniu pogrzebu dziewczynki.<\/p>\n\n\n\n<p>Dla wielu mieszka\u0144c\u00f3w to moment, kt\u00f3ry na d\u0142ugo pozostanie bolesnym symbolem utraconego poczucia bezpiecze\u0144stwa.<\/p>\n","protected":false},"excerpt":{"rendered":"<p>Spokojne popo\u0142udnie w Jeleniej G\u00f3rze zamieni\u0142o si\u0119 w koszmar, kt\u00f3rego nikt si\u0119 nie spodziewa\u0142. W pobli\u017cu jednej z podstaw\u00f3wek odnaleziono cia\u0142o 11-letniej uczennicy. Informacja rozesz\u0142a si\u0119 b\u0142yskawicznie, parali\u017cuj\u0105c lokaln\u0105 spo\u0142eczno\u015b\u0107 i uruchamiaj\u0105c dzia\u0142ania s\u0142u\u017cb na najwy\u017cszym szczeblu. Dziewczynk\u0119 znaleziono w zaro\u015blach nieopodal szkolnego placu zabaw, w rejonie strumienia w pobli\u017cu ul. Wyspia\u0144skiego. Na miejsce natychmiast &#8230; <a title=\"Tragedia pod szko\u0142\u0105 w Jeleniej G\u00f3rze. \u015amier\u0107 11-letniej Danusi wstrz\u0105sn\u0119\u0142a ca\u0142ym miastem\" class=\"read-more\" href=\"https:\/\/dobrezrodla.com\/?p=12322\" aria-label=\"Read more about Tragedia pod szko\u0142\u0105 w Jeleniej G\u00f3rze. \u015amier\u0107 11-letniej Danusi wstrz\u0105sn\u0119\u0142a ca\u0142ym miastem\">Read more<\/a><\/p>\n","protected":false},"author":1,"featured_media":0,"comment_status":"open","ping_status":"open","sticky":false,"template":"","format":"standard","meta":{"footnotes":""},"categories":[1],"tags":[],"class_list":["post-12322","post","type-post","status-publish","format-standard","hentry","category-uncategorized"],"_links":{"self":[{"href":"https:\/\/dobrezrodla.com\/index.php?rest_route=\/wp\/v2\/posts\/12322","targetHints":{"allow":["GET"]}}],"collection":[{"href":"https:\/\/dobrezrodla.com\/index.php?rest_route=\/wp\/v2\/posts"}],"about":[{"href":"https:\/\/dobrezrodla.com\/index.php?rest_route=\/wp\/v2\/types\/post"}],"author":[{"embeddable":true,"href":"https:\/\/dobrezrodla.com\/index.php?rest_route=\/wp\/v2\/users\/1"}],"replies":[{"embeddable":true,"href":"https:\/\/dobrezrodla.com\/index.php?rest_route=%2Fwp%2Fv2%2Fcomments&post=12322"}],"version-history":[{"count":1,"href":"https:\/\/dobrezrodla.com\/index.php?rest_route=\/wp\/v2\/posts\/12322\/revisions"}],"predecessor-version":[{"id":12323,"href":"https:\/\/dobrezrodla.com\/index.php?rest_route=\/wp\/v2\/posts\/12322\/revisions\/12323"}],"wp:attachment":[{"href":"https:\/\/dobrezrodla.com\/index.php?rest_route=%2Fwp%2Fv2%2Fmedia&parent=12322"}],"wp:term":[{"taxonomy":"category","embeddable":true,"href":"https:\/\/dobrezrodla.com\/index.php?rest_route=%2Fwp%2Fv2%2Fcategories&post=12322"},{"taxonomy":"post_tag","embeddable":true,"href":"https:\/\/dobrezrodla.com\/index.php?rest_route=%2Fwp%2Fv2%2Ftags&post=12322"}],"curies":[{"name":"wp","href":"https:\/\/api.w.org\/{rel}","templated":true}]}}