{"id":12330,"date":"2025-12-18T08:04:06","date_gmt":"2025-12-18T08:04:06","guid":{"rendered":"https:\/\/dobrezrodla.com\/?p=12330"},"modified":"2025-12-18T08:04:06","modified_gmt":"2025-12-18T08:04:06","slug":"sejm-zagotowal-sie-na-oczach-calej-polski-awantura-czarzastego-z-boguckim-wstrzasnela-poslami-posypaly-sie-ostre-slowa","status":"publish","type":"post","link":"https:\/\/dobrezrodla.com\/?p=12330","title":{"rendered":"Sejm zagotowa\u0142 si\u0119 na oczach ca\u0142ej Polski! Awantura Czarzastego z Boguckim wstrz\u0105sn\u0119\u0142a pos\u0142ami \u2013 posypa\u0142y si\u0119 ostre s\u0142owa"},"content":{"rendered":"\n<p>Mia\u0142o by\u0107 g\u0142osowanie, a sko\u0144czy\u0142o si\u0119 polityczn\u0105 burz\u0105, jakiej dawno nie widziano. Tu\u017c przed pr\u00f3b\u0105 odrzucenia prezydenckiego weta do tzw. ustawy \u0142a\u0144cuchowej, w Sejmie dosz\u0142o do ostrego starcia pomi\u0119dzy marsza\u0142kiem W\u0142odzimierzem Czarzastym a szefem Kancelarii Prezydenta Zbigniewem Boguckim. Atmosfera si\u0119gn\u0119\u0142a zenitu, a s\u0142owa, kt\u00f3re pad\u0142y z m\u00f3wnicy, wywo\u0142a\u0142y burz\u0119 tak\u017ce poza sal\u0105 obrad.<\/p>\n\n\n\n<p>Iskrzy\u0142o od samego pocz\u0105tku \u2013 Bogucki nie kry\u0142 oburzenia wcze\u015bniejszymi s\u0142owami Czarzastego, kt\u00f3ry nazwa\u0142 prezydenta \u201ecz\u0142owiekiem zbudowanym z nacjonalistycznych obsesji\u201d. Odpowied\u017a by\u0142a r\u00f3wnie dosadna \u2013 zarzut o \u201eideologii PZPR\u201d i brak szacunku dla g\u0142owy pa\u0144stwa. Pos\u0142owie PiS podnie\u015bli si\u0119 z miejsc i zacz\u0119li skandowa\u0107 has\u0142a w stylu \u201eprecz z komun\u0105!\u201d, podsycaj\u0105c i tak ju\u017c rozgrzan\u0105 atmosfer\u0119.<\/p>\n\n\n\n<p>Ca\u0142e zamieszanie przy\u0107mi\u0142o sedno sprawy \u2013 g\u0142osowanie nad ustaw\u0105, kt\u00f3ra mia\u0142a uregulowa\u0107 warunki trzymania ps\u00f3w. Cho\u0107 wi\u0119kszo\u015b\u0107 opowiedzia\u0142a si\u0119 za odrzuceniem weta, zabrak\u0142o wymaganych g\u0142os\u00f3w. Ustawa przepad\u0142a, ale polityczna wojna dopiero si\u0119 rozkr\u0119ca. Ten sp\u00f3r ujawni\u0142 g\u0142\u0119boki podzia\u0142 mi\u0119dzy parlamentem a Pa\u0142acem Prezydenckim \u2013 i nic nie wskazuje na to, by to by\u0142o ostatnie takie starcie.<\/p>\n","protected":false},"excerpt":{"rendered":"<p>Mia\u0142o by\u0107 g\u0142osowanie, a sko\u0144czy\u0142o si\u0119 polityczn\u0105 burz\u0105, jakiej dawno nie widziano. Tu\u017c przed pr\u00f3b\u0105 odrzucenia prezydenckiego weta do tzw. ustawy \u0142a\u0144cuchowej, w Sejmie dosz\u0142o do ostrego starcia pomi\u0119dzy marsza\u0142kiem W\u0142odzimierzem Czarzastym a szefem Kancelarii Prezydenta Zbigniewem Boguckim. Atmosfera si\u0119gn\u0119\u0142a zenitu, a s\u0142owa, kt\u00f3re pad\u0142y z m\u00f3wnicy, wywo\u0142a\u0142y burz\u0119 tak\u017ce poza sal\u0105 obrad. Iskrzy\u0142o od &#8230; <a title=\"Sejm zagotowa\u0142 si\u0119 na oczach ca\u0142ej Polski! Awantura Czarzastego z Boguckim wstrz\u0105sn\u0119\u0142a pos\u0142ami \u2013 posypa\u0142y si\u0119 ostre s\u0142owa\" class=\"read-more\" href=\"https:\/\/dobrezrodla.com\/?p=12330\" aria-label=\"Read more about Sejm zagotowa\u0142 si\u0119 na oczach ca\u0142ej Polski! Awantura Czarzastego z Boguckim wstrz\u0105sn\u0119\u0142a pos\u0142ami \u2013 posypa\u0142y si\u0119 ostre s\u0142owa\">Read more<\/a><\/p>\n","protected":false},"author":1,"featured_media":0,"comment_status":"open","ping_status":"open","sticky":false,"template":"","format":"standard","meta":{"footnotes":""},"categories":[1],"tags":[],"class_list":["post-12330","post","type-post","status-publish","format-standard","hentry","category-uncategorized"],"_links":{"self":[{"href":"https:\/\/dobrezrodla.com\/index.php?rest_route=\/wp\/v2\/posts\/12330","targetHints":{"allow":["GET"]}}],"collection":[{"href":"https:\/\/dobrezrodla.com\/index.php?rest_route=\/wp\/v2\/posts"}],"about":[{"href":"https:\/\/dobrezrodla.com\/index.php?rest_route=\/wp\/v2\/types\/post"}],"author":[{"embeddable":true,"href":"https:\/\/dobrezrodla.com\/index.php?rest_route=\/wp\/v2\/users\/1"}],"replies":[{"embeddable":true,"href":"https:\/\/dobrezrodla.com\/index.php?rest_route=%2Fwp%2Fv2%2Fcomments&post=12330"}],"version-history":[{"count":1,"href":"https:\/\/dobrezrodla.com\/index.php?rest_route=\/wp\/v2\/posts\/12330\/revisions"}],"predecessor-version":[{"id":12331,"href":"https:\/\/dobrezrodla.com\/index.php?rest_route=\/wp\/v2\/posts\/12330\/revisions\/12331"}],"wp:attachment":[{"href":"https:\/\/dobrezrodla.com\/index.php?rest_route=%2Fwp%2Fv2%2Fmedia&parent=12330"}],"wp:term":[{"taxonomy":"category","embeddable":true,"href":"https:\/\/dobrezrodla.com\/index.php?rest_route=%2Fwp%2Fv2%2Fcategories&post=12330"},{"taxonomy":"post_tag","embeddable":true,"href":"https:\/\/dobrezrodla.com\/index.php?rest_route=%2Fwp%2Fv2%2Ftags&post=12330"}],"curies":[{"name":"wp","href":"https:\/\/api.w.org\/{rel}","templated":true}]}}