{"id":12334,"date":"2025-12-18T08:15:15","date_gmt":"2025-12-18T08:15:15","guid":{"rendered":"https:\/\/dobrezrodla.com\/?p=12334"},"modified":"2025-12-18T08:15:15","modified_gmt":"2025-12-18T08:15:15","slug":"tragedia-w-jeleniej-gorze-wciaz-budzi-groze-sad-rodzinny-zabral-glos-po-smierci-11-latki","status":"publish","type":"post","link":"https:\/\/dobrezrodla.com\/?p=12334","title":{"rendered":"Tragedia w Jeleniej G\u00f3rze wci\u0105\u017c budzi groz\u0119. S\u0105d rodzinny zabra\u0142 g\u0142os po \u015bmierci 11-latki"},"content":{"rendered":"\n<p>\u015amier\u0107 11-letniej dziewczynki wstrz\u0105sn\u0119\u0142a nie tylko Jeleni\u0105 G\u00f3r\u0105, ale ca\u0142\u0105 Polsk\u0105. W pobli\u017cu szko\u0142y podstawowej odnaleziono cia\u0142o dziecka, a okoliczno\u015bci zdarzenia od pocz\u0105tku budz\u0105 ogromne emocje i pytania o granice odpowiedzialno\u015bci, bezpiecze\u0144stwo najm\u0142odszych i rol\u0119 pa\u0144stwa w takich dramatycznych sytuacjach.<\/p>\n\n\n\n<p>Do zdarzenia dosz\u0142o po zg\u0142oszeniu b\u00f3jki mi\u0119dzy dwiema uczennicami. Na miejscu ratownicy stwierdzili zgon dziewczynki, a \u015bledczy szybko ustalili, \u017ce zosta\u0142a ona \u015bmiertelnie zraniona ostrym narz\u0119dziem. Wkr\u00f3tce zatrzymano 12-letni\u0105 uczennic\u0119 tej samej szko\u0142y. Ze wzgl\u0119du na jej wiek sprawa natychmiast trafi\u0142a do s\u0105du rodzinnego, a nie karnego.<\/p>\n\n\n\n<p>S\u0119dzia Karolina Sosi\u0144ska, prezeska Stowarzyszenia S\u0119dzi\u00f3w S\u0105d\u00f3w Rodzinnych, w rozmowie z mediami podkre\u015bli\u0142a, \u017ce ta sprawa wymaga wyj\u0105tkowej ostro\u017cno\u015bci i g\u0142\u0119bokiej refleksji. Jak zaznaczy\u0142a, mimo wagi czynu, 12-latka nie mo\u017ce zosta\u0107 os\u0105dzona jak doros\u0142y sprawca ani trafi\u0107 do zak\u0142adu poprawczego. Prawo przewiduje wobec nieletnich zupe\u0142nie inne \u015brodki \u2013 wychowawcze i ochronne, a nie represyjne.<\/p>\n\n\n\n<p>S\u0119dzia zwr\u00f3ci\u0142a uwag\u0119, \u017ce kluczowe b\u0119dzie dok\u0142adne zbadanie sytuacji rodzinnej i stanu psychicznego dziewczynki. Biegli psycholodzy i psychiatrzy maj\u0105 ustali\u0107, czy wyst\u0119powa\u0142y zaburzenia, deficyty emocjonalne lub inne czynniki, kt\u00f3re mog\u0142y doprowadzi\u0107 do tragedii. Dopiero na tej podstawie s\u0105d zdecyduje o dalszych krokach \u2013 od nadzoru kuratora po bardziej restrykcyjne \u015brodki zabezpieczaj\u0105ce.<\/p>\n\n\n\n<p>Pad\u0142y te\u017c s\u0142owa, kt\u00f3re szczeg\u00f3lnie poruszy\u0142y opini\u0119 publiczn\u0105. \u2013 <em>To dziecko kiedy\u015b b\u0119dzie musia\u0142o sw\u00f3j czyn ud\u017awign\u0105\u0107<\/em> \u2013 powiedzia\u0142a s\u0119dzia, podkre\u015blaj\u0105c, \u017ce brak odpowiedzialno\u015bci karnej nie oznacza braku konsekwencji psychicznych i moralnych. Jej zdaniem dramat dotyka nie tylko ofiary, ale r\u00f3wnie\u017c sprawczyni\u0119 i obie rodziny.<\/p>\n\n\n\n<p>Sprawa obna\u017ca szereg trudnych pyta\u0144: czy system potrafi odpowiednio wcze\u015bnie reagowa\u0107 na przemoc w\u015br\u00f3d dzieci, jak wspiera\u0107 szko\u0142y i rodzic\u00f3w oraz gdzie przebiega granica mi\u0119dzy ochron\u0105 nieletniego a poczuciem sprawiedliwo\u015bci spo\u0142ecznej. Jedno jest pewne \u2013 to dramat, kt\u00f3ry na d\u0142ugo pozostanie w pami\u0119ci mieszka\u0144c\u00f3w i ca\u0142ego kraju.<\/p>\n","protected":false},"excerpt":{"rendered":"<p>\u015amier\u0107 11-letniej dziewczynki wstrz\u0105sn\u0119\u0142a nie tylko Jeleni\u0105 G\u00f3r\u0105, ale ca\u0142\u0105 Polsk\u0105. W pobli\u017cu szko\u0142y podstawowej odnaleziono cia\u0142o dziecka, a okoliczno\u015bci zdarzenia od pocz\u0105tku budz\u0105 ogromne emocje i pytania o granice odpowiedzialno\u015bci, bezpiecze\u0144stwo najm\u0142odszych i rol\u0119 pa\u0144stwa w takich dramatycznych sytuacjach. Do zdarzenia dosz\u0142o po zg\u0142oszeniu b\u00f3jki mi\u0119dzy dwiema uczennicami. Na miejscu ratownicy stwierdzili zgon dziewczynki, &#8230; <a title=\"Tragedia w Jeleniej G\u00f3rze wci\u0105\u017c budzi groz\u0119. S\u0105d rodzinny zabra\u0142 g\u0142os po \u015bmierci 11-latki\" class=\"read-more\" href=\"https:\/\/dobrezrodla.com\/?p=12334\" aria-label=\"Read more about Tragedia w Jeleniej G\u00f3rze wci\u0105\u017c budzi groz\u0119. S\u0105d rodzinny zabra\u0142 g\u0142os po \u015bmierci 11-latki\">Read more<\/a><\/p>\n","protected":false},"author":1,"featured_media":0,"comment_status":"open","ping_status":"open","sticky":false,"template":"","format":"standard","meta":{"footnotes":""},"categories":[1],"tags":[],"class_list":["post-12334","post","type-post","status-publish","format-standard","hentry","category-uncategorized"],"_links":{"self":[{"href":"https:\/\/dobrezrodla.com\/index.php?rest_route=\/wp\/v2\/posts\/12334","targetHints":{"allow":["GET"]}}],"collection":[{"href":"https:\/\/dobrezrodla.com\/index.php?rest_route=\/wp\/v2\/posts"}],"about":[{"href":"https:\/\/dobrezrodla.com\/index.php?rest_route=\/wp\/v2\/types\/post"}],"author":[{"embeddable":true,"href":"https:\/\/dobrezrodla.com\/index.php?rest_route=\/wp\/v2\/users\/1"}],"replies":[{"embeddable":true,"href":"https:\/\/dobrezrodla.com\/index.php?rest_route=%2Fwp%2Fv2%2Fcomments&post=12334"}],"version-history":[{"count":1,"href":"https:\/\/dobrezrodla.com\/index.php?rest_route=\/wp\/v2\/posts\/12334\/revisions"}],"predecessor-version":[{"id":12335,"href":"https:\/\/dobrezrodla.com\/index.php?rest_route=\/wp\/v2\/posts\/12334\/revisions\/12335"}],"wp:attachment":[{"href":"https:\/\/dobrezrodla.com\/index.php?rest_route=%2Fwp%2Fv2%2Fmedia&parent=12334"}],"wp:term":[{"taxonomy":"category","embeddable":true,"href":"https:\/\/dobrezrodla.com\/index.php?rest_route=%2Fwp%2Fv2%2Fcategories&post=12334"},{"taxonomy":"post_tag","embeddable":true,"href":"https:\/\/dobrezrodla.com\/index.php?rest_route=%2Fwp%2Fv2%2Ftags&post=12334"}],"curies":[{"name":"wp","href":"https:\/\/api.w.org\/{rel}","templated":true}]}}