{"id":12338,"date":"2025-12-18T08:19:21","date_gmt":"2025-12-18T08:19:21","guid":{"rendered":"https:\/\/dobrezrodla.com\/?p=12338"},"modified":"2025-12-18T08:19:21","modified_gmt":"2025-12-18T08:19:21","slug":"jelenia-gora-pograzona-w-ciszy-znamy-date-pogrzebu-11-letniej-danusi-to-bedzie-dzien-ktorego-nikt-nie-zapomni","status":"publish","type":"post","link":"https:\/\/dobrezrodla.com\/?p=12338","title":{"rendered":"Jelenia G\u00f3ra pogr\u0105\u017cona w ciszy. Znamy dat\u0119 pogrzebu 11-letniej Danusi \u2013 to b\u0119dzie dzie\u0144, kt\u00f3rego nikt nie zapomni"},"content":{"rendered":"\n<p>Ca\u0142e miasto wstrzyma oddech. W sobot\u0119, 20 grudnia 2025 roku, Jelenia G\u00f3ra po\u017cegna 11-letni\u0105 Danusi\u0119 \u2013 dziewczynk\u0119, kt\u00f3rej \u017cycie zosta\u0142o brutalnie przerwane tu\u017c obok szko\u0142y. Uroczysto\u015bci pogrzebowe rozpoczn\u0105 si\u0119 o godzinie 12:00 na starym cmentarzu komunalnym. Tego dnia w mie\u015bcie obowi\u0105zywa\u0107 b\u0119dzie oficjalna \u017ca\u0142oba.<\/p>\n\n\n\n<p>Danusia by\u0142a harcerk\u0105, przygotowywa\u0142a si\u0119 do z\u0142o\u017cenia Przyrzeczenia Harcerskiego. Mia\u0142a marzenia, pasje, przyjaci\u00f3\u0142. Teraz miasto przygotowuje si\u0119 do symbolicznego po\u017cegnania, kt\u00f3re zjednoczy tych, kt\u00f3rzy czuj\u0105 b\u00f3l, niedowierzanie i ogromny smutek.<\/p>\n\n\n\n<p>Prezydent miasta apeluje o powag\u0119 i cisz\u0119 \u2013 tego dnia nie b\u0119dzie miejsca na huczne imprezy. Tylko skupienie, \u015bwieczki i modlitwa.<\/p>\n","protected":false},"excerpt":{"rendered":"<p>Ca\u0142e miasto wstrzyma oddech. W sobot\u0119, 20 grudnia 2025 roku, Jelenia G\u00f3ra po\u017cegna 11-letni\u0105 Danusi\u0119 \u2013 dziewczynk\u0119, kt\u00f3rej \u017cycie zosta\u0142o brutalnie przerwane tu\u017c obok szko\u0142y. Uroczysto\u015bci pogrzebowe rozpoczn\u0105 si\u0119 o godzinie 12:00 na starym cmentarzu komunalnym. Tego dnia w mie\u015bcie obowi\u0105zywa\u0107 b\u0119dzie oficjalna \u017ca\u0142oba. Danusia by\u0142a harcerk\u0105, przygotowywa\u0142a si\u0119 do z\u0142o\u017cenia Przyrzeczenia Harcerskiego. Mia\u0142a marzenia, &#8230; <a title=\"Jelenia G\u00f3ra pogr\u0105\u017cona w ciszy. Znamy dat\u0119 pogrzebu 11-letniej Danusi \u2013 to b\u0119dzie dzie\u0144, kt\u00f3rego nikt nie zapomni\" class=\"read-more\" href=\"https:\/\/dobrezrodla.com\/?p=12338\" aria-label=\"Read more about Jelenia G\u00f3ra pogr\u0105\u017cona w ciszy. Znamy dat\u0119 pogrzebu 11-letniej Danusi \u2013 to b\u0119dzie dzie\u0144, kt\u00f3rego nikt nie zapomni\">Read more<\/a><\/p>\n","protected":false},"author":1,"featured_media":0,"comment_status":"open","ping_status":"open","sticky":false,"template":"","format":"standard","meta":{"footnotes":""},"categories":[1],"tags":[],"class_list":["post-12338","post","type-post","status-publish","format-standard","hentry","category-uncategorized"],"_links":{"self":[{"href":"https:\/\/dobrezrodla.com\/index.php?rest_route=\/wp\/v2\/posts\/12338","targetHints":{"allow":["GET"]}}],"collection":[{"href":"https:\/\/dobrezrodla.com\/index.php?rest_route=\/wp\/v2\/posts"}],"about":[{"href":"https:\/\/dobrezrodla.com\/index.php?rest_route=\/wp\/v2\/types\/post"}],"author":[{"embeddable":true,"href":"https:\/\/dobrezrodla.com\/index.php?rest_route=\/wp\/v2\/users\/1"}],"replies":[{"embeddable":true,"href":"https:\/\/dobrezrodla.com\/index.php?rest_route=%2Fwp%2Fv2%2Fcomments&post=12338"}],"version-history":[{"count":1,"href":"https:\/\/dobrezrodla.com\/index.php?rest_route=\/wp\/v2\/posts\/12338\/revisions"}],"predecessor-version":[{"id":12339,"href":"https:\/\/dobrezrodla.com\/index.php?rest_route=\/wp\/v2\/posts\/12338\/revisions\/12339"}],"wp:attachment":[{"href":"https:\/\/dobrezrodla.com\/index.php?rest_route=%2Fwp%2Fv2%2Fmedia&parent=12338"}],"wp:term":[{"taxonomy":"category","embeddable":true,"href":"https:\/\/dobrezrodla.com\/index.php?rest_route=%2Fwp%2Fv2%2Fcategories&post=12338"},{"taxonomy":"post_tag","embeddable":true,"href":"https:\/\/dobrezrodla.com\/index.php?rest_route=%2Fwp%2Fv2%2Ftags&post=12338"}],"curies":[{"name":"wp","href":"https:\/\/api.w.org\/{rel}","templated":true}]}}