{"id":12340,"date":"2025-12-18T08:31:01","date_gmt":"2025-12-18T08:31:01","guid":{"rendered":"https:\/\/dobrezrodla.com\/?p=12340"},"modified":"2025-12-18T08:31:01","modified_gmt":"2025-12-18T08:31:01","slug":"walka-o-psy-z-lancuchow-sejm-rozstrzygnie-czy-weto-prezydenta-przetrwa","status":"publish","type":"post","link":"https:\/\/dobrezrodla.com\/?p=12340","title":{"rendered":"Walka o psy z \u0142a\u0144cuch\u00f3w \u2013 Sejm rozstrzygnie, czy weto prezydenta przetrwa"},"content":{"rendered":"\n<p>Trwa zaci\u0119ta debata w Sejmie na temat przysz\u0142o\u015bci tzw. \u201eustawy \u0142a\u0144cuchowej\u201d, kt\u00f3ra mia\u0142a wprowadzi\u0107 zakaz trzymania ps\u00f3w na \u0142a\u0144cuchach. Prezydent Karol Nawrocki zawetowa\u0142 ustaw\u0119, ale dzi\u015b pos\u0142owie zdecyduj\u0105, czy jego decyzja zostanie podtrzymana, czy jednak Polska zrobi krok w stron\u0119 lepszego traktowania zwierz\u0105t.<\/p>\n\n\n\n<p><strong>Wie\u015b kontra miasto? Nie tym razem<\/strong><\/p>\n\n\n\n<p>Szef kancelarii prezydenta, Zbigniew Bogucki, broni\u0142 weta, twierdz\u0105c, \u017ce ustawa pi\u0119tnuje wie\u015b i jest pe\u0142na hipokryzji. Przekonywa\u0142, \u017ce du\u017ce psy w miastach \u017cyj\u0105 w ciasnych mieszkaniach, co r\u00f3wnie\u017c nie jest korzystne dla ich dobrostanu. &#8211; Dlaczego dopuszczacie, \u017ceby dog niemiecki siedzia\u0142 w kawalerce, ale przeszkadza wam pies na podw\u00f3rku? \u2013 pyta\u0142 z m\u00f3wnicy.<\/p>\n\n\n\n<p>Bogucki ostrzeg\u0142 te\u017c, \u017ce rygorystyczne przepisy mog\u0105 odstraszy\u0107 ludzi od adopcji ps\u00f3w, a wie\u015b czuje si\u0119 stygmatyzowana.<\/p>\n\n\n\n<p><strong>Odpowied\u017a: To nie o wsi, tylko o \u0142a\u0144cuchach<\/strong><\/p>\n\n\n\n<p>Z tym podej\u015bciem stanowczo nie zgodzi\u0142y si\u0119 pos\u0142anki Koalicji Obywatelskiej. Dorota Niedziela wyja\u015bnia\u0142a: \u2013 Ta ustawa nie dotyczy podzia\u0142u na wie\u015b i miasto. Dotyczy \u0142a\u0144cuch\u00f3w. I tego, \u017ce pies nie powinien ca\u0142e \u017cycie tkwi\u0107 na metalu.<\/p>\n\n\n\n<p>Jako weterynarz z 30-letnim sta\u017cem podkre\u015bla\u0142a, \u017ce trzymanie ps\u00f3w na \u0142a\u0144cuchach to przemoc, a argumenty o rzekomej blokadzie adopcji s\u0105 nietrafione. \u2013 Kojec kosztuje mniej ni\u017c roczna opieka weterynaryjna. Nikt nikogo nie zmusza do posiadania psa \u2013 doda\u0142a.<\/p>\n\n\n\n<p><strong>Debata, kt\u00f3ra trwa ju\u017c 30 lat<\/strong><\/p>\n\n\n\n<p>\u2013 Jeste\u015bmy w XXI wieku, a nadal nie mo\u017cemy odpi\u0105\u0107 ps\u00f3w z \u0142a\u0144cuch\u00f3w. Czas z tym sko\u0144czy\u0107 \u2013 apelowa\u0142a pos\u0142anka Katarzyna Piekarska. Przypomnia\u0142a, \u017ce temat przewija si\u0119 od lat 90., a obecnie nawet badania opinii na wsi pokazuj\u0105 gotowo\u015b\u0107 do zmian.<\/p>\n\n\n\n<p><strong>Rz\u0105dz\u0105ca koalicja jednomy\u015blna<\/strong><\/p>\n\n\n\n<p>Lewica, PSL i Polska 2050 r\u00f3wnie\u017c wzywaj\u0105 do odrzucenia weta. \u2013 Polska ma szans\u0119 przesta\u0107 by\u0107 skansenem okrucie\u0144stwa wobec ps\u00f3w \u2013 powiedzia\u0142a Daria Gosek-Popio\u0142ek. Pose\u0142 PSL Jaros\u0142aw Rzepa podkre\u015bli\u0142, \u017ce ustawa by\u0142a kompromisowa, a sytuacja na polskiej wsi ju\u017c dawno si\u0119 zmieni\u0142a. \u2013 Tych, kt\u00f3rzy nadal trzymaj\u0105 psy na \u0142a\u0144cuchach, trzeba zobowi\u0105za\u0107 do zmian \u2013 stwierdzi\u0142.<\/p>\n\n\n\n<p>G\u0142osowanie odb\u0119dzie si\u0119 dzi\u015b wieczorem. Wcze\u015bniej pod Sejmem protestowali obro\u0144cy zwierz\u0105t, domagaj\u0105c si\u0119 jednoznacznego stanowiska: koniec z \u0142a\u0144cuchami.<\/p>\n","protected":false},"excerpt":{"rendered":"<p>Trwa zaci\u0119ta debata w Sejmie na temat przysz\u0142o\u015bci tzw. \u201eustawy \u0142a\u0144cuchowej\u201d, kt\u00f3ra mia\u0142a wprowadzi\u0107 zakaz trzymania ps\u00f3w na \u0142a\u0144cuchach. Prezydent Karol Nawrocki zawetowa\u0142 ustaw\u0119, ale dzi\u015b pos\u0142owie zdecyduj\u0105, czy jego decyzja zostanie podtrzymana, czy jednak Polska zrobi krok w stron\u0119 lepszego traktowania zwierz\u0105t. Wie\u015b kontra miasto? Nie tym razem Szef kancelarii prezydenta, Zbigniew Bogucki, broni\u0142 &#8230; <a title=\"Walka o psy z \u0142a\u0144cuch\u00f3w \u2013 Sejm rozstrzygnie, czy weto prezydenta przetrwa\" class=\"read-more\" href=\"https:\/\/dobrezrodla.com\/?p=12340\" aria-label=\"Read more about Walka o psy z \u0142a\u0144cuch\u00f3w \u2013 Sejm rozstrzygnie, czy weto prezydenta przetrwa\">Read more<\/a><\/p>\n","protected":false},"author":1,"featured_media":0,"comment_status":"open","ping_status":"open","sticky":false,"template":"","format":"standard","meta":{"footnotes":""},"categories":[1],"tags":[],"class_list":["post-12340","post","type-post","status-publish","format-standard","hentry","category-uncategorized"],"_links":{"self":[{"href":"https:\/\/dobrezrodla.com\/index.php?rest_route=\/wp\/v2\/posts\/12340","targetHints":{"allow":["GET"]}}],"collection":[{"href":"https:\/\/dobrezrodla.com\/index.php?rest_route=\/wp\/v2\/posts"}],"about":[{"href":"https:\/\/dobrezrodla.com\/index.php?rest_route=\/wp\/v2\/types\/post"}],"author":[{"embeddable":true,"href":"https:\/\/dobrezrodla.com\/index.php?rest_route=\/wp\/v2\/users\/1"}],"replies":[{"embeddable":true,"href":"https:\/\/dobrezrodla.com\/index.php?rest_route=%2Fwp%2Fv2%2Fcomments&post=12340"}],"version-history":[{"count":1,"href":"https:\/\/dobrezrodla.com\/index.php?rest_route=\/wp\/v2\/posts\/12340\/revisions"}],"predecessor-version":[{"id":12341,"href":"https:\/\/dobrezrodla.com\/index.php?rest_route=\/wp\/v2\/posts\/12340\/revisions\/12341"}],"wp:attachment":[{"href":"https:\/\/dobrezrodla.com\/index.php?rest_route=%2Fwp%2Fv2%2Fmedia&parent=12340"}],"wp:term":[{"taxonomy":"category","embeddable":true,"href":"https:\/\/dobrezrodla.com\/index.php?rest_route=%2Fwp%2Fv2%2Fcategories&post=12340"},{"taxonomy":"post_tag","embeddable":true,"href":"https:\/\/dobrezrodla.com\/index.php?rest_route=%2Fwp%2Fv2%2Ftags&post=12340"}],"curies":[{"name":"wp","href":"https:\/\/api.w.org\/{rel}","templated":true}]}}