{"id":12354,"date":"2025-12-18T09:17:55","date_gmt":"2025-12-18T09:17:55","guid":{"rendered":"https:\/\/dobrezrodla.com\/?p=12354"},"modified":"2025-12-18T09:18:06","modified_gmt":"2025-12-18T09:18:06","slug":"wypadek-na-podkarpaciu-potracono-pieszego-67-latek-nie-zyje","status":"publish","type":"post","link":"https:\/\/dobrezrodla.com\/?p=12354","title":{"rendered":"Wypadek na Podkarpaciu. Potr\u0105cono pieszego. 67-latek nie \u017cyje"},"content":{"rendered":"\n<p>Podkarpacie: Lokalne media informuj\u0105 o tragedii, do kt\u00f3rej dosz\u0142o wczoraj, 17 grudnia, tu\u017c przed godzin\u0105 18:00. W miejscowo\u015bci Zarzecze dosz\u0142o do wypadku, w kt\u00f3rego konsekwencji zmar\u0142 67-letni m\u0119\u017cczyzna. S\u0142u\u017cby pracuj\u0105 nad wyja\u015bnieniem szczeg\u00f3\u0142\u00f3w.<\/p>\n\n\n\n<p>\u015amiertelny wypadek na drodze pod Jas\u0142em. Nie \u017cyje 67-latek<br>Policja informuje o szczeg\u00f3\u0142ach zdarzenia po \u015bmierci m\u0119\u017cczyzny<br>S\u0142u\u017cby pr\u00f3buj\u0105 wyja\u015bni\u0107 tragedi\u0119 na Podkarpaciu<br>Tragedia pod Jas\u0142em. 67-letni m\u0119\u017cczyzna nie \u017cyje<br>W \u015brod\u0119, 17 grudnia, oko\u0142o godziny 17:40 w miejscowo\u015bci Zarzecze (powiat jasielski) dosz\u0142o do tragicznego wypadku drogowego. Pod ko\u0142ami samochodu osobowego zgin\u0105\u0142 67-letni m\u0119\u017cczyzna, mieszkaniec gminy D\u0119bowiec.<\/p>\n\n\n\n<p>Z wst\u0119pnych ustale\u0144 policji wynika, \u017ce kieruj\u0105ca Volkswagenem porusza\u0142a si\u0119 prostym odcinkiem drogi od strony Nowego \u017bmigrodu w kierunku Jas\u0142a. To w\u0142a\u015bnie tam najecha\u0142a na m\u0119\u017cczyzn\u0119, kt\u00f3ry w chwili zdarzenia le\u017ca\u0142 na jezdni. Niestety, poszkodowany poni\u00f3s\u0142 \u015bmier\u0107 na miejscu.<\/p>\n\n\n\n<p><\/p>\n\n\n\n<p>Policja przekazuje informacje na temat zdarzenia pod Jas\u0142em. Nie \u017cyje m\u0119\u017cczyzna<br>Do tragicznego wypadku dosz\u0142o na drodze wojew\u00f3dzkiej nr 992. Z dotychczasowych ustale\u0144 funkcjonariuszy wynika, \u017ce kieruj\u0105ca Volkswagenem Polo, poruszaj\u0105c si\u0119 w stron\u0119 Jas\u0142a, na prostym odcinku drogi w terenie zabudowanym najecha\u0142a na le\u017c\u0105cego na jezdni m\u0119\u017cczyzn\u0119.<\/p>\n\n\n\n<p>Mimo natychmiastowo podj\u0119tej reanimacji, \u017cycia 67-letniego mieszka\u0144ca gminy D\u0119bowiec nie uda\u0142o si\u0119 uratowa\u0107. M\u0119\u017cczyzna zmar\u0142 w wyniku odniesionych obra\u017ce\u0144. Na miejscu zdarzenia przez wiele godzin pracowali policjanci pod nadzorem prokuratora, zabezpieczaj\u0105c \u015blady niezb\u0119dne do odtworzenia przebiegu zdarzenia.<\/p>\n\n\n\n<ul class=\"wp-block-list\">\n<li>Ze wst\u0119pnych ustale\u0144 funkcjonariuszy wynika, \u017ce kieruj\u0105ca volkswagenem polo, jad\u0105c drog\u0105 wojew\u00f3dzk\u0105 nr 992, w kierunku od Nowego \u017bmigrodu do Jas\u0142a, na prostym odcinku drogi, w terenie zabudowanym, najprawdopodobniej najecha\u0142a na le\u017c\u0105cego na jezdni m\u0119\u017cczyzn\u0119. Pomimo podj\u0119tej reanimacji \u017cycia 67-letniego mieszka\u0144ca gminy D\u0119bowiec nie uda\u0142o si\u0119 uratowa\u0107 &#8211; przekaza\u0142 informacj\u0119 komisarz Barbara Paw\u0142owska z Komendy Powiatowej Policji w Ja\u015ble portal jas\u0142o.naszemiasto.pl.<\/li>\n<\/ul>\n\n\n\n<p>Pieszy nie \u017cyje. Praca s\u0142u\u017cb i pr\u00f3ba wyja\u015bnienia tragedii<br>Jak przekaza\u0142a Ochotnicza Stra\u017c Po\u017carna w Zarzeczu poprzez swoje media spo\u0142eczno\u015bciowe, na miejscu pracowa\u0142y wszystkie s\u0142u\u017cby:<\/p>\n\n\n\n<ul class=\"wp-block-list\">\n<li>Ok. Godziny 18 w naszej miejscowo\u015bci na drodze wojew\u00f3dzkiej nr 992, mia\u0142o miejsce potr\u0105cenie pieszego przez samoch\u00f3d osobowy. Na miejscu pracuj\u0105 wszystkie s\u0142u\u017cby ratownicze: medycy Samodzielne Publiczne Pogotowie Ratunkowe w Kro\u015bnie &#8211; podstacja Nowy \u017bmigr\u00f3d, zast\u0119py 21,26 z JRG PSP Jas\u0142o, OSP KSRG D\u0119bowiec , oraz policjanci z KPP Jas\u0142o.<\/li>\n<\/ul>\n\n\n\n<p>Niestety pomimo silnych stara\u0144 s\u0142u\u017cb ratowniczych wypadek jest ze skutkiem \u015bmiertelnym, pieszego nie uda\u0142o si\u0119 uratowa\u0107, odst\u0105piono od prowadzonych czynno\u015bci tym samym stwierdzaj\u0105c zgon na miejscu &#8211; pojawi\u0142o si\u0119 na oficjalnej stronie OSP Zarzecze.<\/p>\n\n\n\n<p>Obecnie na miejscu tragedii trwaj\u0105 intensywne czynno\u015bci s\u0142u\u017cb. Policjanci pod nadzorem prokuratora zabezpieczaj\u0105 \u015blady i zbieraj\u0105 materia\u0142 dowodowy, aby dok\u0142adnie wyja\u015bni\u0107 przyczyny i okoliczno\u015bci tego zdarzenia. W zwi\u0105zku z prowadzonymi pracami, wczoraj droga w rejonie wypadku zosta\u0142a ca\u0142kowicie zablokowana, a kierowcy musieli liczy\u0107 si\u0119 z utrudnieniami i konieczno\u015bci\u0105 korzystania z objazd\u00f3w.<\/p>\n","protected":false},"excerpt":{"rendered":"<p>Podkarpacie: Lokalne media informuj\u0105 o tragedii, do kt\u00f3rej dosz\u0142o wczoraj, 17 grudnia, tu\u017c przed godzin\u0105 18:00. W miejscowo\u015bci Zarzecze dosz\u0142o do wypadku, w kt\u00f3rego konsekwencji zmar\u0142 67-letni m\u0119\u017cczyzna. S\u0142u\u017cby pracuj\u0105 nad wyja\u015bnieniem szczeg\u00f3\u0142\u00f3w. \u015amiertelny wypadek na drodze pod Jas\u0142em. Nie \u017cyje 67-latekPolicja informuje o szczeg\u00f3\u0142ach zdarzenia po \u015bmierci m\u0119\u017cczyznyS\u0142u\u017cby pr\u00f3buj\u0105 wyja\u015bni\u0107 tragedi\u0119 na PodkarpaciuTragedia pod &#8230; <a title=\"Wypadek na Podkarpaciu. Potr\u0105cono pieszego. 67-latek nie \u017cyje\" class=\"read-more\" href=\"https:\/\/dobrezrodla.com\/?p=12354\" aria-label=\"Read more about Wypadek na Podkarpaciu. Potr\u0105cono pieszego. 67-latek nie \u017cyje\">Read more<\/a><\/p>\n","protected":false},"author":1,"featured_media":0,"comment_status":"open","ping_status":"open","sticky":false,"template":"","format":"standard","meta":{"footnotes":""},"categories":[1],"tags":[],"class_list":["post-12354","post","type-post","status-publish","format-standard","hentry","category-uncategorized"],"_links":{"self":[{"href":"https:\/\/dobrezrodla.com\/index.php?rest_route=\/wp\/v2\/posts\/12354","targetHints":{"allow":["GET"]}}],"collection":[{"href":"https:\/\/dobrezrodla.com\/index.php?rest_route=\/wp\/v2\/posts"}],"about":[{"href":"https:\/\/dobrezrodla.com\/index.php?rest_route=\/wp\/v2\/types\/post"}],"author":[{"embeddable":true,"href":"https:\/\/dobrezrodla.com\/index.php?rest_route=\/wp\/v2\/users\/1"}],"replies":[{"embeddable":true,"href":"https:\/\/dobrezrodla.com\/index.php?rest_route=%2Fwp%2Fv2%2Fcomments&post=12354"}],"version-history":[{"count":2,"href":"https:\/\/dobrezrodla.com\/index.php?rest_route=\/wp\/v2\/posts\/12354\/revisions"}],"predecessor-version":[{"id":12357,"href":"https:\/\/dobrezrodla.com\/index.php?rest_route=\/wp\/v2\/posts\/12354\/revisions\/12357"}],"wp:attachment":[{"href":"https:\/\/dobrezrodla.com\/index.php?rest_route=%2Fwp%2Fv2%2Fmedia&parent=12354"}],"wp:term":[{"taxonomy":"category","embeddable":true,"href":"https:\/\/dobrezrodla.com\/index.php?rest_route=%2Fwp%2Fv2%2Fcategories&post=12354"},{"taxonomy":"post_tag","embeddable":true,"href":"https:\/\/dobrezrodla.com\/index.php?rest_route=%2Fwp%2Fv2%2Ftags&post=12354"}],"curies":[{"name":"wp","href":"https:\/\/api.w.org\/{rel}","templated":true}]}}