{"id":12358,"date":"2025-12-18T09:19:05","date_gmt":"2025-12-18T09:19:05","guid":{"rendered":"https:\/\/dobrezrodla.com\/?p=12358"},"modified":"2025-12-18T09:19:06","modified_gmt":"2025-12-18T09:19:06","slug":"sad-o-losie-12-latki-odpowiedzialnej-za-zabojstwo-11-letniej-danusi-to-ja-czeka","status":"publish","type":"post","link":"https:\/\/dobrezrodla.com\/?p=12358","title":{"rendered":"S\u0105d o losie 12-latki odpowiedzialnej za zab\u00f3jstwo 11-letniej Danusi. To j\u0105 czeka"},"content":{"rendered":"\n<p>Jelenia G\u00f3ra pogr\u0105\u017cy\u0142a si\u0119 w \u017ca\u0142obie po poniedzia\u0142kowych wydarzeniach pod Szko\u0142\u0105 Podstawow\u0105 nr 10. \u015amier\u0107 11-letniej Danusi, do kt\u00f3rej dosz\u0142o w bia\u0142y dzie\u0144, zszokowa\u0142a opini\u0119 publiczn\u0105 nie tylko skal\u0105 brutalno\u015bci, ale przede wszystkim wiekiem osoby podejrzewanej o ten czyn. Ca\u0142a Polska zadaje sobie dzi\u015b pytanie, jak mog\u0142o doj\u015b\u0107 do tak niewyobra\u017calnego aktu przemocy w\u015br\u00f3d dzieci.<\/p>\n\n\n\n<p>Granice odpowiedzialno\u015bci w polskim systemie prawnym<br>Specjali\u015bci badaj\u0105 okoliczno\u015bci sprawy<br>Prawo wobec zbrodni, kt\u00f3r\u0105 trudno zrozumie\u0107<br>Granice odpowiedzialno\u015bci w polskim systemie prawnym<br>Zdarzenia, do kt\u00f3rych dosz\u0142o 15 grudnia 2025 roku przy ulicy Wyspia\u0144skiego, wymuszaj\u0105 bolesn\u0105 dyskusj\u0119 o tym, gdzie ko\u0144czy si\u0119 dzieci\u0144stwo, a zaczyna pe\u0142na odpowiedzialno\u015b\u0107 za w\u0142asne czyny. W polskim porz\u0105dku prawnym pr\u00f3g dojrza\u0142o\u015bci karnej jest ustawiony stosunkowo wysoko, co w przypadkach tak drastycznych jak ten jeleniog\u00f3rski, cz\u0119sto budzi sprzeciw spo\u0142eczny.<\/p>\n\n\n\n<p>Zgodnie z Kodeksem karnym odpowiedzialno\u015bci podlegaj\u0105 osoby, kt\u00f3re uko\u0144czy\u0142y 17 lat, a w wyj\u0105tkowych sytuacjach dotycz\u0105cych najci\u0119\u017cszych zbrodni \u2013 15 lat. Dwunastolatka, bez wzgl\u0119du na charakter pope\u0142nionego czynu, znajduje si\u0119 ca\u0142kowicie poza zasi\u0119giem klasycznego wymiaru sprawiedliwo\u015bci. Nie us\u0142yszy ona zarzutu zab\u00f3jstwa w rozumieniu karnym, lecz zostanie obj\u0119ta post\u0119powaniem o czyn karalny przed s\u0105dem rodzinnym.<\/p>\n\n\n\n<p>Serce p\u0119ka. Ta \u015bliczna, u\u015bmiechni\u0119ta dziewczynka, to Danusia &#8211; jedenastoletnia ofiara zbrodni w Jeleniej G\u00f3rze. Wszystko wskazuje na to, \u017ce zgin\u0119\u0142a z r\u0105k o rok starszej kole\u017canki ze szko\u0142y<\/p>\n\n\n\n<p>To tragedia, kt\u00f3r\u0105 od wczoraj \u017cyje ca\u0142a Polska. Danusia &#8211; uczennica pi\u0105tej klasy &#8211; wraca\u0142a\u2026 pic.twitter.com\/CK1B5B06jG<\/p>\n\n\n\n<p>\u2014 Prawda w oczy (@Prawda_woczy) December 17, 2025<br>To fundamentalna r\u00f3\u017cnica, kt\u00f3ra determinuje ca\u0142y przebieg procesu. S\u0105d rodzinny nie skupia si\u0119 na wymierzeniu odwetu w imieniu spo\u0142ecze\u0144stwa, lecz na zbadaniu przyczyn demoralizacji i pr\u00f3bie naprawy psychiki nieletniego.<\/p>\n\n\n\n<p>Jak zauwa\u017ca s\u0119dzia Karolina Sosi\u0144ska, prezeska Stowarzyszenia S\u0119dzi\u00f3w S\u0105d\u00f3w Rodzinnych Pro Familia w rozmowie z Onetem, prawo rodzinne opiera si\u0119 na zupe\u0142nie innych fundamentach ni\u017c Kodeks karny. W tym systemie nadrz\u0119dnym celem jest dobro dziecka, nawet je\u015bli to dziecko dopu\u015bci\u0142o si\u0119 czynu ostatecznego.<\/p>\n\n\n\n<p>My mamy obywatela kszta\u0142towa\u0107, a nie go niszczy\u0107 \u2013 podkre\u015bli\u0142a s\u0119dzia, wskazuj\u0105c na filozofi\u0119 prawa rodzinnego.<\/p>\n\n\n\n<p>Sprawca w tym wieku nie trafia do aresztu \u015bledczego, lecz do schroniska dla nieletnich, kt\u00f3re pe\u0142ni funkcj\u0119 izolacyjn\u0105, ale ma charakter wychowawczy.<\/p>\n\n\n\n<p>Specjali\u015bci badaj\u0105 okoliczno\u015bci sprawy<br>Zanim zapadnie jakakolwiek decyzja o przysz\u0142o\u015bci dwunastolatki, musi zosta\u0107 podj\u0119ta szeroka, bardzo dok\u0142adna diagnostyka. Kluczow\u0105 rol\u0119 odegra tutaj Okr\u0119gowy Zesp\u00f3\u0142 Specjalist\u00f3w S\u0105dowych, w kt\u00f3rego sk\u0142ad wchodz\u0105 psycholodzy, pedagodzy, a cz\u0119sto tak\u017ce lekarze psychiatrzy. Ich zadaniem nie jest ocena winy, bo ta w \u015bwietle zabezpieczonych dowod\u00f3w \u2013 w tym no\u017ca znalezionego w plecaku \u2013 wydaje si\u0119 by\u0107 dla \u015bledczych oczywista.<\/p>\n\n\n\n<p>Specjali\u015bci musz\u0105 zajrze\u0107 g\u0142\u0119boko w przesz\u0142o\u015b\u0107 dziewczynki, analizuj\u0105c jej \u015brodowisko rodzinne, relacje szkolne oraz ewentualne ukryte zaburzenia, kt\u00f3re mog\u0142y doprowadzi\u0107 do wybuchu tak pot\u0119\u017cnej agresji.<\/p>\n\n\n\n<p>S\u0119dzia Sosi\u0144ska podkre\u015bla, \u017ce na tym etapie nie wiemy praktycznie nic o zapleczu tej tragedii.<\/p>\n\n\n\n<p>Nie wiemy, z jakiej ona jest rodziny, nie wiemy, czy nie mia\u0142a i nie ma jakich\u015b zaburze\u0144 psychicznych. Wszystko to musi zosta\u0107 ustalone przez specjalist\u00f3w \u2013 zaznaczy\u0142a s\u0119dzia.<\/p>\n\n\n\n<p>Diagnostyka w OZSS trwa zazwyczaj wiele tygodni i obejmuje szereg test\u00f3w oraz wywiad\u00f3w \u015brodowiskowych prowadzonych przez kurator\u00f3w s\u0105dowych. To w\u0142a\u015bnie opinia tego zespo\u0142u b\u0119dzie fundamentem, na kt\u00f3rym s\u0119dzia oprze sw\u00f3j wyrok.<\/p>\n\n\n\n<p>Mo\u017cliwo\u015bci s\u0105 szerokie: od nadzoru kuratora i zobowi\u0105zania rodzic\u00f3w do naprawy sytuacji, przez skierowanie do o\u015brodka socjoterapii, a\u017c po umieszczenie w zak\u0142adzie poprawczym o charakterze zamkni\u0119tym.<\/p>\n\n\n\n<p>Prawo wobec zbrodni, kt\u00f3r\u0105 trudno zrozumie\u0107<br>Najsurowszym \u015brodkiem, jaki mo\u017ce zastosowa\u0107 s\u0105d rodzinny, jest umieszczenie nieletniej w zak\u0142adzie poprawczym. Jest to jednak \u015brodek stosowany wobec os\u00f3b, kt\u00f3re uko\u0144czy\u0142y 13 lat w chwili orzekania.<\/p>\n\n\n\n<p>Dla sprawczyni, kt\u00f3ra ma zaledwie 12 lat, katalog \u015brodk\u00f3w wychowawczych jest nieco inny, cho\u0107 r\u00f3wnie dotkliwy w kontek\u015bcie izolacji od dotychczasowego \u017cycia. Mo\u017ce ona zosta\u0107 skierowana do m\u0142odzie\u017cowego o\u015brodka wychowawczego, gdzie rygor i nadz\u00f3r s\u0105 bardzo wysokie.<\/p>\n\n\n\n<p>S\u0119dzia Sosi\u0144ska akcentowa\u0142a, \u017ce tragedia dotkn\u0119\u0142a obie rodziny, a wymiar sprawiedliwo\u015bci musi podj\u0105\u0107 takie dzia\u0142ania, aby chroni\u0107 spo\u0142ecze\u0144stwo, a jednocze\u015bnie nie pog\u0142\u0119bi\u0107 skali osobistego dramatu.<\/p>\n\n\n\n<p>To dziecko kiedy\u015b b\u0119dzie musia\u0142o ze swoim czynem si\u0119 zmierzy\u0107. Tego nie da si\u0119 wymaza\u0107 \u2013 doda\u0142a Sosi\u0144ska.<\/p>\n\n\n\n<p>Warto pami\u0119ta\u0107, \u017ce sprawa toczy si\u0119 z ca\u0142kowitym wy\u0142\u0105czeniem jawno\u015bci, co s\u0142u\u017cy ochronie dobra nieletnich \u2013 zar\u00f3wno ofiary, jak i sprawczyni. Publiczna stygmatyzacja dziecka, nawet podejrzewanego o zab\u00f3jstwo, jest przez polskie prawo blokowana, by umo\u017cliwi\u0107 w przysz\u0142o\u015bci powr\u00f3t takiej osoby do spo\u0142ecze\u0144stwa.<\/p>\n","protected":false},"excerpt":{"rendered":"<p>Jelenia G\u00f3ra pogr\u0105\u017cy\u0142a si\u0119 w \u017ca\u0142obie po poniedzia\u0142kowych wydarzeniach pod Szko\u0142\u0105 Podstawow\u0105 nr 10. \u015amier\u0107 11-letniej Danusi, do kt\u00f3rej dosz\u0142o w bia\u0142y dzie\u0144, zszokowa\u0142a opini\u0119 publiczn\u0105 nie tylko skal\u0105 brutalno\u015bci, ale przede wszystkim wiekiem osoby podejrzewanej o ten czyn. Ca\u0142a Polska zadaje sobie dzi\u015b pytanie, jak mog\u0142o doj\u015b\u0107 do tak niewyobra\u017calnego aktu przemocy w\u015br\u00f3d dzieci. &#8230; <a title=\"S\u0105d o losie 12-latki odpowiedzialnej za zab\u00f3jstwo 11-letniej Danusi. To j\u0105 czeka\" class=\"read-more\" href=\"https:\/\/dobrezrodla.com\/?p=12358\" aria-label=\"Read more about S\u0105d o losie 12-latki odpowiedzialnej za zab\u00f3jstwo 11-letniej Danusi. To j\u0105 czeka\">Read more<\/a><\/p>\n","protected":false},"author":1,"featured_media":0,"comment_status":"open","ping_status":"open","sticky":false,"template":"","format":"standard","meta":{"footnotes":""},"categories":[1],"tags":[],"class_list":["post-12358","post","type-post","status-publish","format-standard","hentry","category-uncategorized"],"_links":{"self":[{"href":"https:\/\/dobrezrodla.com\/index.php?rest_route=\/wp\/v2\/posts\/12358","targetHints":{"allow":["GET"]}}],"collection":[{"href":"https:\/\/dobrezrodla.com\/index.php?rest_route=\/wp\/v2\/posts"}],"about":[{"href":"https:\/\/dobrezrodla.com\/index.php?rest_route=\/wp\/v2\/types\/post"}],"author":[{"embeddable":true,"href":"https:\/\/dobrezrodla.com\/index.php?rest_route=\/wp\/v2\/users\/1"}],"replies":[{"embeddable":true,"href":"https:\/\/dobrezrodla.com\/index.php?rest_route=%2Fwp%2Fv2%2Fcomments&post=12358"}],"version-history":[{"count":1,"href":"https:\/\/dobrezrodla.com\/index.php?rest_route=\/wp\/v2\/posts\/12358\/revisions"}],"predecessor-version":[{"id":12359,"href":"https:\/\/dobrezrodla.com\/index.php?rest_route=\/wp\/v2\/posts\/12358\/revisions\/12359"}],"wp:attachment":[{"href":"https:\/\/dobrezrodla.com\/index.php?rest_route=%2Fwp%2Fv2%2Fmedia&parent=12358"}],"wp:term":[{"taxonomy":"category","embeddable":true,"href":"https:\/\/dobrezrodla.com\/index.php?rest_route=%2Fwp%2Fv2%2Fcategories&post=12358"},{"taxonomy":"post_tag","embeddable":true,"href":"https:\/\/dobrezrodla.com\/index.php?rest_route=%2Fwp%2Fv2%2Ftags&post=12358"}],"curies":[{"name":"wp","href":"https:\/\/api.w.org\/{rel}","templated":true}]}}