{"id":12360,"date":"2025-12-18T09:20:06","date_gmt":"2025-12-18T09:20:06","guid":{"rendered":"https:\/\/dobrezrodla.com\/?p=12360"},"modified":"2025-12-18T09:20:06","modified_gmt":"2025-12-18T09:20:06","slug":"apel-rodziny-danusi-z-jeleniej-gory-informacje-przekazal-prezydent-miasta","status":"publish","type":"post","link":"https:\/\/dobrezrodla.com\/?p=12360","title":{"rendered":"Apel rodziny Danusi z Jeleniej G\u00f3ry. Informacj\u0119 przekaza\u0142 prezydent miasta"},"content":{"rendered":"\n<p>Po \u015bmierci 11-letniej Danusi z Jeleniej G\u00f3ry na jaw wysz\u0142y tragiczne fakty. Po og\u0142oszeniu daty pogrzebu dziewczynki, pojawi\u0142 si\u0119 tak\u017ce apel rodziny zmar\u0142ej. Informacj\u0119 przekaza\u0142 prezydent miasta.&nbsp;<\/p>\n\n\n\n<ul class=\"wp-block-list\">\n<li>Tragedia w Jeleniej G\u00f3rze. Nie \u017cyje 11-latka<\/li>\n\n\n\n<li>Podano dat\u0119 pogrzebu zamordowanej Danusi<\/li>\n\n\n\n<li>Rodzina wystosowa\u0142a apel przed pogrzebem dziewczynki<\/li>\n<\/ul>\n\n\n\n<h2 class=\"wp-block-heading\">Tragiczne zdarzenia z Jeleniej G\u00f3ry<\/h2>\n\n\n\n<p>Jelenia G\u00f3ra pogr\u0105\u017cy\u0142a si\u0119 w \u017ca\u0142obie po niewyobra\u017calnej tragedii, do kt\u00f3rej dosz\u0142o w pobli\u017cu Szko\u0142y Podstawowej nr 10. W bia\u0142y dzie\u0144, na skwerze nieopodal plac\u00f3wki, 11-letnia Danusia zosta\u0142a \u015bmiertelnie ugodzona no\u017cem. Mimo szybkiej reakcji s\u0142u\u017cb, kt\u00f3re pojawi\u0142y si\u0119 na miejscu zaledwie kilka minut po zg\u0142oszeniu b\u00f3jki, dziewczynki nie uda\u0142o si\u0119 uratowa\u0107.<\/p>\n\n\n\n<p>Z relacji \u015bwiadk\u00f3w wynika, \u017ce zdarzenie poprzedzi\u0142a k\u0142\u00f3tnia. Jedna z uczennic zauwa\u017cy\u0142a, \u017ce 12-latka trzyma\u0142a co\u015b w kieszeni, po czym nagle zaatakowa\u0142a m\u0142odsz\u0105 kole\u017cank\u0119. Na miejscu zbrodni policja zabezpieczy\u0142a narz\u0119dzie zbrodni &#8211; n\u00f3\u017c typu finka. Cho\u0107 dziewczynki si\u0119 zna\u0142y, motyw tego brutalnego czynu pozostaje nieznany.<\/p>\n\n\n\n<p>Ofiara, 11-letnia Danusia, by\u0142a opisywana przez dyrekcj\u0119 i nauczycieli jako uczennica wzorowa, pogodna i zaanga\u017cowana w wolontariat oraz sport. Jej \u015bmier\u0107 wstrz\u0105sn\u0119\u0142a ca\u0142\u0105 spo\u0142eczno\u015bci\u0105 lokaln\u0105. Prezydent miasta og\u0142osi\u0142, \u017ce dzie\u0144 pogrzebu b\u0119dzie dniem \u017ca\u0142oby narodowej w Jeleniej G\u00f3rze, a uczniom i nauczycielom zapewniono szerokie wsparcie psychologiczne. Obecnie spraw\u0105 domniemanej sprawczyni zajmuje si\u0119 s\u0105d rodzinny, a policja pod nadzorem prokuratury szczeg\u00f3\u0142owo analizuje nagrania z monitoringu i przes\u0142uchuje \u015bwiadk\u00f3w, by zrozumie\u0107 okoliczno\u015bci tej dramatycznej zbrodni.<\/p>\n\n\n\n<h2 class=\"wp-block-heading\">Data pogrzebu 11-letniej Danusi z Jeleniej G\u00f3ry<\/h2>\n\n\n\n<p>Jelenia G\u00f3ra przygotowuje si\u0119 do ostatniego po\u017cegnania 11-letniej Danusi, kt\u00f3rej tragiczna \u015bmier\u0107 wstrz\u0105sn\u0119\u0142a ca\u0142\u0105 Polsk\u0105. Uroczysto\u015bci pogrzebowe odb\u0119d\u0105 si\u0119 w najbli\u017csz\u0105&nbsp;<strong>sobot\u0119, 20 grudnia 2025 roku<\/strong>. Ceremonia rozpocznie si\u0119 o godzinie&nbsp;<strong>12:00<\/strong>&nbsp;Msz\u0105 \u015awi\u0119t\u0105 w kaplicy na&nbsp;<strong>Starym Cmentarzu Komunalnym przy ul. Sudeckiej<\/strong>. Po nabo\u017ce\u0144stwie nast\u0105pi odprowadzenie zmar\u0142ej na miejsce wiecznego spoczynku.<\/p>\n\n\n\n<p>Szczeg\u00f3lny ho\u0142d dziewczynce oddali r\u00f3wnie\u017c harcerze z Karkonoskiego Hufca ZHP, og\u0142aszaj\u0105c \u017ca\u0142ob\u0119 do 23 grudnia. Danusia by\u0142a aktywn\u0105 cz\u0142onkini\u0105 14 Dru\u017cyny Harcerskiej \u201eVentus\u201d i wkr\u00f3tce mia\u0142a z\u0142o\u017cy\u0107 Przyrzeczenie Harcerskie.<\/p>\n\n\n\n<p>W obliczu tej niewyobra\u017calnej straty, rodzina dziewczynki za po\u015brednictwem prezydenta miasta wystosowa\u0142a pro\u015bb\u0119.<\/p>\n\n\n\n<h2 class=\"wp-block-heading\">Pro\u015bba rodziny 11-letniej Danusi po tragedii w Jeleniej G\u00f3rze<\/h2>\n\n\n\n<p>W obliczu niewyobra\u017calnego dramatu, jaki dotkn\u0105\u0142 bliskich 11-letniej Danusi, rodzina zmar\u0142ej dziewczynki zdecydowa\u0142a si\u0119 wystosowa\u0107 za po\u015brednictwem w\u0142adz miasta szczeg\u00f3lny apel. Ich g\u0142\u00f3wn\u0105 pro\u015bb\u0105 jest zapewnienie im spokoju oraz intymno\u015bci w tym najtrudniejszym czasie.<\/p>\n\n\n\n<p>W oficjalnym komunikacie prezydenta Jeleniej G\u00f3ry, kt\u00f3ry opublikowa\u0142 nekrolog nastolatki, wyra\u017anie wybrzmia\u0142o \u017cyczenie najbli\u017cszych dotycz\u0105ce nadchodz\u0105cych uroczysto\u015bci pogrzebowych. Zaznaczono w nim:<\/p>\n\n\n\n<blockquote class=\"wp-block-quote is-layout-flow wp-block-quote-is-layout-flow\">\n<p><strong>Zgodnie z wol\u0105 Rodziny Zmar\u0142ej prosz\u0119 o uszanowanie prywatno\u015bci i nieobecno\u015b\u0107 medi\u00f3w podczas ceremonii pogrzebowej<\/strong>.<\/p>\n<\/blockquote>\n\n\n\n<p>Przekaz ten jest jasnym sygna\u0142em, \u017ce rodzina pragnie po\u017cegna\u0107 Danusi\u0119 w gronie bliskich, przyjaci\u00f3\u0142 i lokalnej wsp\u00f3lnoty, bez obecno\u015bci kamer czy dziennikarzy.<\/p>\n","protected":false},"excerpt":{"rendered":"<p>Po \u015bmierci 11-letniej Danusi z Jeleniej G\u00f3ry na jaw wysz\u0142y tragiczne fakty. Po og\u0142oszeniu daty pogrzebu dziewczynki, pojawi\u0142 si\u0119 tak\u017ce apel rodziny zmar\u0142ej. Informacj\u0119 przekaza\u0142 prezydent miasta.&nbsp; Tragiczne zdarzenia z Jeleniej G\u00f3ry Jelenia G\u00f3ra pogr\u0105\u017cy\u0142a si\u0119 w \u017ca\u0142obie po niewyobra\u017calnej tragedii, do kt\u00f3rej dosz\u0142o w pobli\u017cu Szko\u0142y Podstawowej nr 10. W bia\u0142y dzie\u0144, na skwerze &#8230; <a title=\"Apel rodziny Danusi z Jeleniej G\u00f3ry. Informacj\u0119 przekaza\u0142 prezydent miasta\" class=\"read-more\" href=\"https:\/\/dobrezrodla.com\/?p=12360\" aria-label=\"Read more about Apel rodziny Danusi z Jeleniej G\u00f3ry. Informacj\u0119 przekaza\u0142 prezydent miasta\">Read more<\/a><\/p>\n","protected":false},"author":1,"featured_media":0,"comment_status":"open","ping_status":"open","sticky":false,"template":"","format":"standard","meta":{"footnotes":""},"categories":[1],"tags":[],"class_list":["post-12360","post","type-post","status-publish","format-standard","hentry","category-uncategorized"],"_links":{"self":[{"href":"https:\/\/dobrezrodla.com\/index.php?rest_route=\/wp\/v2\/posts\/12360","targetHints":{"allow":["GET"]}}],"collection":[{"href":"https:\/\/dobrezrodla.com\/index.php?rest_route=\/wp\/v2\/posts"}],"about":[{"href":"https:\/\/dobrezrodla.com\/index.php?rest_route=\/wp\/v2\/types\/post"}],"author":[{"embeddable":true,"href":"https:\/\/dobrezrodla.com\/index.php?rest_route=\/wp\/v2\/users\/1"}],"replies":[{"embeddable":true,"href":"https:\/\/dobrezrodla.com\/index.php?rest_route=%2Fwp%2Fv2%2Fcomments&post=12360"}],"version-history":[{"count":1,"href":"https:\/\/dobrezrodla.com\/index.php?rest_route=\/wp\/v2\/posts\/12360\/revisions"}],"predecessor-version":[{"id":12361,"href":"https:\/\/dobrezrodla.com\/index.php?rest_route=\/wp\/v2\/posts\/12360\/revisions\/12361"}],"wp:attachment":[{"href":"https:\/\/dobrezrodla.com\/index.php?rest_route=%2Fwp%2Fv2%2Fmedia&parent=12360"}],"wp:term":[{"taxonomy":"category","embeddable":true,"href":"https:\/\/dobrezrodla.com\/index.php?rest_route=%2Fwp%2Fv2%2Fcategories&post=12360"},{"taxonomy":"post_tag","embeddable":true,"href":"https:\/\/dobrezrodla.com\/index.php?rest_route=%2Fwp%2Fv2%2Ftags&post=12360"}],"curies":[{"name":"wp","href":"https:\/\/api.w.org\/{rel}","templated":true}]}}