{"id":12363,"date":"2025-12-18T14:59:58","date_gmt":"2025-12-18T14:59:58","guid":{"rendered":"https:\/\/dobrezrodla.com\/?p=12363"},"modified":"2025-12-18T14:59:59","modified_gmt":"2025-12-18T14:59:59","slug":"ministerstwo-finansow-blokuje-nastepce-kpo-polski-nie-stac-na-wklad-wlasny","status":"publish","type":"post","link":"https:\/\/dobrezrodla.com\/?p=12363","title":{"rendered":"Ministerstwo Finans\u00f3w blokuje &#8220;nast\u0119pc\u0119 KPO&#8221;. Polski nie sta\u0107 na wk\u0142ad w\u0142asny?"},"content":{"rendered":"\n<p>Resort finans\u00f3w wstrzyma\u0142 prace nad wartym miliardy z\u0142otych Spo\u0142ecznym Funduszem Klimatycznym \u2013 kluczowym elementem \u201ePlanu Spo\u0142eczno-Klimatycznego\u201d przewidzianego na lata 2026\u20132032.<\/p>\n\n\n\n<p><strong>SFK mia\u0142 pom\u00f3c najubo\u017cszym \u2013 na razie wstrzymany<\/strong><\/p>\n\n\n\n<p>Fundusz, o warto\u015bci ok. 65 mld z\u0142, mia\u0142 wspiera\u0107 m.in. osoby zagro\u017cone ub\u00f3stwem energetycznym, finansowa\u0107 ekologiczne \u017ar\u00f3d\u0142a ciep\u0142a oraz poprawia\u0107 transport publiczny w wykluczonych obszarach. Jedn\u0105 czwart\u0105 tej kwoty Polska musi jednak wy\u0142o\u017cy\u0107 z w\u0142asnego bud\u017cetu.<\/p>\n\n\n\n<p>Na tym etapie Ministerstwo Finans\u00f3w \u2013 kierowane przez Andrzeja Doma\u0144skiego \u2013 powiedzia\u0142o \u201estop\u201d. Pow\u00f3d? Brak pieni\u0119dzy na wk\u0142ad krajowy. To decyzja, kt\u00f3ra \u2013 wed\u0142ug resortu funduszy \u2013 mo\u017ce op\u00f3\u017ani\u0107 uruchomienie programu i skomplikowa\u0107 wdra\u017canie ETS2, czyli nowego systemu handlu emisjami, kt\u00f3ry od 2028 roku obejmie transport i budownictwo.<\/p>\n\n\n\n<p><strong>Sporne priorytety i napi\u0119cia w rz\u0105dzie<\/strong><\/p>\n\n\n\n<p>Ministerstwo Funduszy i Polityki Regionalnej (MFiPR) liczy\u0142o na uruchomienie SFK ju\u017c w 2026 roku, zgodnie z harmonogramem unijnym. W ich opinii fundusz ma kluczowe znaczenie, por\u00f3wnywalne z KPO, i powinien by\u0107 traktowany jako jego naturalny nast\u0119pca.<\/p>\n\n\n\n<p>Tymczasem resort finans\u00f3w t\u0142umaczy, \u017ce obecne warunki bud\u017cetowe nie pozwalaj\u0105 na \u017cadne nowe wydatki. \u2013 ETS2 i tak si\u0119 op\u00f3\u017ania, wi\u0119c mamy czas \u2013 ocenia rozm\u00f3wca z MF. Jednocze\u015bnie wskazuje, \u017ce por\u00f3wnywanie SFK do KPO to przesada.<\/p>\n\n\n\n<p>Na linii Pe\u0142czy\u0144ska-Na\u0142\u0119cz \u2013 Doma\u0144ski iskrzy. W przysz\u0142ym tygodniu ma doj\u015b\u0107 do spotkania ministr\u00f3w, na kt\u00f3rym temat SFK b\u0119dzie jednym z g\u0142\u00f3wnych punkt\u00f3w.<\/p>\n\n\n\n<p><strong>Wy\u015bcig z czasem<\/strong><\/p>\n\n\n\n<p>Polska musi przed\u0142o\u017cy\u0107 Komisji Europejskiej pe\u0142ny Plan Spo\u0142eczno-Klimatyczny najp\u00f3\u017aniej do pa\u017adziernika 2026 roku, co oznacza, \u017ce zatwierdzenie krajowe powinno nast\u0105pi\u0107 ju\u017c wiosn\u0105 2026. To ma\u0142o czasu, bior\u0105c pod uwag\u0119 konieczno\u015b\u0107 uzyskania zgody licznych gremi\u00f3w, w tym Rady Dialogu Spo\u0142ecznego czy Komisji Wsp\u00f3lnej Rz\u0105du i Samorz\u0105du.<\/p>\n\n\n\n<p>\u2013 Je\u015bli MF nadal b\u0119dzie gra\u0107 na czas, sko\u0144czymy jak PiS z KPO \u2013 przestrzega jeden z urz\u0119dnik\u00f3w MFiPR. Przypomina, \u017ce blokada \u015brodk\u00f3w z KPO zako\u0144czy\u0142a si\u0119 dopiero po zmianie rz\u0105d\u00f3w i kosztowa\u0142a Polsk\u0119 dwa lata op\u00f3\u017anienia.<\/p>\n","protected":false},"excerpt":{"rendered":"<p>Resort finans\u00f3w wstrzyma\u0142 prace nad wartym miliardy z\u0142otych Spo\u0142ecznym Funduszem Klimatycznym \u2013 kluczowym elementem \u201ePlanu Spo\u0142eczno-Klimatycznego\u201d przewidzianego na lata 2026\u20132032. SFK mia\u0142 pom\u00f3c najubo\u017cszym \u2013 na razie wstrzymany Fundusz, o warto\u015bci ok. 65 mld z\u0142, mia\u0142 wspiera\u0107 m.in. osoby zagro\u017cone ub\u00f3stwem energetycznym, finansowa\u0107 ekologiczne \u017ar\u00f3d\u0142a ciep\u0142a oraz poprawia\u0107 transport publiczny w wykluczonych obszarach. Jedn\u0105 czwart\u0105 &#8230; <a title=\"Ministerstwo Finans\u00f3w blokuje &#8220;nast\u0119pc\u0119 KPO&#8221;. Polski nie sta\u0107 na wk\u0142ad w\u0142asny?\" class=\"read-more\" href=\"https:\/\/dobrezrodla.com\/?p=12363\" aria-label=\"Read more about Ministerstwo Finans\u00f3w blokuje &#8220;nast\u0119pc\u0119 KPO&#8221;. Polski nie sta\u0107 na wk\u0142ad w\u0142asny?\">Read more<\/a><\/p>\n","protected":false},"author":1,"featured_media":0,"comment_status":"open","ping_status":"open","sticky":false,"template":"","format":"standard","meta":{"footnotes":""},"categories":[1],"tags":[],"class_list":["post-12363","post","type-post","status-publish","format-standard","hentry","category-uncategorized"],"_links":{"self":[{"href":"https:\/\/dobrezrodla.com\/index.php?rest_route=\/wp\/v2\/posts\/12363","targetHints":{"allow":["GET"]}}],"collection":[{"href":"https:\/\/dobrezrodla.com\/index.php?rest_route=\/wp\/v2\/posts"}],"about":[{"href":"https:\/\/dobrezrodla.com\/index.php?rest_route=\/wp\/v2\/types\/post"}],"author":[{"embeddable":true,"href":"https:\/\/dobrezrodla.com\/index.php?rest_route=\/wp\/v2\/users\/1"}],"replies":[{"embeddable":true,"href":"https:\/\/dobrezrodla.com\/index.php?rest_route=%2Fwp%2Fv2%2Fcomments&post=12363"}],"version-history":[{"count":1,"href":"https:\/\/dobrezrodla.com\/index.php?rest_route=\/wp\/v2\/posts\/12363\/revisions"}],"predecessor-version":[{"id":12364,"href":"https:\/\/dobrezrodla.com\/index.php?rest_route=\/wp\/v2\/posts\/12363\/revisions\/12364"}],"wp:attachment":[{"href":"https:\/\/dobrezrodla.com\/index.php?rest_route=%2Fwp%2Fv2%2Fmedia&parent=12363"}],"wp:term":[{"taxonomy":"category","embeddable":true,"href":"https:\/\/dobrezrodla.com\/index.php?rest_route=%2Fwp%2Fv2%2Fcategories&post=12363"},{"taxonomy":"post_tag","embeddable":true,"href":"https:\/\/dobrezrodla.com\/index.php?rest_route=%2Fwp%2Fv2%2Ftags&post=12363"}],"curies":[{"name":"wp","href":"https:\/\/api.w.org\/{rel}","templated":true}]}}