{"id":12367,"date":"2025-12-18T15:05:54","date_gmt":"2025-12-18T15:05:54","guid":{"rendered":"https:\/\/dobrezrodla.com\/?p=12367"},"modified":"2025-12-18T15:05:55","modified_gmt":"2025-12-18T15:05:55","slug":"historyczny-zwrot-polska-zaminuje-wschodnia-granice","status":"publish","type":"post","link":"https:\/\/dobrezrodla.com\/?p=12367","title":{"rendered":"Historyczny zwrot. Polska zaminuje wschodni\u0105 granic\u0119"},"content":{"rendered":"\n<p>Po raz pierwszy od czas\u00f3w zimnej wojny Polska wraca do produkcji min przeciwpiechotnych.<\/p>\n\n\n\n<p><strong>Polska wraca do min. Granica wschodnia ma by\u0107 wzmocniona<\/strong><\/p>\n\n\n\n<p>Polska wznowi produkcj\u0119 min przeciwpiechotnych i planuje ich rozmieszczenie wzd\u0142u\u017c wschodniej granicy pa\u0144stwa. Informacj\u0119 t\u0119 przekaza\u0142 wiceminister obrony Pawe\u0142 Zalewski w rozmowie z agencj\u0105 Reuters. Jak zaznaczy\u0142, w przysz\u0142o\u015bci niewykluczony jest r\u00f3wnie\u017c eksport tej broni na Ukrain\u0119.<\/p>\n\n\n\n<p>Decyzja ta jest cz\u0119\u015bci\u0105 szerszego trendu w regionie. Wi\u0119kszo\u015b\u0107 pa\u0144stw europejskich granicz\u0105cych z Rosj\u0105 \u2013 z wyj\u0105tkiem Norwegii \u2013 zapowiedzia\u0142a wycofanie si\u0119 z Konwencji Ottawskiej, kt\u00f3ra zakazuje u\u017cycia min przeciwpiechotnych. Polska zamierza wykorzysta\u0107 je do zabezpieczenia granic z Bia\u0142orusi\u0105 oraz rosyjskim obwodem kaliningradzkim.<\/p>\n\n\n\n<p>\u2013 Jeste\u015bmy zainteresowani du\u017cymi ilo\u015bciami i to w mo\u017cliwie najkr\u00f3tszym czasie \u2013 podkre\u015bli\u0142 Zalewski.<\/p>\n\n\n\n<p>Miny maj\u0105 sta\u0107 si\u0119 jednym z element\u00f3w projektu Tarcza Wsch\u00f3d. Produkcja b\u0119dzie mo\u017cliwa po formalnym wyj\u015bciu Polski z Konwencji Ottawskiej, co nast\u0105pi najwcze\u015bniej 20 lutego 2026 roku.<\/p>\n\n\n\n<p>Pa\u0144stwowa sp\u00f3\u0142ka Belma, kt\u00f3ra ju\u017c teraz dostarcza miny polskiej armii, szacuje, \u017ce wojsko mo\u017ce potrzebowa\u0107 od 5 do 6 milion\u00f3w sztuk. Firma deklaruje gotowo\u015b\u0107 do produkcji nawet 1,2 mln min rocznie, cho\u0107 obecnie jej moce wynosz\u0105 oko\u0142o 100 tys. sztuk.<\/p>\n\n\n\n<p><strong>Miny tak\u017ce dla Ukrainy? Najpierw bezpiecze\u0144stwo Polski<\/strong><\/p>\n\n\n\n<p>Mo\u017cliwe dostawy min na Ukrain\u0119 b\u0119d\u0105 uzale\u017cnione od zdolno\u015bci produkcyjnych. \u2013 W pierwszej kolejno\u015bci musimy zadba\u0107 o w\u0142asne bezpiecze\u0144stwo, ale Ukraina pozostaje dla nas absolutnym priorytetem \u2013 zaznaczy\u0142 wiceminister.<\/p>\n\n\n\n<p>Ukraina, podobnie jak Litwa, \u0141otwa, Estonia i Finlandia, r\u00f3wnie\u017c zdecydowa\u0142a si\u0119 na wycofanie z Konwencji Ottawskiej, argumentuj\u0105c to rosn\u0105cym zagro\u017ceniem ze strony Rosji.<\/p>\n","protected":false},"excerpt":{"rendered":"<p>Po raz pierwszy od czas\u00f3w zimnej wojny Polska wraca do produkcji min przeciwpiechotnych. Polska wraca do min. Granica wschodnia ma by\u0107 wzmocniona Polska wznowi produkcj\u0119 min przeciwpiechotnych i planuje ich rozmieszczenie wzd\u0142u\u017c wschodniej granicy pa\u0144stwa. Informacj\u0119 t\u0119 przekaza\u0142 wiceminister obrony Pawe\u0142 Zalewski w rozmowie z agencj\u0105 Reuters. Jak zaznaczy\u0142, w przysz\u0142o\u015bci niewykluczony jest r\u00f3wnie\u017c eksport &#8230; <a title=\"Historyczny zwrot. Polska zaminuje wschodni\u0105 granic\u0119\" class=\"read-more\" href=\"https:\/\/dobrezrodla.com\/?p=12367\" aria-label=\"Read more about Historyczny zwrot. Polska zaminuje wschodni\u0105 granic\u0119\">Read more<\/a><\/p>\n","protected":false},"author":1,"featured_media":0,"comment_status":"open","ping_status":"open","sticky":false,"template":"","format":"standard","meta":{"footnotes":""},"categories":[1],"tags":[],"class_list":["post-12367","post","type-post","status-publish","format-standard","hentry","category-uncategorized"],"_links":{"self":[{"href":"https:\/\/dobrezrodla.com\/index.php?rest_route=\/wp\/v2\/posts\/12367","targetHints":{"allow":["GET"]}}],"collection":[{"href":"https:\/\/dobrezrodla.com\/index.php?rest_route=\/wp\/v2\/posts"}],"about":[{"href":"https:\/\/dobrezrodla.com\/index.php?rest_route=\/wp\/v2\/types\/post"}],"author":[{"embeddable":true,"href":"https:\/\/dobrezrodla.com\/index.php?rest_route=\/wp\/v2\/users\/1"}],"replies":[{"embeddable":true,"href":"https:\/\/dobrezrodla.com\/index.php?rest_route=%2Fwp%2Fv2%2Fcomments&post=12367"}],"version-history":[{"count":1,"href":"https:\/\/dobrezrodla.com\/index.php?rest_route=\/wp\/v2\/posts\/12367\/revisions"}],"predecessor-version":[{"id":12368,"href":"https:\/\/dobrezrodla.com\/index.php?rest_route=\/wp\/v2\/posts\/12367\/revisions\/12368"}],"wp:attachment":[{"href":"https:\/\/dobrezrodla.com\/index.php?rest_route=%2Fwp%2Fv2%2Fmedia&parent=12367"}],"wp:term":[{"taxonomy":"category","embeddable":true,"href":"https:\/\/dobrezrodla.com\/index.php?rest_route=%2Fwp%2Fv2%2Fcategories&post=12367"},{"taxonomy":"post_tag","embeddable":true,"href":"https:\/\/dobrezrodla.com\/index.php?rest_route=%2Fwp%2Fv2%2Ftags&post=12367"}],"curies":[{"name":"wp","href":"https:\/\/api.w.org\/{rel}","templated":true}]}}