{"id":12381,"date":"2025-12-18T15:37:40","date_gmt":"2025-12-18T15:37:40","guid":{"rendered":"https:\/\/dobrezrodla.com\/?p=12381"},"modified":"2025-12-18T15:37:40","modified_gmt":"2025-12-18T15:37:40","slug":"nawrocki-wynosi-okragly-stol-dzis-skonczyl-sie-w-polsce-postkomunizm","status":"publish","type":"post","link":"https:\/\/dobrezrodla.com\/?p=12381","title":{"rendered":"Nawrocki wynosi Okr\u0105g\u0142y St\u00f3\u0142. &#8220;Dzi\u015b sko\u0144czy\u0142 si\u0119 w Polsce postkomunizm&#8221;"},"content":{"rendered":"\n<p>W Pa\u0142acu Prezydenckim rozpocz\u0119\u0142o si\u0119 demontowanie historycznego Okr\u0105g\u0142ego Sto\u0142u \u2014 ma on trafi\u0107 do Muzeum Historii Polski.<\/p>\n\n\n\n<p>W Pa\u0142acu Prezydenckim rozpocz\u0105\u0142 si\u0119 demonta\u017c Okr\u0105g\u0142ego Sto\u0142u z obrad z 1989 r. Symboliczny mebel, kt\u00f3ry towarzyszy\u0142 rozmowom ko\u0144cz\u0105cym komunizm w Polsce, zostanie przeniesiony do Muzeum Historii Polski. Prezydent Karol Nawrocki podkre\u015bli\u0142 podczas kr\u00f3tkiej konferencji, \u017ce Pa\u0142ac Prezydencki nie jest odpowiednim miejscem dla tego artefaktu, a jego miejsce jest w muzeum. St\u00f3\u0142 ma tam zago\u015bci\u0107 w 2027 r.<\/p>\n\n\n\n<p>\u2013 Z ca\u0142\u0105 pewno\u015bci\u0105 to nie jest miejsce, w kt\u00f3rym nadal powinien sta\u0107 Okr\u0105g\u0142y St\u00f3\u0142. Oddajemy go historii \u2013 powiedzia\u0142 prezydent. Doda\u0142, \u017ce \u201edzi\u015b sko\u0144czy\u0142 si\u0119 w Polsce postkomunizm\u201d i \u017ce wolna, suwerenna Polska zas\u0142uguje na wi\u0119cej ni\u017c idealizowanie tamtych wydarze\u0144 w przestrzeni pa\u0142acowej. \u2013 Trzeba o nim pami\u0119ta\u0107, ale nie oddawa\u0107 mu ho\u0142d w Pa\u0142acu Prezydenckim. Niech \u017cyje wolna Polska! \u2013 zaznaczy\u0142 Nawrocki.<\/p>\n","protected":false},"excerpt":{"rendered":"<p>W Pa\u0142acu Prezydenckim rozpocz\u0119\u0142o si\u0119 demontowanie historycznego Okr\u0105g\u0142ego Sto\u0142u \u2014 ma on trafi\u0107 do Muzeum Historii Polski. W Pa\u0142acu Prezydenckim rozpocz\u0105\u0142 si\u0119 demonta\u017c Okr\u0105g\u0142ego Sto\u0142u z obrad z 1989 r. Symboliczny mebel, kt\u00f3ry towarzyszy\u0142 rozmowom ko\u0144cz\u0105cym komunizm w Polsce, zostanie przeniesiony do Muzeum Historii Polski. Prezydent Karol Nawrocki podkre\u015bli\u0142 podczas kr\u00f3tkiej konferencji, \u017ce Pa\u0142ac Prezydencki &#8230; <a title=\"Nawrocki wynosi Okr\u0105g\u0142y St\u00f3\u0142. &#8220;Dzi\u015b sko\u0144czy\u0142 si\u0119 w Polsce postkomunizm&#8221;\" class=\"read-more\" href=\"https:\/\/dobrezrodla.com\/?p=12381\" aria-label=\"Read more about Nawrocki wynosi Okr\u0105g\u0142y St\u00f3\u0142. &#8220;Dzi\u015b sko\u0144czy\u0142 si\u0119 w Polsce postkomunizm&#8221;\">Read more<\/a><\/p>\n","protected":false},"author":1,"featured_media":0,"comment_status":"open","ping_status":"open","sticky":false,"template":"","format":"standard","meta":{"footnotes":""},"categories":[1],"tags":[],"class_list":["post-12381","post","type-post","status-publish","format-standard","hentry","category-uncategorized"],"_links":{"self":[{"href":"https:\/\/dobrezrodla.com\/index.php?rest_route=\/wp\/v2\/posts\/12381","targetHints":{"allow":["GET"]}}],"collection":[{"href":"https:\/\/dobrezrodla.com\/index.php?rest_route=\/wp\/v2\/posts"}],"about":[{"href":"https:\/\/dobrezrodla.com\/index.php?rest_route=\/wp\/v2\/types\/post"}],"author":[{"embeddable":true,"href":"https:\/\/dobrezrodla.com\/index.php?rest_route=\/wp\/v2\/users\/1"}],"replies":[{"embeddable":true,"href":"https:\/\/dobrezrodla.com\/index.php?rest_route=%2Fwp%2Fv2%2Fcomments&post=12381"}],"version-history":[{"count":1,"href":"https:\/\/dobrezrodla.com\/index.php?rest_route=\/wp\/v2\/posts\/12381\/revisions"}],"predecessor-version":[{"id":12382,"href":"https:\/\/dobrezrodla.com\/index.php?rest_route=\/wp\/v2\/posts\/12381\/revisions\/12382"}],"wp:attachment":[{"href":"https:\/\/dobrezrodla.com\/index.php?rest_route=%2Fwp%2Fv2%2Fmedia&parent=12381"}],"wp:term":[{"taxonomy":"category","embeddable":true,"href":"https:\/\/dobrezrodla.com\/index.php?rest_route=%2Fwp%2Fv2%2Fcategories&post=12381"},{"taxonomy":"post_tag","embeddable":true,"href":"https:\/\/dobrezrodla.com\/index.php?rest_route=%2Fwp%2Fv2%2Ftags&post=12381"}],"curies":[{"name":"wp","href":"https:\/\/api.w.org\/{rel}","templated":true}]}}