{"id":12385,"date":"2025-12-18T20:38:11","date_gmt":"2025-12-18T20:38:11","guid":{"rendered":"https:\/\/dobrezrodla.com\/?p=12385"},"modified":"2025-12-18T20:38:11","modified_gmt":"2025-12-18T20:38:11","slug":"najpierw-tusk-potem-czarzasty-rosnie-spor-o-okragly-stol","status":"publish","type":"post","link":"https:\/\/dobrezrodla.com\/?p=12385","title":{"rendered":"Najpierw Tusk, potem Czarzasty. Ro\u015bnie sp\u00f3r o Okr\u0105g\u0142y St\u00f3\u0142"},"content":{"rendered":"\n<p>Czwartek, 18 grudnia, przyni\u00f3s\u0142 decyzj\u0119, kt\u00f3ra natychmiast wywo\u0142a\u0142a polityczne trz\u0119sienie ziemi. Z Pa\u0142acu Prezydenckiego usuni\u0119to Okr\u0105g\u0142y St\u00f3\u0142 \u2013 jeden z najbardziej rozpoznawalnych symboli przemian ustrojowych w Polsce. Prezydent Karol Nawrocki zdecydowa\u0142 o jego demonta\u017cu i przekazaniu do Muzeum Historii Polski, co w ci\u0105gu kilku godzin przerodzi\u0142o si\u0119 w gwa\u0142town\u0105 debat\u0119 o znaczeniu historii, to\u017csamo\u015bci pa\u0144stwa i przysz\u0142o\u015bci dialogu publicznego.<\/p>\n\n\n\n<p>Sp\u00f3r o Okr\u0105g\u0142y St\u00f3\u0142 i polityczna riposta Donalda Tuska<\/p>\n\n\n\n<p>Tusk, Czarzasty i propozycja przej\u0119cia symbolu<\/p>\n\n\n\n<p>Sedno konfliktu \u2013 pami\u0119\u0107 historyczna i przysz\u0142o\u015b\u0107 dialogu<\/p>\n\n\n\n<p>Sp\u00f3r o Okr\u0105g\u0142y St\u00f3\u0142 i polityczna riposta Donalda Tuska<br>Do decyzji prezydenta odni\u00f3s\u0142 si\u0119 premier Donald Tusk, przebywaj\u0105cy w\u00f3wczas w Brukseli. W swoim komentarzu si\u0119gn\u0105\u0142 po ironi\u0119 i historyczny paradoks \u2013 przypomnia\u0142, \u017ce sam jako dzia\u0142acz \u201eSolidarno\u015bci\u201d krytykowa\u0142 rozmowy Okr\u0105g\u0142ego Sto\u0142u, podczas gdy dzisiejsi liderzy Prawa i Sprawiedliwo\u015bci byli w nie bezpo\u015brednio zaanga\u017cowani.<\/p>\n\n\n\n<p>Szybko jednak skierowa\u0142 uwag\u0119 na aktualn\u0105 sytuacj\u0119 polityczn\u0105. Premier zasugerowa\u0142, \u017ce symbol dialogu m\u00f3g\u0142by dzi\u015b bardziej przyda\u0107 si\u0119 samej opozycji. W jego opinii wewn\u0119trzne konflikty w PiS s\u0105 tak g\u0142\u0119bokie, \u017ce partia mog\u0142aby skorzysta\u0107 z powrotu do rozm\u00f3w przy wsp\u00f3lnym stole. W ten spos\u00f3b gest prezydenta sta\u0142 si\u0119 dla Tuska pretekstem do krytyki kondycji najwi\u0119kszej formacji opozycyjnej.<\/p>\n\n\n\n<p>Najpierw Tusk, potem Czarzasty. Ro\u015bnie sp\u00f3r o Okr\u0105g\u0142y St\u00f3\u0142<br>Karol Nawrocki, Fot. Andrzej Iwanczuk\/East News<br>Tusk, Czarzasty i propozycja przej\u0119cia symbolu<br>Najdalej id\u0105c\u0105 odpowied\u017a na decyzj\u0119 prezydenta zaprezentowa\u0142 marsza\u0142ek Sejmu W\u0142odzimierz Czarzasty. Oceni\u0142 on wypowiedzi Karola Nawrockiego jako zerwanie z tradycj\u0105 wsp\u00f3\u0142pracy i sygna\u0142 odej\u015bcia od j\u0119zyka kompromisu w polskiej polityce.<\/p>\n\n\n\n<p>W reakcji zaproponowa\u0142, by Okr\u0105g\u0142y St\u00f3\u0142 trafi\u0142 pod opiek\u0119 Sejmu. Jak podkre\u015bla\u0142, nie postrzega tego symbolu jako powodu do wstydu, lecz jako przypomnienie o warto\u015bci rozmowy i porozumienia. Wed\u0142ug marsza\u0142ka parlament \u2013 jako miejsce debaty i \u015bcierania si\u0119 pogl\u0105d\u00f3w \u2013 jest naturaln\u0105 przestrzeni\u0105 dla takiego znaku. Jego propozycja by\u0142a jednocze\u015bnie sprzeciwem wobec narracji sprowadzaj\u0105cej st\u00f3\u0142 wy\u0142\u0105cznie do symbolu postkomunizmu oraz deklaracj\u0105, \u017ce to Sejm pozostaje centrum demokratycznego dialogu.<\/p>\n\n\n\n<p>Sedno konfliktu \u2013 pami\u0119\u0107 historyczna i przysz\u0142o\u015b\u0107 dialogu<br>Za decyzj\u0105 o przeniesieniu Okr\u0105g\u0142ego Sto\u0142u do muzeum kryje si\u0119 znacznie g\u0142\u0119bszy konflikt ni\u017c kwestia lokalizacji zabytkowego mebla. Dla prezydenta Nawrockiego st\u00f3\u0142 jest znakiem kompromisu z przesz\u0142ym systemem, kt\u00f3ry \u2013 jego zdaniem \u2013 powinien zosta\u0107 jednoznacznie zamkni\u0119ty i oddany historii.<\/p>\n\n\n\n<p>Dla jego krytyk\u00f3w symbol ten oznacza co\u015b zupe\u0142nie innego: dow\u00f3d, \u017ce nawet w skrajnie trudnych warunkach mo\u017cliwe jest pokojowe porozumienie. Usuni\u0119cie go z przestrzeni publicznej postrzegaj\u0105 jako pr\u00f3b\u0119 marginalizacji warto\u015bci dialogu i kompromisu, kt\u00f3re leg\u0142y u podstaw przemian ustrojowych.<\/p>\n\n\n\n<p>Inicjatywa W\u0142odzimierza Czarzastego ma na celu obron\u0119 tej interpretacji. To pr\u00f3ba zachowania Okr\u0105g\u0142ego Sto\u0142u jako \u017cywego symbolu rozmowy, a nie jedynie muzealnego eksponatu opatrzonego jedn\u0105, politycznie wygodn\u0105 narracj\u0105. W istocie bowiem sp\u00f3r o Okr\u0105g\u0142y St\u00f3\u0142 jest sporem o to, jak\u0105 drog\u0105 ma pod\u0105\u017ca\u0107 polska demokracja \u2013 drog\u0105 nieustannej konfrontacji czy te\u017c dialogu, kompromisu i akceptacji z\u0142o\u017conej historii.<\/p>\n","protected":false},"excerpt":{"rendered":"<p>Czwartek, 18 grudnia, przyni\u00f3s\u0142 decyzj\u0119, kt\u00f3ra natychmiast wywo\u0142a\u0142a polityczne trz\u0119sienie ziemi. Z Pa\u0142acu Prezydenckiego usuni\u0119to Okr\u0105g\u0142y St\u00f3\u0142 \u2013 jeden z najbardziej rozpoznawalnych symboli przemian ustrojowych w Polsce. Prezydent Karol Nawrocki zdecydowa\u0142 o jego demonta\u017cu i przekazaniu do Muzeum Historii Polski, co w ci\u0105gu kilku godzin przerodzi\u0142o si\u0119 w gwa\u0142town\u0105 debat\u0119 o znaczeniu historii, to\u017csamo\u015bci pa\u0144stwa &#8230; <a title=\"Najpierw Tusk, potem Czarzasty. Ro\u015bnie sp\u00f3r o Okr\u0105g\u0142y St\u00f3\u0142\" class=\"read-more\" href=\"https:\/\/dobrezrodla.com\/?p=12385\" aria-label=\"Read more about Najpierw Tusk, potem Czarzasty. Ro\u015bnie sp\u00f3r o Okr\u0105g\u0142y St\u00f3\u0142\">Read more<\/a><\/p>\n","protected":false},"author":1,"featured_media":0,"comment_status":"open","ping_status":"open","sticky":false,"template":"","format":"standard","meta":{"footnotes":""},"categories":[1],"tags":[],"class_list":["post-12385","post","type-post","status-publish","format-standard","hentry","category-uncategorized"],"_links":{"self":[{"href":"https:\/\/dobrezrodla.com\/index.php?rest_route=\/wp\/v2\/posts\/12385","targetHints":{"allow":["GET"]}}],"collection":[{"href":"https:\/\/dobrezrodla.com\/index.php?rest_route=\/wp\/v2\/posts"}],"about":[{"href":"https:\/\/dobrezrodla.com\/index.php?rest_route=\/wp\/v2\/types\/post"}],"author":[{"embeddable":true,"href":"https:\/\/dobrezrodla.com\/index.php?rest_route=\/wp\/v2\/users\/1"}],"replies":[{"embeddable":true,"href":"https:\/\/dobrezrodla.com\/index.php?rest_route=%2Fwp%2Fv2%2Fcomments&post=12385"}],"version-history":[{"count":1,"href":"https:\/\/dobrezrodla.com\/index.php?rest_route=\/wp\/v2\/posts\/12385\/revisions"}],"predecessor-version":[{"id":12386,"href":"https:\/\/dobrezrodla.com\/index.php?rest_route=\/wp\/v2\/posts\/12385\/revisions\/12386"}],"wp:attachment":[{"href":"https:\/\/dobrezrodla.com\/index.php?rest_route=%2Fwp%2Fv2%2Fmedia&parent=12385"}],"wp:term":[{"taxonomy":"category","embeddable":true,"href":"https:\/\/dobrezrodla.com\/index.php?rest_route=%2Fwp%2Fv2%2Fcategories&post=12385"},{"taxonomy":"post_tag","embeddable":true,"href":"https:\/\/dobrezrodla.com\/index.php?rest_route=%2Fwp%2Fv2%2Ftags&post=12385"}],"curies":[{"name":"wp","href":"https:\/\/api.w.org\/{rel}","templated":true}]}}