{"id":12391,"date":"2025-12-18T20:41:03","date_gmt":"2025-12-18T20:41:03","guid":{"rendered":"https:\/\/dobrezrodla.com\/?p=12391"},"modified":"2025-12-18T20:41:04","modified_gmt":"2025-12-18T20:41:04","slug":"znany-profesor-uderza-w-nawrockiego-podsumowal-cala-jego-prezydenture","status":"publish","type":"post","link":"https:\/\/dobrezrodla.com\/?p=12391","title":{"rendered":"Znany profesor uderza w Nawrockiego. Podsumowa\u0142 ca\u0142\u0105 jego prezydentur\u0119"},"content":{"rendered":"\n<p>Czwartek, 18 grudnia 2025 roku, przyni\u00f3s\u0142 wydarzenie o silnym wyd\u017awi\u0119ku symbolicznym. W Pa\u0142acu Prezydenckim, w obecno\u015bci kamer, prezydent Karol Nawrocki og\u0142osi\u0142 przeniesienie Okr\u0105g\u0142ego Sto\u0142u do Muzeum Historii Polski. W tym samym czasie rozpocz\u0105\u0142 si\u0119 demonta\u017c legendarnego mebla, kt\u00f3ry od dekad kojarzony jest z prze\u0142omem 1989 roku. Cho\u0107 decyzja mia\u0142a \u2013 wed\u0142ug g\u0142owy pa\u0144stwa \u2013 zamkn\u0105\u0107 historyczny rozdzia\u0142, spotka\u0142a si\u0119 z ostr\u0105 reakcj\u0105 ze strony znanego historyka.<\/p>\n\n\n\n<p>Nawrocki: Pa\u0142ac nie jest miejscem dla symboli dawnych kompromis\u00f3w<\/p>\n\n\n\n<p>\u201eNajbardziej konfrontacyjny prezydent\u201d III RP?<\/p>\n\n\n\n<p>Nawrocki: Pa\u0142ac nie jest miejscem dla symboli dawnych kompromis\u00f3w<br>Podczas wyst\u0105pienia prezydent jasno wy\u0142o\u017cy\u0142 swoje stanowisko. Przekonywa\u0142, \u017ce Pa\u0142ac Prezydencki powinien odzwierciedla\u0107 przysz\u0142o\u015b\u0107 pa\u0144stwa, a nie przypomina\u0107 o porozumieniach zawieranych z komunistycznym re\u017cimem. W jego ocenie naturalnym miejscem dla Okr\u0105g\u0142ego Sto\u0142u jest muzeum, gdzie mo\u017ce pe\u0142ni\u0107 funkcj\u0119 historycznego eksponatu.<\/p>\n\n\n\n<p>Pa\u0142ac Prezydencki nie jest przestrzeni\u0105, w kt\u00f3rej Okr\u0105g\u0142y St\u00f3\u0142 powinien nadal sta\u0107. Jego w\u0142a\u015bciwym miejscem jest Muzeum Historii Polski. M\u00f3wimy o historii \u2013 oddajemy Okr\u0105g\u0142y St\u00f3\u0142 historii \u2013 podkre\u015bli\u0142 Nawrocki.<\/p>\n\n\n\n<p>Zapowiedzia\u0142 r\u00f3wnie\u017c, \u017ce od 2027 roku mebel b\u0119dzie dost\u0119pny dla zwiedzaj\u0105cych jako cz\u0119\u015b\u0107 sta\u0142ej ekspozycji. Decyzji tej towarzyszy\u0142a deklaracja o charakterze politycznym i symbolicznym. Prezydent og\u0142osi\u0142, \u017ce wraz z tym gestem ko\u0144czy si\u0119 w Polsce epoka postkomunizmu, akcentuj\u0105c swoje wyst\u0105pienie has\u0142em:<\/p>\n\n\n\n<p>Niech \u017cyje wolna Polska.<\/p>\n\n\n\n<p>Znany profesor uderza w Nawrockiego. Podsumowa\u0142 ca\u0142\u0105 jego prezydentur\u0119<br>Karol Nawrocki, fot. KAPiF<br>Dudek: decyzja s\u0142uszna, intencje \u2013 w\u0105tpliwe<br>Profesor Antoni Dudek przyzna\u0142, \u017ce samo przeniesienie Okr\u0105g\u0142ego Sto\u0142u do Muzeum Historii Polski mo\u017cna uzna\u0107 za logiczne i uzasadnione. W jego ocenie mebel ten idealnie domyka narracj\u0119 dotycz\u0105c\u0105 dziej\u00f3w Polski Ludowej.<\/p>\n\n\n\n<p>To by\u0142 ostatni akt PRL, dlatego muzeum jest naturalnym miejscem dla tego obiektu \u2013 zauwa\u017cy\u0142 historyk, przypominaj\u0105c, \u017ce od dawna zastanawiano si\u0119, jaki element powinien symbolicznie zamyka\u0107 opowie\u015b\u0107 o tamtej epoce.<\/p>\n\n\n\n<p>Jednocze\u015bnie profesor nie mia\u0142 w\u0105tpliwo\u015bci, \u017ce prezydentowi nie chodzi wy\u0142\u0105cznie o w\u0142a\u015bciwe wyeksponowanie zabytku. Wed\u0142ug Dudka kluczowa jest ideologiczna niech\u0119\u0107 do znaczenia, jakie niesie Okr\u0105g\u0142y St\u00f3\u0142. Historyk oceni\u0142, \u017ce jest on symbolem porozumienia i dialogu, a w\u0142a\u015bnie ten aspekt \u2013 jego zdaniem \u2013 jest dla Karola Nawrockiego nie do zaakceptowania.<\/p>\n\n\n\n<p>\u201eNajbardziej konfrontacyjny prezydent\u201d III RP?<br>Komentuj\u0105c ca\u0142\u0105 sytuacj\u0119, profesor Dudek odni\u00f3s\u0142 si\u0119 tak\u017ce szerzej do stylu sprawowania urz\u0119du przez obecnego prezydenta. W jego opinii Karol Nawrocki wyr\u00f3\u017cnia si\u0119 wyj\u0105tkowo ostrym i konfliktowym podej\u015bciem do polityki.<\/p>\n\n\n\n<p>To najbardziej konfrontacyjna prezydentura, jak\u0105 dot\u0105d mieli\u015bmy \u2013 stwierdzi\u0142 bez ogr\u00f3dek.<\/p>\n\n\n\n<p>Historyk doda\u0142 z ironi\u0105, \u017ce dziwi go jedynie moment podj\u0119cia decyzji. Jego zdaniem gest usuni\u0119cia Okr\u0105g\u0142ego Sto\u0142u jest tak sp\u00f3jny z wizj\u0105 prezydentury Nawrockiego, i\u017c m\u00f3g\u0142 zosta\u0107 wykonany ju\u017c na samym pocz\u0105tku kadencji.<\/p>\n\n\n\n<p>Sp\u00f3r wok\u00f3\u0142 los\u00f3w historycznego sto\u0142u po raz kolejny pokazuje, jak silne emocje wci\u0105\u017c budzi ocena wydarze\u0144 z 1989 roku. Dla jednych jest to symbol niepe\u0142nego kompromisu z dawn\u0105 w\u0142adz\u0105, kt\u00f3ry powinien zosta\u0107 zamkni\u0119ty w muzealnej przestrzeni. Dla innych pozostaje on przede wszystkim znakiem dialogu i pokojowej drogi do wolno\u015bci \u2013 a jego usuni\u0119cie z Pa\u0142acu Prezydenckiego ma znaczenie wyra\u017anie polityczne, wykraczaj\u0105ce poza zwyk\u0142\u0105 decyzj\u0119 muzealn\u0105.<\/p>\n\n\n\n<p>Znany profesor uderza w Nawrockiego. Podsumowa\u0142 ca\u0142\u0105 jego prezydentur\u0119<br>sejm, fot. KAPiF<br>Znany profesor uderza w Nawrockiego. Podsumowa\u0142 ca\u0142\u0105 jego prezydentur\u0119<\/p>\n","protected":false},"excerpt":{"rendered":"<p>Czwartek, 18 grudnia 2025 roku, przyni\u00f3s\u0142 wydarzenie o silnym wyd\u017awi\u0119ku symbolicznym. W Pa\u0142acu Prezydenckim, w obecno\u015bci kamer, prezydent Karol Nawrocki og\u0142osi\u0142 przeniesienie Okr\u0105g\u0142ego Sto\u0142u do Muzeum Historii Polski. W tym samym czasie rozpocz\u0105\u0142 si\u0119 demonta\u017c legendarnego mebla, kt\u00f3ry od dekad kojarzony jest z prze\u0142omem 1989 roku. Cho\u0107 decyzja mia\u0142a \u2013 wed\u0142ug g\u0142owy pa\u0144stwa \u2013 zamkn\u0105\u0107 &#8230; <a title=\"Znany profesor uderza w Nawrockiego. Podsumowa\u0142 ca\u0142\u0105 jego prezydentur\u0119\" class=\"read-more\" href=\"https:\/\/dobrezrodla.com\/?p=12391\" aria-label=\"Read more about Znany profesor uderza w Nawrockiego. Podsumowa\u0142 ca\u0142\u0105 jego prezydentur\u0119\">Read more<\/a><\/p>\n","protected":false},"author":1,"featured_media":0,"comment_status":"open","ping_status":"open","sticky":false,"template":"","format":"standard","meta":{"footnotes":""},"categories":[1],"tags":[],"class_list":["post-12391","post","type-post","status-publish","format-standard","hentry","category-uncategorized"],"_links":{"self":[{"href":"https:\/\/dobrezrodla.com\/index.php?rest_route=\/wp\/v2\/posts\/12391","targetHints":{"allow":["GET"]}}],"collection":[{"href":"https:\/\/dobrezrodla.com\/index.php?rest_route=\/wp\/v2\/posts"}],"about":[{"href":"https:\/\/dobrezrodla.com\/index.php?rest_route=\/wp\/v2\/types\/post"}],"author":[{"embeddable":true,"href":"https:\/\/dobrezrodla.com\/index.php?rest_route=\/wp\/v2\/users\/1"}],"replies":[{"embeddable":true,"href":"https:\/\/dobrezrodla.com\/index.php?rest_route=%2Fwp%2Fv2%2Fcomments&post=12391"}],"version-history":[{"count":1,"href":"https:\/\/dobrezrodla.com\/index.php?rest_route=\/wp\/v2\/posts\/12391\/revisions"}],"predecessor-version":[{"id":12392,"href":"https:\/\/dobrezrodla.com\/index.php?rest_route=\/wp\/v2\/posts\/12391\/revisions\/12392"}],"wp:attachment":[{"href":"https:\/\/dobrezrodla.com\/index.php?rest_route=%2Fwp%2Fv2%2Fmedia&parent=12391"}],"wp:term":[{"taxonomy":"category","embeddable":true,"href":"https:\/\/dobrezrodla.com\/index.php?rest_route=%2Fwp%2Fv2%2Fcategories&post=12391"},{"taxonomy":"post_tag","embeddable":true,"href":"https:\/\/dobrezrodla.com\/index.php?rest_route=%2Fwp%2Fv2%2Ftags&post=12391"}],"curies":[{"name":"wp","href":"https:\/\/api.w.org\/{rel}","templated":true}]}}