{"id":12393,"date":"2025-12-18T20:41:42","date_gmt":"2025-12-18T20:41:42","guid":{"rendered":"https:\/\/dobrezrodla.com\/?p=12393"},"modified":"2025-12-18T20:41:43","modified_gmt":"2025-12-18T20:41:43","slug":"pis-chce-usuniecia-kurskiego-z-partii-ogromne-emocje-w-ugrupowaniu","status":"publish","type":"post","link":"https:\/\/dobrezrodla.com\/?p=12393","title":{"rendered":"PiS chce usuni\u0119cia Kurskiego z Partii. Ogromne emocje w ugrupowaniu"},"content":{"rendered":"\n<p>W PiS wybuch\u0142 nowy powa\u017cny sp\u00f3r \u2013 politycy partii ruszyli z inicjatyw\u0105 z\u0142o\u017cenia wniosku o usuni\u0119cie z partii by\u0142ego prezesa TVP, Jacka Kurskiego. To efekt narastaj\u0105cych wewn\u0119trznych napi\u0119\u0107 i krytycznych wypowiedzi Kurskiego pod adresem czo\u0142owych dzia\u0142aczy ugrupowania. Sam zainteresowany szybko odpowiedzia\u0142 na zarzuty, wywo\u0142uj\u0105c kolejne kontrowersje i zaogniaj\u0105c debat\u0119 wewn\u0119trznych relacji w Prawie i Sprawiedliwo\u015bci.<\/p>\n\n\n\n<p>Kontrowersje wok\u00f3\u0142 Kurskiego<br>Poruszenie w PiS. Kursi opu\u015bci parti\u0119?<br>Ogromne emocje w PiS<br>Kontrowersje wok\u00f3\u0142 Kurskiego<br>By\u0142y prezes Telewizji Polskiej, Jacek Kurski, kt\u00f3ry przez lata by\u0142 jedn\u0105 z najbardziej rozpoznawalnych postaci w mediach zwi\u0105zanych z obozem rz\u0105dz\u0105cym, w ostatnich dniach znalaz\u0142 si\u0119 w centrum kontrowersji wewn\u0105trz PiS. Wszystko zacz\u0119\u0142o si\u0119 od jego ostrego wpisu w mediach spo\u0142eczno\u015bciowych, w kt\u00f3rym krytykowa\u0142 by\u0142ego premiera Mateusza Morawieckiego, kwestionuj\u0105c jego lojalno\u015b\u0107 wobec prawicowego elektoratu i obozu politycznego. Kurski twierdzi\u0142 m.in. \u017ce Morawiecki \u201egubi instynkt moralny\u201d, idzie do \u201ewrog\u00f3w\u201d i \u017ce jego decyzje mia\u0142y negatywny wp\u0142yw na zaufanie wyborc\u00f3w do partii.<\/p>\n\n\n\n<p>Sytuacj\u0119 dodatkowo podgrza\u0142y informacje o tzw. dw\u00f3ch wigiliach zorganizowanych w ostatnich dniach przez r\u00f3\u017cne \u015brodowiska PiS \u2013 jedno przez Jaros\u0142awa Kaczy\u0144skiego, drugie przez Mateusza Morawieckiego \u2013 co publicznie interpretowano jako symbol g\u0142\u0119bszych podzia\u0142\u00f3w wewn\u0105trz ugrupowania. To w kontek\u015bcie tych wydarze\u0144 komentarze Kurskiego nabra\u0142y szczeg\u00f3lnej wagi politycznej i wywo\u0142a\u0142y fal\u0119 reakcji w\u015br\u00f3d pos\u0142\u00f3w.<\/p>\n\n\n\n<p>Jednak to nie tylko polityczne oceny dzia\u0142ania by\u0142ego premiera wywo\u0142a\u0142y burz\u0119. Kurski na zarzuty pod adresem jego osoby odpowiedzia\u0142 w mediach spo\u0142eczno\u015bciowych wprost:<\/p>\n\n\n\n<p>Waldek, najpierw op\u0142a\u0107 sk\u0142adki, a potem bierz si\u0119 za wyrzucanie z Prawa i Sprawiedliwo\u015bci \u2013 napisa\u0142, odnosz\u0105c si\u0119 do komentarzy europejskiego pos\u0142a Waldemara Budy i zaczynaj\u0105cej si\u0119 inicjatywy zmierzaj\u0105cej do wykluczenia go z partii.<\/p>\n\n\n\n<p>Jego wpis wywo\u0142a\u0142 jeszcze wi\u0119ksze emocje i sta\u0142 si\u0119 jednym z g\u0142\u00f3wnych argument\u00f3w w debacie wewn\u0119trznej \u2013 zw\u0142aszcza w kontek\u015bcie zarzut\u00f3w, \u017ce dzia\u0142ania Kurskiego rzutuj\u0105 negatywnie na wizerunek i sp\u00f3jno\u015b\u0107 PiS.<\/p>\n\n\n\n<p>Poruszenie w PiS. Kursi opu\u015bci parti\u0119?<br>W odpowiedzi na kontrowersyjne zachowanie i wypowiedzi Jacka Kurskiego w szeregach PiS zacz\u0119\u0142a si\u0119 formalna inicjatywa poselska polegaj\u0105ca na zbieraniu podpis\u00f3w pod wnioskiem o usuni\u0119cie go z partii. Jak poinformowa\u0142 europose\u0142 Waldemar Buda, a nast\u0119pnie cytowa\u0142y media, grupa pos\u0142\u00f3w \u2013 \u201eniezale\u017cnie od frakcji i r\u00f3\u017cnic zda\u0144 w innych sprawach\u201d \u2013 rozpocz\u0119\u0142a proces przygotowawczy do takiego kroku.<\/p>\n\n\n\n<p>Chodzi o to, by zg\u0142osi\u0107 formalny wniosek o pozbawienie Kurskiego cz\u0142onkostwa w Prawie i Sprawiedliwo\u015bci. Inicjatywa ta ma by\u0107 reakcj\u0105 na jego coraz ostrzejsze wypowiedzi oraz \u2013 zdaniem cz\u0119\u015bci dzia\u0142aczy \u2013 dzia\u0142ania, kt\u00f3re podwa\u017caj\u0105 jedno\u015b\u0107 i dyscyplin\u0119 partyjn\u0105. To tak\u017ce sygna\u0142, \u017ce wewn\u0119trzne konflikty mi\u0119dzy r\u00f3\u017cnymi grupami i liderami PiS przenosz\u0105 si\u0119 coraz bardziej z kuluar\u00f3w do publicznej debaty.<\/p>\n\n\n\n<p>Niekt\u00f3rzy politycy partii twierdz\u0105, \u017ce w obliczu utrzymuj\u0105cych si\u0119 napi\u0119\u0107 konieczne jest wyra\u017ane pokazanie, \u017ce PiS nie toleruje dzia\u0142a\u0144, kt\u00f3re ich zdaniem destabilizuj\u0105 struktury partii i os\u0142abiaj\u0105 jej wizerunek przed wyborami. Trwaj\u0105ce zbieranie podpis\u00f3w pod wnioskiem ma by\u0107 w\u0142a\u015bnie takim krokiem \u2013 gestem, kt\u00f3ry ma pokaza\u0107, \u017ce kierownictwo partii jest gotowe na zdecydowane dzia\u0142ania wobec w\u0142asnych cz\u0142onk\u00f3w.<\/p>\n\n\n\n<p>Formalny proces mo\u017ce obejmowa\u0107 zar\u00f3wno zebranie nominowanych podpis\u00f3w pod projektem uchwa\u0142y, jak i dalsze procedury statutowe PiS, kt\u00f3re decyduj\u0105 o prawomocnym wykluczeniu cz\u0142onka z partii \u2013 je\u015bli inicjatywa zako\u0144czy si\u0119 sukcesem. Czas poka\u017ce, czy Jacek Kurski b\u0119dzie zmuszony do opuszczenia partii.<\/p>\n\n\n\n<p>Ogromne emocje w PiS<br>Ca\u0142a sytuacja wywo\u0142a\u0142a naprawd\u0119 ogromne emocje w szeregach Prawa i Sprawiedliwo\u015bci \u2013 i to zar\u00f3wno w\u015br\u00f3d polityk\u00f3w, jak i sympatyk\u00f3w ugrupowania. Z jednej strony mamy narracj\u0119 o potrzebie dyscypliny i ochrony dobrego imienia partii, z drugiej \u2013 g\u0142osy krytyki wobec tego, co postrzegane jest jako wewn\u0119trzne frakcjonowanie i publiczne spi\u0119cia, kt\u00f3re maj\u0105 negatywny wyd\u017awi\u0119k.<\/p>\n\n\n\n<p>W dyskusjach medialnych i social mediach politycy PiS prezentuj\u0105 zr\u00f3\u017cnicowane stanowiska. Niekt\u00f3rzy twierdz\u0105, \u017ce sytuacja ta jest symptomem gwa\u0142townie rosn\u0105cych podzia\u0142\u00f3w w partii, w kt\u00f3rej pojawiaj\u0105 si\u0119 coraz wyra\u017aniej rywalizacje r\u00f3\u017cnych lider\u00f3w i \u015brodowisk. To z kolei \u2013 jak podkre\u015blaj\u0105 \u2013 mo\u017ce skutkowa\u0107 dalszymi tarciami w samym obozie rz\u0105dz\u0105cym.<\/p>\n\n\n\n<p>Dyskusja o usuni\u0119ciu Kurskiego ze struktur PiS to nie tylko sp\u00f3r personalny, ale r\u00f3wnie\u017c moment refleksji nad tym, jakie warto\u015bci i zachowania s\u0105 dopuszczalne w partii oraz gdzie przebiega granica mi\u0119dzy wewn\u0119trzn\u0105 krytyk\u0105 a dzia\u0142aniem na szkod\u0119 wsp\u00f3lnej sprawy. Wiele wskazuje na to, \u017ce kolejne tygodnie przynios\u0105 dalsze komentarze i mo\u017cliwe kolejne kroki proceduralne w tej g\u0142o\u015bnej sprawie.<\/p>\n","protected":false},"excerpt":{"rendered":"<p>W PiS wybuch\u0142 nowy powa\u017cny sp\u00f3r \u2013 politycy partii ruszyli z inicjatyw\u0105 z\u0142o\u017cenia wniosku o usuni\u0119cie z partii by\u0142ego prezesa TVP, Jacka Kurskiego. To efekt narastaj\u0105cych wewn\u0119trznych napi\u0119\u0107 i krytycznych wypowiedzi Kurskiego pod adresem czo\u0142owych dzia\u0142aczy ugrupowania. Sam zainteresowany szybko odpowiedzia\u0142 na zarzuty, wywo\u0142uj\u0105c kolejne kontrowersje i zaogniaj\u0105c debat\u0119 wewn\u0119trznych relacji w Prawie i Sprawiedliwo\u015bci. &#8230; <a title=\"PiS chce usuni\u0119cia Kurskiego z Partii. Ogromne emocje w ugrupowaniu\" class=\"read-more\" href=\"https:\/\/dobrezrodla.com\/?p=12393\" aria-label=\"Read more about PiS chce usuni\u0119cia Kurskiego z Partii. Ogromne emocje w ugrupowaniu\">Read more<\/a><\/p>\n","protected":false},"author":1,"featured_media":0,"comment_status":"open","ping_status":"open","sticky":false,"template":"","format":"standard","meta":{"footnotes":""},"categories":[1],"tags":[],"class_list":["post-12393","post","type-post","status-publish","format-standard","hentry","category-uncategorized"],"_links":{"self":[{"href":"https:\/\/dobrezrodla.com\/index.php?rest_route=\/wp\/v2\/posts\/12393","targetHints":{"allow":["GET"]}}],"collection":[{"href":"https:\/\/dobrezrodla.com\/index.php?rest_route=\/wp\/v2\/posts"}],"about":[{"href":"https:\/\/dobrezrodla.com\/index.php?rest_route=\/wp\/v2\/types\/post"}],"author":[{"embeddable":true,"href":"https:\/\/dobrezrodla.com\/index.php?rest_route=\/wp\/v2\/users\/1"}],"replies":[{"embeddable":true,"href":"https:\/\/dobrezrodla.com\/index.php?rest_route=%2Fwp%2Fv2%2Fcomments&post=12393"}],"version-history":[{"count":1,"href":"https:\/\/dobrezrodla.com\/index.php?rest_route=\/wp\/v2\/posts\/12393\/revisions"}],"predecessor-version":[{"id":12394,"href":"https:\/\/dobrezrodla.com\/index.php?rest_route=\/wp\/v2\/posts\/12393\/revisions\/12394"}],"wp:attachment":[{"href":"https:\/\/dobrezrodla.com\/index.php?rest_route=%2Fwp%2Fv2%2Fmedia&parent=12393"}],"wp:term":[{"taxonomy":"category","embeddable":true,"href":"https:\/\/dobrezrodla.com\/index.php?rest_route=%2Fwp%2Fv2%2Fcategories&post=12393"},{"taxonomy":"post_tag","embeddable":true,"href":"https:\/\/dobrezrodla.com\/index.php?rest_route=%2Fwp%2Fv2%2Ftags&post=12393"}],"curies":[{"name":"wp","href":"https:\/\/api.w.org\/{rel}","templated":true}]}}