{"id":12395,"date":"2025-12-18T20:43:29","date_gmt":"2025-12-18T20:43:29","guid":{"rendered":"https:\/\/dobrezrodla.com\/?p=12395"},"modified":"2025-12-18T20:43:29","modified_gmt":"2025-12-18T20:43:29","slug":"zakonnica-z-zarzutami-w-tle-oskarzenia-o-przemoc-policja-wkroczyla-do-dps-dla-dzieci","status":"publish","type":"post","link":"https:\/\/dobrezrodla.com\/?p=12395","title":{"rendered":"Zakonnica z zarzutami, w tle oskar\u017cenia o przemoc. Policja wkroczy\u0142a do DPS dla dzieci"},"content":{"rendered":"\n<p>Wstrz\u0105saj\u0105ce doniesienia z wojew\u00f3dztwa lubuskiego obieg\u0142y media, k\u0142ad\u0105c si\u0119 cieniem na systemie opieki nad najs\u0142abszymi. W plac\u00f3wce przeznaczonej dla dzieci i m\u0142odzie\u017cy niepe\u0142nosprawnej intelektualnie mia\u0142o dochodzi\u0107 do scen, kt\u00f3re nigdy nie powinny mie\u0107 miejsca, a w spraw\u0119 zamieszana jest osoba duchowna.<\/p>\n\n\n\n<p>Systemowa dziura w kontroli nad plac\u00f3wkami opieku\u0144czymi<br>Granica mi\u0119dzy dyscyplin\u0105 a zn\u0119caniem si\u0119 nad s\u0142abszymi<br>Zakonnica z zarzutami i policyjna interwencja we Wschowie<br>Systemowa dziura w kontroli nad plac\u00f3wkami opieku\u0144czymi<br>Tragedie w o\u015brodkach pomocy spo\u0142ecznej zazwyczaj zaczynaj\u0105 si\u0119 od ciszy, kt\u00f3ra trwa latami za wysokimi murami. Dom Pomocy Spo\u0142ecznej (instytucja \u015bwiadcz\u0105ca us\u0142ugi bytowe i opieku\u0144cze osobom wymagaj\u0105cym ca\u0142odobowego wsparcia) powinien by\u0107 azylem, szczeg\u00f3lnie gdy jego podopiecznymi s\u0105 dzieci dotkni\u0119te niepe\u0142nosprawno\u015bci\u0105.<\/p>\n\n\n\n<p>W Polsce nadz\u00f3r nad takimi miejscami sprawuj\u0105 urz\u0119dy wojew\u00f3dzkie oraz powiatowe centra pomocy rodzinie, jednak rutynowe kontrole cz\u0119sto nie s\u0105 w stanie wy\u0142apa\u0107 subtelnych sygna\u0142\u00f3w \u015bwiadcz\u0105cych o przemocy psychicznej czy zaniedbaniach.<\/p>\n\n\n\n<p>Zakonnica z zarzutami, w tle oskar\u017cenia o przemoc. Policja wkroczy\u0142a do DPS dla dzieci<br>Fot. photofort 77\/Shutterstock<br>Historia uczy, \u017ce dopiero determinacja sygnalist\u00f3w lub dramatyczne pogorszenie stanu zdrowia wychowank\u00f3w zmusza organy \u015bcigania do interwencji. Wschowski przypadek pokazuje, \u017ce zaufanie, jakim spo\u0142ecze\u0144stwo darzy plac\u00f3wki prowadzone przez zgromadzenia zakonne, bywa bezlito\u015bnie nadu\u017cywane.<\/p>\n\n\n\n<p>Pytanie o to, jak skutecznie monitorowa\u0107 codzienno\u015b\u0107 w zamkni\u0119tych o\u015brodkach, powraca w debacie publicznej z ka\u017cd\u0105 kolejn\u0105 policyjn\u0105 interwencj\u0105, obna\u017caj\u0105c bezradno\u015b\u0107 systemu wobec przemocy instytucjonalnej.<\/p>\n\n\n\n<p>Zakonnica z zarzutami, w tle oskar\u017cenia o przemoc. Policja wkroczy\u0142a do DPS dla dzieci<br>Fot. piotr290\/Getty Images\/Canva<br>Czy rzeczywi\u015bcie wystarczy jedna osoba o \u201etwardej r\u0119ce\u201d, by z\u0142ama\u0107 ducha dziesi\u0105tek podopiecznych? Psychologowie spo\u0142eczni od lat wskazuj\u0105 na syndrom wypalenia zawodowego personelu w takich miejscach, co jednak w \u017cadnym stopniu nie t\u0142umaczy agresji.<\/p>\n\n\n\n<p>Granica mi\u0119dzy dyscyplin\u0105 a zn\u0119caniem si\u0119 nad s\u0142abszymi<br>Wed\u0142ug ustale\u0144 \u015bledczych w Domu Pomocy Spo\u0142ecznej dla Dzieci we Wschowie w wojew\u00f3dztwie lubuskim mog\u0142o dochodzi\u0107 do przemocy psychicznej i fizycznej wobec podopiecznych.<\/p>\n\n\n\n<p>Prokuratura prowadzi post\u0119powanie dotycz\u0105ce sposob\u00f3w sprawowania opieki w plac\u00f3wce &#8211; zarzuty us\u0142ysza\u0142y trzy osoby, w tym zakonnica. Jak podaje Fakt, 18 grudnia rzeczniczka prokuratury Ewa Antonowicz przekaza\u0142a, \u017ce zarzuty zosta\u0142y postawione trzem kobietom. Jednej z nich, b\u0119d\u0105cej zakonnic\u0105, zarzucono fizyczne i psychiczne zn\u0119canie si\u0119 nad wychowankami nieporadnymi ze wzgl\u0119du na wiek oraz upo\u015bledzenie umys\u0142owe.<\/p>\n\n\n\n<p>Zakonnica z zarzutami, w tle oskar\u017cenia o przemoc. Policja wkroczy\u0142a do DPS dla dzieci<br>Fot. Piotr Molecki\/East News<br>Cz\u0119sto w takich sprawach kluczowym dowodem staj\u0105 si\u0119 nagrania lub zeznania by\u0142ych pracownik\u00f3w, kt\u00f3rzy nie wytrzymali presji \u015brodowiska pracy. Je\u015bli zarzuty si\u0119 potwierdz\u0105, plac\u00f3wka we Wschowie do\u0142\u0105czy do niechlubnej listy miejsc, gdzie \u201eopieka\u201d sta\u0142a si\u0119 synonimem udr\u0119ki.<\/p>\n\n\n\n<p>Prokuratura musi teraz precyzyjnie ustali\u0107, jak d\u0142ugo trwa\u0142 ten proceder i dlaczego nikt wcze\u015bniej nie zareagowa\u0142 na krzywd\u0119 dzieci. Analiza dokumentacji medycznej oraz przes\u0142uchania \u015bwiadk\u00f3w maj\u0105 na celu odtworzenie codziennej rutyny o\u015brodka, kt\u00f3ra \u2013 wed\u0142ug wst\u0119pnych ustale\u0144 \u2013 znacz\u0105co odbiega\u0142a od standard\u00f3w godnej opieki.<\/p>\n\n\n\n<p>Zakonnica z zarzutami i policyjna interwencja we Wschowie<br>Fina\u0142 wielomiesi\u0119cznego zbierania materia\u0142\u00f3w przez \u015bledczych nast\u0105pi\u0142 w momencie, gdy policja wkroczy\u0142a na teren Domu Pomocy Spo\u0142ecznej dla Dzieci we Wschowie. Jak podaje prokuratura, post\u0119powanie dotyczy sposobu sprawowania opieki w plac\u00f3wce, a konkretnie podejrzenia stosowania przemocy psychicznej i fizycznej wobec ma\u0142oletnich pensjonariuszy.<\/p>\n\n\n\n<p>Dw\u00f3m pozosta\u0142ym kobietom, kt\u00f3re nie s\u0105 zakonnicami, \u015bledczy przypisuj\u0105 zmuszanie podopiecznego do okre\u015blonego dzia\u0142ania. Kobieta podejrzewana o zn\u0119canie si\u0119 podlega dozorowi policyjnemu, ma r\u00f3wnie\u017c zakaz wykonywania jakichkolwiek czynno\u015bci zwi\u0105zanych z opiek\u0105 nad osobami ma\u0142oletnimi i niepe\u0142nosprawnymi.<\/p>\n\n\n\n<p>Prokuratura podkre\u015bla, \u017ce na obecnym etapie nie b\u0119dzie przekazywa\u0107 dodatkowych informacji. Teraz jednak plac\u00f3wka znajduje si\u0119 pod \u015bcis\u0142ym nadzorem prokuratury, a dobro dzieci zosta\u0142o zabezpieczone poprzez wdro\u017cenie dodatkowych procedur ochronnych.<\/p>\n","protected":false},"excerpt":{"rendered":"<p>Wstrz\u0105saj\u0105ce doniesienia z wojew\u00f3dztwa lubuskiego obieg\u0142y media, k\u0142ad\u0105c si\u0119 cieniem na systemie opieki nad najs\u0142abszymi. W plac\u00f3wce przeznaczonej dla dzieci i m\u0142odzie\u017cy niepe\u0142nosprawnej intelektualnie mia\u0142o dochodzi\u0107 do scen, kt\u00f3re nigdy nie powinny mie\u0107 miejsca, a w spraw\u0119 zamieszana jest osoba duchowna. Systemowa dziura w kontroli nad plac\u00f3wkami opieku\u0144czymiGranica mi\u0119dzy dyscyplin\u0105 a zn\u0119caniem si\u0119 nad s\u0142abszymiZakonnica &#8230; <a title=\"Zakonnica z zarzutami, w tle oskar\u017cenia o przemoc. Policja wkroczy\u0142a do DPS dla dzieci\" class=\"read-more\" href=\"https:\/\/dobrezrodla.com\/?p=12395\" aria-label=\"Read more about Zakonnica z zarzutami, w tle oskar\u017cenia o przemoc. Policja wkroczy\u0142a do DPS dla dzieci\">Read more<\/a><\/p>\n","protected":false},"author":1,"featured_media":0,"comment_status":"open","ping_status":"open","sticky":false,"template":"","format":"standard","meta":{"footnotes":""},"categories":[1],"tags":[],"class_list":["post-12395","post","type-post","status-publish","format-standard","hentry","category-uncategorized"],"_links":{"self":[{"href":"https:\/\/dobrezrodla.com\/index.php?rest_route=\/wp\/v2\/posts\/12395","targetHints":{"allow":["GET"]}}],"collection":[{"href":"https:\/\/dobrezrodla.com\/index.php?rest_route=\/wp\/v2\/posts"}],"about":[{"href":"https:\/\/dobrezrodla.com\/index.php?rest_route=\/wp\/v2\/types\/post"}],"author":[{"embeddable":true,"href":"https:\/\/dobrezrodla.com\/index.php?rest_route=\/wp\/v2\/users\/1"}],"replies":[{"embeddable":true,"href":"https:\/\/dobrezrodla.com\/index.php?rest_route=%2Fwp%2Fv2%2Fcomments&post=12395"}],"version-history":[{"count":1,"href":"https:\/\/dobrezrodla.com\/index.php?rest_route=\/wp\/v2\/posts\/12395\/revisions"}],"predecessor-version":[{"id":12396,"href":"https:\/\/dobrezrodla.com\/index.php?rest_route=\/wp\/v2\/posts\/12395\/revisions\/12396"}],"wp:attachment":[{"href":"https:\/\/dobrezrodla.com\/index.php?rest_route=%2Fwp%2Fv2%2Fmedia&parent=12395"}],"wp:term":[{"taxonomy":"category","embeddable":true,"href":"https:\/\/dobrezrodla.com\/index.php?rest_route=%2Fwp%2Fv2%2Fcategories&post=12395"},{"taxonomy":"post_tag","embeddable":true,"href":"https:\/\/dobrezrodla.com\/index.php?rest_route=%2Fwp%2Fv2%2Ftags&post=12395"}],"curies":[{"name":"wp","href":"https:\/\/api.w.org\/{rel}","templated":true}]}}