{"id":12397,"date":"2025-12-18T20:44:08","date_gmt":"2025-12-18T20:44:08","guid":{"rendered":"https:\/\/dobrezrodla.com\/?p=12397"},"modified":"2025-12-18T20:44:09","modified_gmt":"2025-12-18T20:44:09","slug":"okragly-stol-opusci-palac-prezydencki-wiemy-co-sie-z-nim-stanie","status":"publish","type":"post","link":"https:\/\/dobrezrodla.com\/?p=12397","title":{"rendered":"Okr\u0105g\u0142y st\u00f3\u0142 opu\u015bci Pa\u0142ac Prezydencki. Wiemy co si\u0119 z nim stanie"},"content":{"rendered":"\n<p>W Pa\u0142acu Prezydenckim zako\u0144czy\u0142 si\u0119 pewien rozdzia\u0142. Przez lata by\u0142 on nie tylko siedzib\u0105 g\u0142owy pa\u0144stwa, ale r\u00f3wnie\u017c miejscem przechowywania jednego z najwa\u017cniejszych artefakt\u00f3w wsp\u00f3\u0142czesnej Polski \u2013 s\u0142ynnego Okr\u0105g\u0142ego Sto\u0142u, przy kt\u00f3rym toczy\u0142y si\u0119 historyczne rozmiany. Decyzja o jego przeniesieniu wywo\u0142a\u0142a szerok\u0105 dyskusj\u0119 i sk\u0142ania do refleksji nad pami\u0119ci\u0105 oraz miejscem historii w \u017cyciu publicznym.<\/p>\n\n\n\n<p>Symbol porozumienia opuszcza polityczne centrum<br>Nowy dom dla narodowej pami\u0105tki w Muzeum Historii Polski<br>Debata wok\u00f3\u0142 decyzji i znaczenie symboli<br>Okr\u0105g\u0142y St\u00f3\u0142 w Muzeum Historii Polski \u2013 pocz\u0105tek nowej opowie\u015bci<br>Symbol porozumienia opuszcza polityczne centrum<\/p>\n\n\n\n<p><br>Okr\u0105g\u0142y St\u00f3\u0142, przy kt\u00f3rym w 1989 roku przedstawiciele w\u0142adz komunistycznych i opozycji demokratycznej prowadzili negocjacje, od lat znajdowa\u0142 si\u0119 w Pa\u0142acu Prezydenckim. By\u0142 nie tylko cennym zabytkiem, ale i \u017cywym symbolem przemian, kt\u00f3re doprowadzi\u0142y do pokojowego przekazania w\u0142adzy i narodzin III Rzeczypospolitej. Jego obecno\u015b\u0107 w pa\u0142acu by\u0142a wymowna \u2013 przypomina\u0142a o sile dialogu i kompromisu w najtrudniejszych momentach.<\/p>\n\n\n\n<p>Jednak, jak og\u0142osi\u0142a Kancelaria Prezydenta RP, epoka ta dobieg\u0142a ko\u0144ca. St\u00f3\u0142 ma opu\u015bci\u0107 dotychczasow\u0105 lokalizacj\u0119 i trafi\u0107 pod opiek\u0119 specjalist\u00f3w. Decyzja ta, zapowiedziana w oficjalnym komunikacie, podkre\u015bla zamiar oddania tego przedmiotu historii i wy\u0142\u0105czenia go z bie\u017c\u0105cego kontekstu politycznego.<\/p>\n\n\n\n<p>Okr\u0105g\u0142y st\u00f3\u0142 opu\u015bci Pa\u0142ac Prezydencki. Wiemy co si\u0119 z nim stanie<br>fot. X\/ @prezydentpl<br>Nowy dom dla narodowej pami\u0105tki w Muzeum Historii Polski<br>Od 2027 roku Okr\u0105g\u0142y St\u00f3\u0142 stanie si\u0119 centralnym eksponatem Muzeum Historii Polski. Instytucja ta, maj\u0105ca za zadanie chroni\u0107 i prezentowa\u0107 najwa\u017cniejsze \u015bwiadectwa polskich dziej\u00f3w, wydaje si\u0119 naturalnym miejscem dla tego typu obiektu. W muzealnych salach st\u00f3\u0142 b\u0119dzie m\u00f3g\u0142 by\u0107 prezentowany w szerszym kontek\u015bcie historycznym, wraz z odpowiedni\u0105 narracj\u0105 i opraw\u0105 edukacyjn\u0105.<\/p>\n\n\n\n<p>Niezale\u017cnie od tego, jak oceniamy Okr\u0105g\u0142y St\u00f3\u0142, to z ca\u0142\u0105 pewno\u015bci\u0105 Pa\u0142ac Prezydencki nie jest miejscem, w kt\u00f3rym powinien on sta\u0107.<\/p>\n\n\n\n<p>Oddajemy go historii.<\/p>\n\n\n\n<p>Od 2027 b\u0119d\u0105 mogli podziwia\u0107 go odwiedzaj\u0105cy Muzeum Historii Polski. pic.twitter.com\/bOYSacXQ9G<\/p>\n\n\n\n<p>\u2014 Kancelaria Prezydenta RP (@prezydentpl) December 18, 2025<br>Przeniesienie ma na celu zapewnienie artefaktowi w\u0142a\u015bciwej ochrony oraz umo\u017cliwienie dost\u0119pu szerokiej publiczno\u015bci, w tym m\u0142odzie\u017cy szkolnej, turystom i badaczom. W muzeum st\u00f3\u0142 nie b\u0119dzie ju\u017c przedmiotem spor\u00f3w czy politycznych interpretacji, lecz stanie si\u0119 pomnikiem historii, dost\u0119pnym dla wszystkich zainteresowanych zrozumieniem prze\u0142omu ko\u0144ca XX wieku.<\/p>\n\n\n\n<p>Debata wok\u00f3\u0142 decyzji i znaczenie symboli<br>Decyzja o przeniesieniu Okr\u0105g\u0142ego Sto\u0142u wywo\u0142a\u0142a mieszane reakcje. Dla wielu jego obecno\u015b\u0107 w Pa\u0142acu Prezydenckim by\u0142a wa\u017cnym, codziennym przypomnieniem o warto\u015bciach dialogu i odpowiedzialno\u015bci za kraj, kt\u00f3re przy\u015bwieca\u0142y uczestnikom obrad. Inni argumentuj\u0105, \u017ce takie symbole powinny znajdowa\u0107 si\u0119 w przestrzeni neutralnej, dedykowanej historii, wolnej od bie\u017c\u0105cych politycznych nami\u0119tno\u015bci.<\/p>\n\n\n\n<p>Niezmiennie jednak faktem pozostaje ogromna rola, jak\u0105 Okr\u0105g\u0142y St\u00f3\u0142 odegra\u0142. By\u0142 materialnym \u015bwiadkiem rozm\u00f3w, kt\u00f3re bez u\u017cycia przemocy zmieni\u0142y bieg polskiej historii. Jego przeniesienie do muzeum mo\u017ce by\u0107 postrzegane jako symboliczne &#8220;zamkni\u0119cie&#8221; pewnej epoki i potwierdzenie, \u017ce wydarzenia z 1989 roku na sta\u0142e wpisa\u0142y si\u0119 do kanonu narodowej historii, wymagaj\u0105cej teraz przede wszystkim rzetelnego opowiadania i upami\u0119tniania.<\/p>\n\n\n\n<p>Okr\u0105g\u0142y st\u00f3\u0142 opu\u015bci Pa\u0142ac Prezydencki. Wiemy co si\u0119 z nim stanie<br>Karol Nawrocki, fot. KAPiF<br>Okr\u0105g\u0142y St\u00f3\u0142 w Muzeum Historii Polski \u2013 pocz\u0105tek nowej opowie\u015bci<br>Planowane udost\u0119pnienie sto\u0142u zwiedzaj\u0105cym w 2027 roku otwiera nowy etap w jego istnieniu. B\u0119dzie on teraz nie tylko reliktem przesz\u0142o\u015bci, ale przede wszystkim narz\u0119dziem edukacji. Muzeum Historii Polski zyska niezwykle mocny obiekt, wok\u00f3\u0142 kt\u00f3rego mo\u017cna budowa\u0107 wystawy, lekcje historii i debaty o mechanizmach zmian politycznych, sztuce kompromisu i dziedzictwie Solidarno\u015bci.<\/p>\n\n\n\n<p>Przeniesienie to stanowi wyra\u017any sygna\u0142, \u017ce bez wzgl\u0119du na r\u00f3\u017cne oceny samego Okr\u0105g\u0142ego Sto\u0142u, jest on fundamentem wsp\u00f3\u0142czesnej polskiej pa\u0144stwowo\u015bci. Jego nowa lokalizacja zapewni mu trwa\u0142e i godne miejsce w panteonie narodowych pami\u0105tek, gdzie b\u0119dzie m\u00f3g\u0142 by\u0107 nieprzerwanie podziwiany i stanowi\u0107 inspiracj\u0119 dla przysz\u0142ych pokole\u0144.<\/p>\n","protected":false},"excerpt":{"rendered":"<p>W Pa\u0142acu Prezydenckim zako\u0144czy\u0142 si\u0119 pewien rozdzia\u0142. Przez lata by\u0142 on nie tylko siedzib\u0105 g\u0142owy pa\u0144stwa, ale r\u00f3wnie\u017c miejscem przechowywania jednego z najwa\u017cniejszych artefakt\u00f3w wsp\u00f3\u0142czesnej Polski \u2013 s\u0142ynnego Okr\u0105g\u0142ego Sto\u0142u, przy kt\u00f3rym toczy\u0142y si\u0119 historyczne rozmiany. Decyzja o jego przeniesieniu wywo\u0142a\u0142a szerok\u0105 dyskusj\u0119 i sk\u0142ania do refleksji nad pami\u0119ci\u0105 oraz miejscem historii w \u017cyciu publicznym. &#8230; <a title=\"Okr\u0105g\u0142y st\u00f3\u0142 opu\u015bci Pa\u0142ac Prezydencki. Wiemy co si\u0119 z nim stanie\" class=\"read-more\" href=\"https:\/\/dobrezrodla.com\/?p=12397\" aria-label=\"Read more about Okr\u0105g\u0142y st\u00f3\u0142 opu\u015bci Pa\u0142ac Prezydencki. Wiemy co si\u0119 z nim stanie\">Read more<\/a><\/p>\n","protected":false},"author":1,"featured_media":0,"comment_status":"open","ping_status":"open","sticky":false,"template":"","format":"standard","meta":{"footnotes":""},"categories":[1],"tags":[],"class_list":["post-12397","post","type-post","status-publish","format-standard","hentry","category-uncategorized"],"_links":{"self":[{"href":"https:\/\/dobrezrodla.com\/index.php?rest_route=\/wp\/v2\/posts\/12397","targetHints":{"allow":["GET"]}}],"collection":[{"href":"https:\/\/dobrezrodla.com\/index.php?rest_route=\/wp\/v2\/posts"}],"about":[{"href":"https:\/\/dobrezrodla.com\/index.php?rest_route=\/wp\/v2\/types\/post"}],"author":[{"embeddable":true,"href":"https:\/\/dobrezrodla.com\/index.php?rest_route=\/wp\/v2\/users\/1"}],"replies":[{"embeddable":true,"href":"https:\/\/dobrezrodla.com\/index.php?rest_route=%2Fwp%2Fv2%2Fcomments&post=12397"}],"version-history":[{"count":1,"href":"https:\/\/dobrezrodla.com\/index.php?rest_route=\/wp\/v2\/posts\/12397\/revisions"}],"predecessor-version":[{"id":12398,"href":"https:\/\/dobrezrodla.com\/index.php?rest_route=\/wp\/v2\/posts\/12397\/revisions\/12398"}],"wp:attachment":[{"href":"https:\/\/dobrezrodla.com\/index.php?rest_route=%2Fwp%2Fv2%2Fmedia&parent=12397"}],"wp:term":[{"taxonomy":"category","embeddable":true,"href":"https:\/\/dobrezrodla.com\/index.php?rest_route=%2Fwp%2Fv2%2Fcategories&post=12397"},{"taxonomy":"post_tag","embeddable":true,"href":"https:\/\/dobrezrodla.com\/index.php?rest_route=%2Fwp%2Fv2%2Ftags&post=12397"}],"curies":[{"name":"wp","href":"https:\/\/api.w.org\/{rel}","templated":true}]}}