{"id":12428,"date":"2025-12-19T07:30:33","date_gmt":"2025-12-19T07:30:33","guid":{"rendered":"https:\/\/dobrezrodla.com\/?p=12428"},"modified":"2025-12-19T07:30:33","modified_gmt":"2025-12-19T07:30:33","slug":"wiceminister-msz-o-decyzji-karola-nawrockiego-w-tle-wizyta-zelenskiego","status":"publish","type":"post","link":"https:\/\/dobrezrodla.com\/?p=12428","title":{"rendered":"Wiceminister MSZ o decyzji Karola Nawrockiego. W tle wizyta Ze\u0142enskiego"},"content":{"rendered":"\n<p>W przeddzie\u0144 wizyty Wo\u0142odymyra Ze\u0142enskiego narasta konflikt mi\u0119dzy rz\u0105dem a Pa\u0142acem Prezydenckim. Chocia\u017c plan wizyty zosta\u0142 potwierdzony zar\u00f3wno przez \u015brodowisko prezydenta, jak i Marsza\u0142ka Sejmu, g\u0142os w sprawie zabra\u0142 teraz przedstawiciel MSZ.<\/p>\n\n\n\n<p>Ze\u0142enski z wizyt\u0105 w Polsce. Potwierdzono plan wizyty<br>W\u0142odzimierz Czarzasty zapowiedzia\u0142 wizyt\u0119 prezydenta Ukrainy w Sejmie<br>Wiceminister MSZ ujawnia szczeg\u00f3\u0142y braku kontaktu prezydenta z rz\u0105dem ws. wizyty<br>Ze\u0142enski przyjedzie do Polski. Potwierdzono dat\u0119<br>W niedziel\u0119, 14 grudnia, prezydent Ukrainy Wo\u0142odymyr Ze\u0142enski oficjalnie zapowiedzia\u0142 swoj\u0105 wizyt\u0119 w Polsce, kt\u00f3ra ma odby\u0107 si\u0119 w najbli\u017cszy pi\u0105tek, 19 grudnia. Informacja ta, przekazana pierwotnie przez agencj\u0119 Interfax-Ukraina, potwierdza intensyfikacj\u0119 dialogu dyplomatycznego mi\u0119dzy Warszaw\u0105 a Kijowem jeszcze przed ko\u0144cem bie\u017c\u0105cego roku.<\/p>\n\n\n\n<p>Ze\u0142enski podkre\u015bli\u0142, \u017ce strona ukrai\u0144ska z entuzjazmem przyj\u0119\u0142a propozycj\u0119 terminu wystosowan\u0105 przez polsk\u0105 Kancelari\u0119 Prezydenta, zaznaczaj\u0105c, \u017ce utrzymywanie bliskich relacji z Polsk\u0105 jest dla Ukrainy kwesti\u0105 priorytetow\u0105.<\/p>\n\n\n\n<p>Wizyta w Warszawie b\u0119dzie mia\u0142a szczeg\u00f3lny charakter, gdy\u017c dojdzie do spotkania Wo\u0142odymyra Ze\u0142enskiego z prezydentem Karolem Nawrockim. Rzecznik polskiego prezydenta, Rafa\u0142 Le\u015bkiewicz, potwierdzi\u0142, \u017ce obecnie trwaj\u0105 intensywne prace nad ustalaniem szczeg\u00f3\u0142\u00f3w logistycznych oraz agendy tego wydarzenia. Zaplanowane rozmowy maj\u0105 obj\u0105\u0107 szerokie spektrum temat\u00f3w, w\u015br\u00f3d kt\u00f3rych kluczowe miejsce zajmuje bezpiecze\u0144stwo regionalne oraz bie\u017c\u0105ca wsp\u00f3\u0142praca w sektorze obronno-przemys\u0142owym, co jest naturalnym nast\u0119pstwem trwaj\u0105cej sytuacji geopolitycznej.<\/p>\n\n\n\n<p>Marsza\u0142ek Sejmu o wizycie prezydenta Ukrainy. Ujawniono plan wizyty<br>Nadchodz\u0105ca wizyta prezydenta Wo\u0142odymyra Ze\u0142enskiego obejmie r\u00f3wnie\u017c Sejm. Marsza\u0142ek Sejmu podczas konferencji prasowej poinformowa\u0142, \u017ce ukrai\u0144ski przyw\u00f3dca pojawi si\u0119 przy ul. Wiejskiej w najbli\u017cszy pi\u0105tek, 19 grudnia. Czarzasty doprecyzowa\u0142 ramy czasowe wizyty, wskazuj\u0105c, \u017ce Ze\u0142enski zawita w Sejmie \u201eoko\u0142o godziny 13\u201d. Zastrzeg\u0142 przy tym, \u017ce dok\u0142adny moment przyjazdu zale\u017cy od przebiegu wcze\u015bniejszych punkt\u00f3w programu, poniewa\u017c \u201ejeszcze nie do ko\u0144ca jest znany program przyj\u0119cia przez pana prezydenta Nawrockiego pana prezydenta Ze\u0142enskiego\u201d. Bezpo\u015brednio po opuszczeniu Pa\u0142acu Prezydenckiego go\u015b\u0107 uda si\u0119 do Sejmu, a w dalszej kolejno\u015bci zaplanowano jego wizyt\u0119 w Senacie.<\/p>\n\n\n\n<p>W\u0142odzimierz Czarzasty wyja\u015bni\u0142 r\u00f3wnie\u017c, jaki charakter b\u0119dzie mia\u0142o to spotkanie. Zaznaczy\u0142, \u017ce polska strona dzia\u0142a zgodnie z oficjalnymi wytycznymi dyplomatycznymi:<\/p>\n\n\n\n<ul class=\"wp-block-list\">\n<li>Kancelaria Sejmu w sprawie tej wizyty dzia\u0142a na bazie noty, kt\u00f3ra zosta\u0142a skierowana z ambasady ukrai\u0144skiej.<\/li>\n<\/ul>\n\n\n\n<p>Jak podkre\u015bli\u0142 Marsza\u0142ek, w dokumencie tym \u201eustalono dosy\u0107 precyzyjnie pro\u015bby co do parlamentu polskiego\u201d, kt\u00f3re dotyczy\u0142y konkretnie spotkania z kierownictwem izby, a nie wyst\u0105pienia na forum Sejmu.<\/p>\n\n\n\n<p>Gospodarz spotkania zdecydowa\u0142 si\u0119 na zaproszenie w\u0105skiego, merytorycznego grona wsp\u00f3\u0142pracownik\u00f3w, co uzna\u0142 za rozwi\u0105zanie \u201ei rozs\u0105dne, i uczciwe\u201d. W rozmowach wezm\u0105 udzia\u0142: wicemarsza\u0142kini Monika Wielichowska (przewodnicz\u0105ca Zgromadzenia Parlamentarnego Polska-Ukraina), Pawe\u0142 Kowal (szef sejmowej komisji spraw zagranicznych) oraz minister Marek Siwiec.<\/p>\n\n\n\n<ul class=\"wp-block-list\">\n<li>I b\u0119dziemy w tym gronie (\u2026) odb\u0119dziemy rozmowy, one mog\u0105 mie\u0107 dwie cz\u0119\u015bci &#8211; zapowiedzia\u0142 Czarzasty.<\/li>\n<\/ul>\n\n\n\n<p>Przedstawiciel MSZ w porannym wywiadzie ujawni\u0142 jednak, \u017ce decyzj\u0105 Karola Nawrockiego sk\u0142ad delegacji na spotkanie z prezydentem Ukrainy nie obejmuje przedstawiciela rz\u0105du.<\/p>\n\n\n\n<p>Marcin Bosacki o decyzji Nawrockiego ws. wizyty Ze\u0142enskiego<br>Decyzja prezydenta Karola Nawrockiego dotycz\u0105ca sk\u0142adu delegacji na spotkanie z Wo\u0142odymyrem Ze\u0142enskim wywo\u0142a\u0142a stanowcz\u0105 reakcj\u0119 Ministerstwa Spraw Zagranicznych. Wiceszef resortu, Marcin Bosacki, w rozmowie na antenie TVN24, wyrazi\u0142 g\u0142\u0119bokie zaniepokojenie faktem, \u017ce w oficjalnych rozmowach z ukrai\u0144skim przyw\u00f3dc\u0105 zabraknie reprezentanta rz\u0105du.<\/p>\n\n\n\n<p>Bosacki nie gryz\u0142 w j\u0119zyk, oceniaj\u0105c postaw\u0119 Pa\u0142acu Prezydenckiego. Wed\u0142ug wiceministra takie dzia\u0142anie jest niezgodne z konstytucj\u0105, kt\u00f3ra nak\u0142ada na g\u0142ow\u0119 pa\u0144stwa obowi\u0105zek wsp\u00f3\u0142dzia\u0142ania z Rad\u0105 Ministr\u00f3w w zakresie polityki zagranicznej.<\/p>\n\n\n\n<ul class=\"wp-block-list\">\n<li>Znowu \u017caden przedstawiciel rz\u0105du do delegacji prezydenta nie jest zaproszony. To jest absolutnie niezgodne z konstytucj\u0105, kt\u00f3ra wymaga od prezydenta, chc\u0119 powiedzie\u0107 to bardzo mocno, wsp\u00f3\u0142pracy z rz\u0105dem w sprawach mi\u0119dzynarodowych &#8211; powiedzia\u0142 Bosacki w \u201cRozmowie Piaseckiego.<\/li>\n<\/ul>\n\n\n\n<p>Cho\u0107 wiceminister przyzna\u0142, \u017ce rozmowy w cztery oczy s\u0105 domen\u0105 lider\u00f3w, podkre\u015bli\u0142, \u017ce w szerszym gronie obecno\u015b\u0107 przedstawiciela MSZ jest niezb\u0119dna.<\/p>\n\n\n\n<ul class=\"wp-block-list\">\n<li>Oczywi\u015bcie w spotkaniu w cztery oczy uczestnicz\u0105 tylko liderzy, ewentualnie t\u0142umacze, je\u015bli jest to potrzebne (\u2026). Natomiast je\u015bli chodzi o delegacje, zawsze powinien by\u0107 przedstawiciel rz\u0105du, czyli MSZ-u &#8211; t\u0142umaczy\u0142 wiceminister.<\/li>\n<\/ul>\n\n\n\n<p>Mimo braku zaproszenia do bezpo\u015bredniego udzia\u0142u w rozmowach, resort dyplomacji stara si\u0119 merytorycznie wesprze\u0107 prezydenta. Marcin Bosacki wyja\u015bni\u0142, \u017ce do Pa\u0142acu Prezydenckiego trafi\u0105 specjalnie przygotowane wytyczne.<\/p>\n\n\n\n<ul class=\"wp-block-list\">\n<li>To nie jest notka. To s\u0105 bardzo wnikliwe, kilkustronicowe dokumenty (\u2026), propozycje te\u017c do rozmowy, plus materia\u0142 informacyjny &#8211; m\u00f3wi\u0142 Bosacki.<\/li>\n<\/ul>\n\n\n\n<p>Dokumenty te maj\u0105 zapewni\u0107, \u017ce polskie stanowisko w relacjach z Ukrain\u0105 b\u0119dzie sp\u00f3jne i poparte aktualn\u0105 wiedz\u0105 resortu.<\/p>\n\n\n\n<p>Bosacki zadeklarowa\u0142 gotowo\u015b\u0107 do wsparcia Karola Nawrockiego, zaznaczaj\u0105c jednocze\u015bnie, \u017ce rz\u0105d \u201eoczekuje, \u017ce b\u0119dzie on zgodnie z konstytucj\u0105 wsp\u00f3\u0142pracowa\u0142 z rz\u0105dem w sprawach mi\u0119dzynarodowych\u201d. Ca\u0142a sytuacja uwypukla trwaj\u0105ce napi\u0119cia na linii prezydent\u2013rz\u0105d w przededniu kluczowej wizyty Wo\u0142odymyra Ze\u0142enskiego w Warszawie.<\/p>\n","protected":false},"excerpt":{"rendered":"<p>W przeddzie\u0144 wizyty Wo\u0142odymyra Ze\u0142enskiego narasta konflikt mi\u0119dzy rz\u0105dem a Pa\u0142acem Prezydenckim. Chocia\u017c plan wizyty zosta\u0142 potwierdzony zar\u00f3wno przez \u015brodowisko prezydenta, jak i Marsza\u0142ka Sejmu, g\u0142os w sprawie zabra\u0142 teraz przedstawiciel MSZ. Ze\u0142enski z wizyt\u0105 w Polsce. Potwierdzono plan wizytyW\u0142odzimierz Czarzasty zapowiedzia\u0142 wizyt\u0119 prezydenta Ukrainy w SejmieWiceminister MSZ ujawnia szczeg\u00f3\u0142y braku kontaktu prezydenta z rz\u0105dem &#8230; <a title=\"Wiceminister MSZ o decyzji Karola Nawrockiego. W tle wizyta Ze\u0142enskiego\" class=\"read-more\" href=\"https:\/\/dobrezrodla.com\/?p=12428\" aria-label=\"Read more about Wiceminister MSZ o decyzji Karola Nawrockiego. W tle wizyta Ze\u0142enskiego\">Read more<\/a><\/p>\n","protected":false},"author":1,"featured_media":0,"comment_status":"open","ping_status":"open","sticky":false,"template":"","format":"standard","meta":{"footnotes":""},"categories":[1],"tags":[],"class_list":["post-12428","post","type-post","status-publish","format-standard","hentry","category-uncategorized"],"_links":{"self":[{"href":"https:\/\/dobrezrodla.com\/index.php?rest_route=\/wp\/v2\/posts\/12428","targetHints":{"allow":["GET"]}}],"collection":[{"href":"https:\/\/dobrezrodla.com\/index.php?rest_route=\/wp\/v2\/posts"}],"about":[{"href":"https:\/\/dobrezrodla.com\/index.php?rest_route=\/wp\/v2\/types\/post"}],"author":[{"embeddable":true,"href":"https:\/\/dobrezrodla.com\/index.php?rest_route=\/wp\/v2\/users\/1"}],"replies":[{"embeddable":true,"href":"https:\/\/dobrezrodla.com\/index.php?rest_route=%2Fwp%2Fv2%2Fcomments&post=12428"}],"version-history":[{"count":1,"href":"https:\/\/dobrezrodla.com\/index.php?rest_route=\/wp\/v2\/posts\/12428\/revisions"}],"predecessor-version":[{"id":12429,"href":"https:\/\/dobrezrodla.com\/index.php?rest_route=\/wp\/v2\/posts\/12428\/revisions\/12429"}],"wp:attachment":[{"href":"https:\/\/dobrezrodla.com\/index.php?rest_route=%2Fwp%2Fv2%2Fmedia&parent=12428"}],"wp:term":[{"taxonomy":"category","embeddable":true,"href":"https:\/\/dobrezrodla.com\/index.php?rest_route=%2Fwp%2Fv2%2Fcategories&post=12428"},{"taxonomy":"post_tag","embeddable":true,"href":"https:\/\/dobrezrodla.com\/index.php?rest_route=%2Fwp%2Fv2%2Ftags&post=12428"}],"curies":[{"name":"wp","href":"https:\/\/api.w.org\/{rel}","templated":true}]}}