{"id":12430,"date":"2025-12-19T07:31:54","date_gmt":"2025-12-19T07:31:54","guid":{"rendered":"https:\/\/dobrezrodla.com\/?p=12430"},"modified":"2025-12-19T07:31:55","modified_gmt":"2025-12-19T07:31:55","slug":"niecodzienne-sceny-za-plecami-nawrockiego-w-trakcie-oredzia-jest-nagranie","status":"publish","type":"post","link":"https:\/\/dobrezrodla.com\/?p=12430","title":{"rendered":"Niecodzienne sceny za plecami Nawrockiego w trakcie or\u0119dzia. Jest nagranie"},"content":{"rendered":"\n<p>Decyzja o usuni\u0119ciu jednego z najbardziej rozpoznawalnych mebli w Polsce z Pa\u0142acu Prezydenckiego wywo\u0142a\u0142a lawin\u0119 komentarzy w \u015bwiecie polityki i historii. Symbol porozumienia z 1989 roku, kt\u00f3ry przez dekady sta\u0142 w Sali Kolumnowej, zmienia swoj\u0105 lokalizacj\u0119, co dla wielu stanowi czytelny sygna\u0142 zmiany narracji o polskiej transformacji ustrojowej.<\/p>\n\n\n\n<p>Karol Nawrocki podj\u0105\u0142 zaskakuj\u0105c\u0105 decyzj\u0119<br>Nowa lokalizacja historycznego artefaktu<br>Symbolika ust\u0119puje miejsca nowoczesnej narracji pa\u0144stwowej<br>Karol Nawrocki podj\u0105\u0142 zaskakuj\u0105c\u0105 decyzj\u0119<br>Karol Nawrocki poinformowa\u0142 na konferencji prasowej, \u017ce w\u0142a\u015bnie trwa demonta\u017c Okr\u0105g\u0142ego Sto\u0142u, przy kt\u00f3rym opozycja antykomunistyczna dogadywa\u0142a si\u0119 z w\u0142adz\u0105 PRL. Dyskusja nad zasadno\u015bci\u0105 eksponowania Okr\u0105g\u0142ego Sto\u0142u w najwa\u017cniejszym gmachu w pa\u0144stwie nie jest nowa, jednak dopiero teraz przybra\u0142a form\u0119 konkretnych dzia\u0142a\u0144 administracyjnych.<\/p>\n\n\n\n<p>Mebel ten, b\u0119d\u0105cy niemym \u015bwiadkiem rozm\u00f3w toczonych od lutego do kwietnia 1989 roku, dla jednych jest symbolem pokojowego przej\u015bcia od dyktatury do demokracji, dla innych za\u015b dowodem na zbyt daleko id\u0105ce kompromisy z komunistyczn\u0105 w\u0142adz\u0105. Wiadomo ju\u017c, jakie b\u0119d\u0105 dalsze losy tego przedmiotu.<\/p>\n\n\n\n<p>Nowa lokalizacja historycznego artefaktu<br>Wed\u0142ug prezydenta Pa\u0142ac Prezydencki, jako miejsce urz\u0119dowania g\u0142owy pa\u0144stwa i reprezentacyjna przestrze\u0144 Rzeczypospolitej, nie jest odpowiedni\u0105 lokalizacj\u0105 dla sta\u0142ej ekspozycji tego konkretnego obiektu. Decyzja ta argumentowana jest potrzeb\u0105 przywr\u00f3cenia Sali Kolumnowej jej pierwotnego, uroczystego charakteru, wolnego od dora\u017anych interpretacji historycznych zawartych w jednym meblu.<\/p>\n\n\n\n<p>Z ca\u0142\u0105 pewno\u015bci\u0105 to nie jest miejsce, w kt\u00f3rym nadal powinien sta\u0107 Okr\u0105g\u0142y St\u00f3\u0142, miejscem tym jest Muzeum Historii Polski &#8211; t\u0142umaczy\u0142 swoj\u0105 decyzj\u0119 Karol Nawrocki.<\/p>\n\n\n\n<p>Dzi\u015b woln\u0105, suwerenn\u0105, niepodleg\u0142\u0105 Polsk\u0119 sta\u0107 na wi\u0119cej ni\u017c idealizowanie Okr\u0105g\u0142ego Sto\u0142u. Trzeba o nim pami\u0119ta\u0107, ale nie oddawa\u0107 mu ho\u0142d w Pa\u0142acu Prezydenckim. Dzi\u015b sko\u0144czy\u0142 si\u0119 w Polsce postkomunizm. Niech \u017cyje wolna Polska &#8211; doda\u0142 prezydent.<\/p>\n\n\n\n<p>Symboliczna zmiana w Pa\u0142acu Prezydenckim. Prezydent @NawrockiKn: \u201eNiezale\u017cnie od tego, jak oceniamy Okr\u0105g\u0142y St\u00f3\u0142 , Pa\u0142ac nie jest miejscem, w kt\u00f3rym powinien sta\u0107. Oddajemy go historii &#8211; @MuzHistPolski (\u2026) Dzi\u015b, drodzy Pa\u0144stwo sko\u0144czy\u0142 si\u0119 w Polsce postkomunizm\u201d&#x1f1f5;&#x1f1f1; pic.twitter.com\/eVOFywZOWz<\/p>\n\n\n\n<p>\u2014 \u017baklina Skowro\u0144ska (@zaklinaskowron) December 18, 2025<br>Gdzie zatem trafi ten wa\u017c\u0105cy setki kilogram\u00f3w symbol? Nowym domem dla Okr\u0105g\u0142ego Sto\u0142u ma sta\u0107 si\u0119 Muzeum Historii Polski. Przeniesienie go do plac\u00f3wki muzealnej ma pozwoli\u0107 na osadzenie artefaktu w szerszym, edukacyjnym kontek\u015bcie.<\/p>\n\n\n\n<p>Symbolika ust\u0119puje miejsca nowoczesnej narracji pa\u0144stwowej<br>Usuni\u0119cie sto\u0142u z Pa\u0142acu Prezydenckiego zbiega si\u0119 w czasie z szerszymi zmianami w polityce historycznej. Cho\u0107 dla cz\u0119\u015bci spo\u0142ecze\u0144stwa Okr\u0105g\u0142y St\u00f3\u0142 pozostaje fundamentem III RP, obecna administracja prezydencka wyra\u017anie dystansuje si\u0119 od celebrowania tego konkretnego modelu doj\u015bcia do wolno\u015bci.<\/p>\n\n\n\n<p>Przeniesienie mebla do Muzeum Historii Polski wpisuje si\u0119 w trend profesjonalizacji pami\u0119ci narodowej \u2013 artefakty o du\u017cej wadze emocjonalnej powinny znajdowa\u0107 si\u0119 tam, gdzie ich interpretacja nale\u017cy do historyk\u00f3w, a nie do politycznych go\u015bci odwiedzaj\u0105cych Pa\u0142ac.<\/p>\n","protected":false},"excerpt":{"rendered":"<p>Decyzja o usuni\u0119ciu jednego z najbardziej rozpoznawalnych mebli w Polsce z Pa\u0142acu Prezydenckiego wywo\u0142a\u0142a lawin\u0119 komentarzy w \u015bwiecie polityki i historii. Symbol porozumienia z 1989 roku, kt\u00f3ry przez dekady sta\u0142 w Sali Kolumnowej, zmienia swoj\u0105 lokalizacj\u0119, co dla wielu stanowi czytelny sygna\u0142 zmiany narracji o polskiej transformacji ustrojowej. Karol Nawrocki podj\u0105\u0142 zaskakuj\u0105c\u0105 decyzj\u0119Nowa lokalizacja historycznego &#8230; <a title=\"Niecodzienne sceny za plecami Nawrockiego w trakcie or\u0119dzia. Jest nagranie\" class=\"read-more\" href=\"https:\/\/dobrezrodla.com\/?p=12430\" aria-label=\"Read more about Niecodzienne sceny za plecami Nawrockiego w trakcie or\u0119dzia. Jest nagranie\">Read more<\/a><\/p>\n","protected":false},"author":1,"featured_media":0,"comment_status":"open","ping_status":"open","sticky":false,"template":"","format":"standard","meta":{"footnotes":""},"categories":[1],"tags":[],"class_list":["post-12430","post","type-post","status-publish","format-standard","hentry","category-uncategorized"],"_links":{"self":[{"href":"https:\/\/dobrezrodla.com\/index.php?rest_route=\/wp\/v2\/posts\/12430","targetHints":{"allow":["GET"]}}],"collection":[{"href":"https:\/\/dobrezrodla.com\/index.php?rest_route=\/wp\/v2\/posts"}],"about":[{"href":"https:\/\/dobrezrodla.com\/index.php?rest_route=\/wp\/v2\/types\/post"}],"author":[{"embeddable":true,"href":"https:\/\/dobrezrodla.com\/index.php?rest_route=\/wp\/v2\/users\/1"}],"replies":[{"embeddable":true,"href":"https:\/\/dobrezrodla.com\/index.php?rest_route=%2Fwp%2Fv2%2Fcomments&post=12430"}],"version-history":[{"count":1,"href":"https:\/\/dobrezrodla.com\/index.php?rest_route=\/wp\/v2\/posts\/12430\/revisions"}],"predecessor-version":[{"id":12431,"href":"https:\/\/dobrezrodla.com\/index.php?rest_route=\/wp\/v2\/posts\/12430\/revisions\/12431"}],"wp:attachment":[{"href":"https:\/\/dobrezrodla.com\/index.php?rest_route=%2Fwp%2Fv2%2Fmedia&parent=12430"}],"wp:term":[{"taxonomy":"category","embeddable":true,"href":"https:\/\/dobrezrodla.com\/index.php?rest_route=%2Fwp%2Fv2%2Fcategories&post=12430"},{"taxonomy":"post_tag","embeddable":true,"href":"https:\/\/dobrezrodla.com\/index.php?rest_route=%2Fwp%2Fv2%2Ftags&post=12430"}],"curies":[{"name":"wp","href":"https:\/\/api.w.org\/{rel}","templated":true}]}}