{"id":12454,"date":"2025-12-19T08:50:59","date_gmt":"2025-12-19T08:50:59","guid":{"rendered":"https:\/\/dobrezrodla.com\/?p=12454"},"modified":"2025-12-19T08:51:00","modified_gmt":"2025-12-19T08:51:00","slug":"siedem-lat-temu-niewidomy-biznesmen-jadl-samotnie-kolacje","status":"publish","type":"post","link":"https:\/\/dobrezrodla.com\/?p=12454","title":{"rendered":"Siedem lat temu niewidomy biznesmen jad\u0142 samotnie kolacj\u0119."},"content":{"rendered":"\n<p>Eduard lekko uni\u00f3s\u0142 r\u0119k\u0119.<\/p>\n\n\n\n<p>\u2014 Prosz\u0119 j\u0105 zostawi\u0107\u2026 prosz\u0119.<\/p>\n\n\n\n<p>Jego g\u0142os by\u0142 spokojny, ale zdecydowany. Kobieta zamar\u0142a.<\/p>\n\n\n\n<p>\u2014 Nie\u2026 Nie chc\u0119, \u017ceby panu przeszkadza\u0142a, panie Eduardzie. To tylko dziecko\u2026<\/p>\n\n\n\n<p>\u2014 Wiem. W\u0142a\u015bnie dlatego.<\/p>\n\n\n\n<p>Dziewczynka lekko stukn\u0119\u0142a d\u0142oni\u0105 w st\u00f3\u0142, zadowolona.<\/p>\n\n\n\n<p>\u2014 Widzisz? Mog\u0119!<\/p>\n\n\n\n<p>Eduard si\u0119 u\u015bmiechn\u0105\u0142. Lekkim, niezr\u0119cznym u\u015bmiechem, kt\u00f3rego nie u\u017cywa\u0142 od lat. Augustin, milcz\u0105cy \u015bwiadek, o ma\u0142o nie upu\u015bci\u0142 mu tacy z r\u0119ki.<\/p>\n\n\n\n<p>\u2014 Jak si\u0119 nazywasz? \u2014 zapyta\u0142 Eduard.<\/p>\n\n\n\n<p>\u2014 Maria, prosz\u0119 pana. Jestem pokoj\u00f3wk\u0105. Przychodz\u0119 trzy razy w tygodniu.<\/p>\n\n\n\n<p>\u2014 Maria\u2026 \u2014 powt\u00f3rzy\u0142 powoli, jakby chcia\u0142 zapami\u0119ta\u0107 jej g\u0142os.<\/p>\n\n\n\n<p>Klara wyci\u0105gn\u0119\u0142a r\u0119k\u0119 i dotkn\u0119\u0142a jej palc\u00f3w.<\/p>\n\n\n\n<p>\u2014 Czemu nie widzisz?<\/p>\n\n\n\n<p>Pytanie pad\u0142o prosto, bez z\u0142o\u015bliwo\u015bci. Maria przestraszona zakry\u0142a usta d\u0142oni\u0105.<\/p>\n\n\n\n<p>\u2014 Klaro!<\/p>\n\n\n\n<p>\u2014 Wszystko w porz\u0105dku \u2014 powiedzia\u0142 Eduard. \u2014 Mia\u0142am wypadek.<\/p>\n\n\n\n<p>\u2014 Ojej\u2026 bola\u0142o?<\/p>\n\n\n\n<p>\u2014 Tak. Bardzo.<\/p>\n\n\n\n<p>Dziewczynka podesz\u0142a jeszcze bli\u017cej.<\/p>\n\n\n\n<p>\u2014 Mog\u0119 ci pom\u00f3c zobaczy\u0107?<\/p>\n\n\n\n<p>Eduard za\u015bmia\u0142 si\u0119 kr\u00f3tko, bez ironii.<\/p>\n\n\n\n<p>\u2014 Nie s\u0105dz\u0119, moje dziecko.<\/p>\n\n\n\n<p>\u2014 Wierz\u0119. Mama m\u00f3wi, \u017ce je\u015bli kochasz, mo\u017cesz wszystko.<\/p>\n\n\n\n<p>Maria spu\u015bci\u0142a wzrok. G\u0142os jej dr\u017ca\u0142.<\/p>\n\n\n\n<p>\u2014 Jej ojciec umar\u0142\u2026 du\u017co m\u00f3wi o mi\u0142o\u015bci.<\/p>\n\n\n\n<p>Tego wieczoru Eduard jad\u0142 po raz pierwszy, nie licz\u0105c d\u017awi\u0119k\u00f3w. Klara opowiedzia\u0142a mu o kocie w bloku, o lalce bez oka i o tym, jak jej babcia robi\u0142a najlepsze nale\u015bniki.<\/p>\n\n\n\n<p>W kolejnych dniach prosi\u0142 Mari\u0119, \u017ceby przychodzi\u0142a codziennie. Oficjalnie, \u017ceby sprz\u0105ta\u0142a. Nieoficjalnie, dla Klary.<\/p>\n\n\n\n<p>Zacz\u0119li razem je\u015b\u0107. Potem s\u0142uchali muzyki. Eduard kupowa\u0142 audiobooki dla dzieci, potem dla doros\u0142ych, a potem dla Marii.<\/p>\n\n\n\n<p>Pewnego wieczoru Klara przynios\u0142a mu kartk\u0119 papieru.<\/p>\n\n\n\n<p>\u2014 Narysowa\u0142am dla ciebie.<\/p>\n\n\n\n<p>\u2014 Co narysowa\u0142e\u015b?<\/p>\n\n\n\n<p>\u2014 Nas. Ty jeste\u015b du\u017cy, ja jestem ma\u0142y. Ale jeste\u015bmy razem.<\/p>\n\n\n\n<p>Eduard przycisn\u0105\u0142 kartk\u0119 do piersi. P\u0142aka\u0142. Po raz pierwszy od siedmiu lat.<\/p>\n\n\n\n<p>Po roku zrobi\u0142 co\u015b, czego nigdy wcze\u015bniej nie robi\u0142. Wyszed\u0142 z domu bez ustalonego harmonogramu. Z Mari\u0105 pod r\u0119k\u0119 i Klar\u0105 na ramionach.<\/p>\n\n\n\n<p>Po dw\u00f3ch latach przeni\u00f3s\u0142 Mari\u0119 do przyzwoitego mieszkania, blisko siebie. Nie z lito\u015bci. Z wdzi\u0119czno\u015bci.<\/p>\n\n\n\n<p>Po trzech latach Klara posz\u0142a do przedszkola. Eduard by\u0142 przy niej. Z bia\u0142\u0105 lask\u0105, ale z wysoko uniesion\u0105 g\u0142ow\u0105.<\/p>\n\n\n\n<p>Pewnego dnia, przy du\u017cym stole, przy kt\u00f3rym zaj\u0119tych by\u0142o kilka krzese\u0142, Eduard powiedzia\u0142 spokojnie:<\/p>\n\n\n\n<p>\u2014 Dawno nie by\u0142em sam.<\/p>\n\n\n\n<p>Maria spojrza\u0142a na niego ze wzruszeniem.<\/p>\n\n\n\n<p>\u2014 My te\u017c nie.<\/p>\n\n\n\n<p>Eduard Munteanu, cz\u0142owiek, kt\u00f3ry mia\u0142 wszystko i nic, nauczy\u0142 si\u0119 najwa\u017cniejszej rzeczy p\u00f3\u017ano: czasami to nie oczy pozwalaj\u0105 ci zobaczy\u0107 \u017cycie. To dziecko, kt\u00f3re wspina si\u0119 na krzes\u0142o i po prostu m\u00f3wi:<\/p>\n\n\n\n<p>\u201eSiedz\u0119 z tob\u0105\u201d.<\/p>\n\n\n\n<p>Niniejsze dzie\u0142o jest inspirowane prawdziwymi wydarzeniami i postaciami, ale zosta\u0142o sfabularyzowane dla cel\u00f3w tw\u00f3rczych. Imiona, postacie i szczeg\u00f3\u0142y zosta\u0142y zmienione w celu ochrony prywatno\u015bci i wzbogacenia narracji. Wszelkie podobie\u0144stwo do prawdziwych os\u00f3b, \u017cyj\u0105cych lub zmar\u0142ych, lub do prawdziwych wydarze\u0144 jest czysto przypadkowe i niezamierzone przez autora.<\/p>\n\n\n\n<p>Autor i wydawca nie ponosz\u0105 odpowiedzialno\u015bci za dok\u0142adno\u015b\u0107 wydarze\u0144 ani przedstawienie postaci i nie ponosz\u0105 odpowiedzialno\u015bci za jakiekolwiek b\u0142\u0119dne interpretacje. Niniejsza historia jest udost\u0119pniana \u201etak jak jest\u201d, a wszelkie wyra\u017cone w niej opinie s\u0105 opiniami bohater\u00f3w i nie odzwierciedlaj\u0105 pogl\u0105d\u00f3w autora ani wydawcy.<\/p>\n","protected":false},"excerpt":{"rendered":"<p>Eduard lekko uni\u00f3s\u0142 r\u0119k\u0119. \u2014 Prosz\u0119 j\u0105 zostawi\u0107\u2026 prosz\u0119. Jego g\u0142os by\u0142 spokojny, ale zdecydowany. Kobieta zamar\u0142a. \u2014 Nie\u2026 Nie chc\u0119, \u017ceby panu przeszkadza\u0142a, panie Eduardzie. To tylko dziecko\u2026 \u2014 Wiem. W\u0142a\u015bnie dlatego. Dziewczynka lekko stukn\u0119\u0142a d\u0142oni\u0105 w st\u00f3\u0142, zadowolona. \u2014 Widzisz? Mog\u0119! Eduard si\u0119 u\u015bmiechn\u0105\u0142. Lekkim, niezr\u0119cznym u\u015bmiechem, kt\u00f3rego nie u\u017cywa\u0142 od lat. Augustin, &#8230; <a title=\"Siedem lat temu niewidomy biznesmen jad\u0142 samotnie kolacj\u0119.\" class=\"read-more\" href=\"https:\/\/dobrezrodla.com\/?p=12454\" aria-label=\"Read more about Siedem lat temu niewidomy biznesmen jad\u0142 samotnie kolacj\u0119.\">Read more<\/a><\/p>\n","protected":false},"author":1,"featured_media":0,"comment_status":"open","ping_status":"open","sticky":false,"template":"","format":"standard","meta":{"footnotes":""},"categories":[1],"tags":[],"class_list":["post-12454","post","type-post","status-publish","format-standard","hentry","category-uncategorized"],"_links":{"self":[{"href":"https:\/\/dobrezrodla.com\/index.php?rest_route=\/wp\/v2\/posts\/12454","targetHints":{"allow":["GET"]}}],"collection":[{"href":"https:\/\/dobrezrodla.com\/index.php?rest_route=\/wp\/v2\/posts"}],"about":[{"href":"https:\/\/dobrezrodla.com\/index.php?rest_route=\/wp\/v2\/types\/post"}],"author":[{"embeddable":true,"href":"https:\/\/dobrezrodla.com\/index.php?rest_route=\/wp\/v2\/users\/1"}],"replies":[{"embeddable":true,"href":"https:\/\/dobrezrodla.com\/index.php?rest_route=%2Fwp%2Fv2%2Fcomments&post=12454"}],"version-history":[{"count":1,"href":"https:\/\/dobrezrodla.com\/index.php?rest_route=\/wp\/v2\/posts\/12454\/revisions"}],"predecessor-version":[{"id":12455,"href":"https:\/\/dobrezrodla.com\/index.php?rest_route=\/wp\/v2\/posts\/12454\/revisions\/12455"}],"wp:attachment":[{"href":"https:\/\/dobrezrodla.com\/index.php?rest_route=%2Fwp%2Fv2%2Fmedia&parent=12454"}],"wp:term":[{"taxonomy":"category","embeddable":true,"href":"https:\/\/dobrezrodla.com\/index.php?rest_route=%2Fwp%2Fv2%2Fcategories&post=12454"},{"taxonomy":"post_tag","embeddable":true,"href":"https:\/\/dobrezrodla.com\/index.php?rest_route=%2Fwp%2Fv2%2Ftags&post=12454"}],"curies":[{"name":"wp","href":"https:\/\/api.w.org\/{rel}","templated":true}]}}