{"id":12478,"date":"2025-12-19T17:01:13","date_gmt":"2025-12-19T17:01:13","guid":{"rendered":"https:\/\/dobrezrodla.com\/?p=12478"},"modified":"2025-12-19T17:01:13","modified_gmt":"2025-12-19T17:01:13","slug":"burza-po-decyzji-o-przeniesieniu-okraglego-stolu-do-muzeum","status":"publish","type":"post","link":"https:\/\/dobrezrodla.com\/?p=12478","title":{"rendered":"Burza po decyzji o przeniesieniu Okr\u0105g\u0142ego Sto\u0142u do muzeum"},"content":{"rendered":"\n<p>Decyzja o usuni\u0119ciu Okr\u0105g\u0142ego Sto\u0142u z Pa\u0142acu Prezydenckiego i przeniesieniu go do Muzeum Historii Polski wywo\u0142a\u0142a gwa\u0142town\u0105 fal\u0119 komentarzy w przestrzeni publicznej. Symbol prze\u0142omu 1989 roku i pocz\u0105tek pokojowych przemian w Polsce sta\u0142 si\u0119 nagle obiektem politycznego sporu i emocjonalnej debaty.<\/p>\n\n\n\n<p>Zwolennicy decyzji argumentuj\u0105, \u017ce eksponowanie sto\u0142u w muzeum podnosi jego rang\u0119 jako eksponatu historycznego i daje szans\u0119 na szerszy dost\u0119p spo\u0142ecze\u0144stwa do tego symbolu. Przeciwnicy za\u015b m\u00f3wi\u0105 wprost o &#8220;wyrzuceniu historii z Pa\u0142acu&#8221;, widz\u0105c w tej zmianie pr\u00f3b\u0119 przedefiniowania narodowej pami\u0119ci i odej\u015bcia od dziedzictwa Okr\u0105g\u0142ego Sto\u0142u jako fundamentu III RP.<\/p>\n\n\n\n<p>Sprawa ma tak\u017ce polityczny wyd\u017awi\u0119k \u2013 krytycy decyzji sugeruj\u0105, \u017ce to dzia\u0142anie wpisuje si\u0119 w szerszy proces demonta\u017cu symboli zwi\u0105zanych z transformacj\u0105 ustrojow\u0105 i odzyskaniem demokracji. Padaj\u0105 zarzuty o &#8220;przemeblowywanie historii&#8221;, a niekt\u00f3rzy widz\u0105 w tym nawet pr\u00f3b\u0119 rehabilitacji narracji, w kt\u00f3rej negocjacje z komunistami s\u0105 przedstawiane jako zdrada, a nie sukces.<\/p>\n\n\n\n<p>W tle pojawiaj\u0105 si\u0119 g\u0142osy, \u017ce zamiast budowa\u0107 jedno\u015b\u0107, decyzje tego typu dziel\u0105 spo\u0142ecze\u0144stwo i pog\u0142\u0119biaj\u0105 podzia\u0142y polityczne. Przeniesienie Okr\u0105g\u0142ego Sto\u0142u do muzeum, cho\u0107 z pozoru neutralne, staje si\u0119 symbolem walki o to, kto ma prawo pisa\u0107 histori\u0119 Polski po swojemu.<\/p>\n","protected":false},"excerpt":{"rendered":"<p>Decyzja o usuni\u0119ciu Okr\u0105g\u0142ego Sto\u0142u z Pa\u0142acu Prezydenckiego i przeniesieniu go do Muzeum Historii Polski wywo\u0142a\u0142a gwa\u0142town\u0105 fal\u0119 komentarzy w przestrzeni publicznej. Symbol prze\u0142omu 1989 roku i pocz\u0105tek pokojowych przemian w Polsce sta\u0142 si\u0119 nagle obiektem politycznego sporu i emocjonalnej debaty. Zwolennicy decyzji argumentuj\u0105, \u017ce eksponowanie sto\u0142u w muzeum podnosi jego rang\u0119 jako eksponatu historycznego &#8230; <a title=\"Burza po decyzji o przeniesieniu Okr\u0105g\u0142ego Sto\u0142u do muzeum\" class=\"read-more\" href=\"https:\/\/dobrezrodla.com\/?p=12478\" aria-label=\"Read more about Burza po decyzji o przeniesieniu Okr\u0105g\u0142ego Sto\u0142u do muzeum\">Read more<\/a><\/p>\n","protected":false},"author":1,"featured_media":0,"comment_status":"open","ping_status":"open","sticky":false,"template":"","format":"standard","meta":{"footnotes":""},"categories":[1],"tags":[],"class_list":["post-12478","post","type-post","status-publish","format-standard","hentry","category-uncategorized"],"_links":{"self":[{"href":"https:\/\/dobrezrodla.com\/index.php?rest_route=\/wp\/v2\/posts\/12478","targetHints":{"allow":["GET"]}}],"collection":[{"href":"https:\/\/dobrezrodla.com\/index.php?rest_route=\/wp\/v2\/posts"}],"about":[{"href":"https:\/\/dobrezrodla.com\/index.php?rest_route=\/wp\/v2\/types\/post"}],"author":[{"embeddable":true,"href":"https:\/\/dobrezrodla.com\/index.php?rest_route=\/wp\/v2\/users\/1"}],"replies":[{"embeddable":true,"href":"https:\/\/dobrezrodla.com\/index.php?rest_route=%2Fwp%2Fv2%2Fcomments&post=12478"}],"version-history":[{"count":1,"href":"https:\/\/dobrezrodla.com\/index.php?rest_route=\/wp\/v2\/posts\/12478\/revisions"}],"predecessor-version":[{"id":12479,"href":"https:\/\/dobrezrodla.com\/index.php?rest_route=\/wp\/v2\/posts\/12478\/revisions\/12479"}],"wp:attachment":[{"href":"https:\/\/dobrezrodla.com\/index.php?rest_route=%2Fwp%2Fv2%2Fmedia&parent=12478"}],"wp:term":[{"taxonomy":"category","embeddable":true,"href":"https:\/\/dobrezrodla.com\/index.php?rest_route=%2Fwp%2Fv2%2Fcategories&post=12478"},{"taxonomy":"post_tag","embeddable":true,"href":"https:\/\/dobrezrodla.com\/index.php?rest_route=%2Fwp%2Fv2%2Ftags&post=12478"}],"curies":[{"name":"wp","href":"https:\/\/api.w.org\/{rel}","templated":true}]}}