{"id":12480,"date":"2025-12-19T17:02:27","date_gmt":"2025-12-19T17:02:27","guid":{"rendered":"https:\/\/dobrezrodla.com\/?p=12480"},"modified":"2025-12-19T17:02:27","modified_gmt":"2025-12-19T17:02:27","slug":"zelenski-juz-w-warszawie-przed-nim-dzien-pelen-kluczowych-spotkan","status":"publish","type":"post","link":"https:\/\/dobrezrodla.com\/?p=12480","title":{"rendered":"Ze\u0142enski ju\u017c w Warszawie. Przed nim dzie\u0144 pe\u0142en kluczowych spotka\u0144"},"content":{"rendered":"\n<p>Prezydent Ukrainy Wo\u0142odymyr Ze\u0142enski w czwartek wieczorem wyl\u0105dowa\u0142 na Lotnisku Chopina w Warszawie, rozpoczynaj\u0105c tym samym oficjaln\u0105 wizyt\u0119 w Polsce. Przylecia\u0142 bezpo\u015brednio z Brukseli, gdzie bra\u0142 udzia\u0142 w szczycie Rady Europejskiej po\u015bwi\u0119conym m.in. wsparciu finansowemu dla jego kraju.<\/p>\n\n\n\n<p>Wizyta Ze\u0142enskiego w Polsce ma charakter polityczno-dyplomatyczny i obejmuje seri\u0119 spotka\u0144 z najwa\u017cniejszymi postaciami polskiej sceny politycznej. Ju\u017c w pi\u0105tek rano odb\u0119dzie si\u0119 uroczyste powitanie przez prezydenta Karola Nawrockiego na dziedzi\u0144cu Pa\u0142acu Prezydenckiego, a tu\u017c po nim rozpoczn\u0105 si\u0119 rozmowy dwustronne. W planie dnia znalaz\u0142a si\u0119 tak\u017ce konferencja prasowa z udzia\u0142em obu prezydent\u00f3w.<\/p>\n\n\n\n<p>Ukrai\u0144ski przyw\u00f3dca odwiedzi r\u00f3wnie\u017c Sejm, gdzie spotka si\u0119 z marsza\u0142kiem W\u0142odzimierzem Czarzastym, wicemarsza\u0142ek Monik\u0105 Wielichowsk\u0105 oraz szefem komisji spraw zagranicznych Paw\u0142em Kowalem. Z kolei po po\u0142udniu \u2013 je\u015bli premier Donald Tusk zd\u0105\u017cy wr\u00f3ci\u0107 z Brukseli \u2013 przewidziane jest spotkanie z szefem rz\u0105du. Sam Tusk podkre\u015bli\u0142, \u017ce Ze\u0142enski nalega\u0142 na t\u0119 rozmow\u0119, uznaj\u0105c j\u0105 za kluczowy punkt wizyty.<\/p>\n\n\n\n<p>Ze\u0142enski przywi\u00f3z\u0142 ze sob\u0105 nie tylko polityczne intencje, ale i oczekiwania. Na unijnym szczycie w Brukseli apelowa\u0142 o szybkie decyzje w sprawie wsparcia finansowego dla Ukrainy. Ostrzeg\u0142, \u017ce bez pierwszej transzy tzw. po\u017cyczki reparacyjnej Ukraina nie b\u0119dzie w stanie dor\u00f3wna\u0107 Rosji w produkcji dron\u00f3w i uderza\u0107 w jej infrastruktur\u0119.<\/p>\n\n\n\n<p>R\u00f3wnolegle do wizyty w Polsce, ukrai\u0144ska delegacja leci do USA, by tam rozmawia\u0107 o mo\u017cliwych warunkach zako\u0144czenia wojny. Wed\u0142ug Ze\u0142enskiego, rozmowy maj\u0105 dotyczy\u0107 projektu przysz\u0142ego porozumienia pokojowego.<\/p>\n","protected":false},"excerpt":{"rendered":"<p>Prezydent Ukrainy Wo\u0142odymyr Ze\u0142enski w czwartek wieczorem wyl\u0105dowa\u0142 na Lotnisku Chopina w Warszawie, rozpoczynaj\u0105c tym samym oficjaln\u0105 wizyt\u0119 w Polsce. Przylecia\u0142 bezpo\u015brednio z Brukseli, gdzie bra\u0142 udzia\u0142 w szczycie Rady Europejskiej po\u015bwi\u0119conym m.in. wsparciu finansowemu dla jego kraju. Wizyta Ze\u0142enskiego w Polsce ma charakter polityczno-dyplomatyczny i obejmuje seri\u0119 spotka\u0144 z najwa\u017cniejszymi postaciami polskiej sceny politycznej. &#8230; <a title=\"Ze\u0142enski ju\u017c w Warszawie. Przed nim dzie\u0144 pe\u0142en kluczowych spotka\u0144\" class=\"read-more\" href=\"https:\/\/dobrezrodla.com\/?p=12480\" aria-label=\"Read more about Ze\u0142enski ju\u017c w Warszawie. Przed nim dzie\u0144 pe\u0142en kluczowych spotka\u0144\">Read more<\/a><\/p>\n","protected":false},"author":1,"featured_media":0,"comment_status":"open","ping_status":"open","sticky":false,"template":"","format":"standard","meta":{"footnotes":""},"categories":[1],"tags":[],"class_list":["post-12480","post","type-post","status-publish","format-standard","hentry","category-uncategorized"],"_links":{"self":[{"href":"https:\/\/dobrezrodla.com\/index.php?rest_route=\/wp\/v2\/posts\/12480","targetHints":{"allow":["GET"]}}],"collection":[{"href":"https:\/\/dobrezrodla.com\/index.php?rest_route=\/wp\/v2\/posts"}],"about":[{"href":"https:\/\/dobrezrodla.com\/index.php?rest_route=\/wp\/v2\/types\/post"}],"author":[{"embeddable":true,"href":"https:\/\/dobrezrodla.com\/index.php?rest_route=\/wp\/v2\/users\/1"}],"replies":[{"embeddable":true,"href":"https:\/\/dobrezrodla.com\/index.php?rest_route=%2Fwp%2Fv2%2Fcomments&post=12480"}],"version-history":[{"count":1,"href":"https:\/\/dobrezrodla.com\/index.php?rest_route=\/wp\/v2\/posts\/12480\/revisions"}],"predecessor-version":[{"id":12481,"href":"https:\/\/dobrezrodla.com\/index.php?rest_route=\/wp\/v2\/posts\/12480\/revisions\/12481"}],"wp:attachment":[{"href":"https:\/\/dobrezrodla.com\/index.php?rest_route=%2Fwp%2Fv2%2Fmedia&parent=12480"}],"wp:term":[{"taxonomy":"category","embeddable":true,"href":"https:\/\/dobrezrodla.com\/index.php?rest_route=%2Fwp%2Fv2%2Fcategories&post=12480"},{"taxonomy":"post_tag","embeddable":true,"href":"https:\/\/dobrezrodla.com\/index.php?rest_route=%2Fwp%2Fv2%2Ftags&post=12480"}],"curies":[{"name":"wp","href":"https:\/\/api.w.org\/{rel}","templated":true}]}}