{"id":12482,"date":"2025-12-19T17:03:42","date_gmt":"2025-12-19T17:03:42","guid":{"rendered":"https:\/\/dobrezrodla.com\/?p=12482"},"modified":"2025-12-19T17:03:42","modified_gmt":"2025-12-19T17:03:42","slug":"sad-uchylil-ena-dla-romanowskiego-posel-pis-juz-nie-jest-scigany-w-ue","status":"publish","type":"post","link":"https:\/\/dobrezrodla.com\/?p=12482","title":{"rendered":"S\u0105d uchyli\u0142 ENA dla Romanowskiego. Pose\u0142 PiS ju\u017c nie jest \u015bcigany w UE"},"content":{"rendered":"\n<p>Marcin Romanowski nie jest ju\u017c \u015bcigany europejskim nakazem aresztowania \u2013 tak\u0105 decyzj\u0119 podj\u0105\u0142 S\u0105d Okr\u0119gowy w Warszawie. Informacj\u0119 t\u0119 potwierdzi\u0142a rzeczniczka s\u0105du, a adwokat polityka, Bartosz Lewandowski, og\u0142osi\u0142, \u017ce pose\u0142 PiS mo\u017ce swobodnie przemieszcza\u0107 si\u0119 po ca\u0142ym terytorium Unii Europejskiej.<\/p>\n\n\n\n<p>Romanowski, by\u0142y wiceminister sprawiedliwo\u015bci i obecnie parlamentarzysta z ramienia PiS, przebywa na W\u0119grzech, gdzie uzyska\u0142 azyl polityczny. To w\u0142a\u015bnie w tym kraju znalaz\u0142 schronienie po tym, jak w grudniu 2024 roku zosta\u0142 wobec niego wydany Europejski Nakaz Aresztowania. Polityk us\u0142ysza\u0142 a\u017c 11 zarzut\u00f3w zwi\u0105zanych ze \u015bledztwem dotycz\u0105cym kontrowersji wok\u00f3\u0142 Funduszu Sprawiedliwo\u015bci.<\/p>\n\n\n\n<p>W\u0119gierskie w\u0142adze ju\u017c wcze\u015bniej poinformowa\u0142y stron\u0119 polsk\u0105, \u017ce Romanowski posiada status uchod\u017acy, co automatycznie zapewnia mu ochron\u0119 i mo\u017cliwo\u015b\u0107 swobodnego pobytu. Decyzja polskiego s\u0105du oznacza, \u017ce Romanowski formalnie przestaje by\u0107 osob\u0105 \u015bcigan\u0105 na poziomie mi\u0119dzynarodowym \u2013 przynajmniej na razie.<\/p>\n\n\n\n<p>Z decyzj\u0105 s\u0105du nie zgadza si\u0119 Prokuratura Krajowa, kt\u00f3ra okre\u015bli\u0142a j\u0105 jako bezzasadn\u0105. Rzecznik PK zapowiedzia\u0142, \u017ce prokuratura podejmie kolejne kroki procesowe \u2013 mo\u017cliwe jest nawet wyst\u0105pienie z nowym wnioskiem o ENA. Ca\u0142a sprawa mo\u017ce wi\u0119c ponownie nabra\u0107 dynamiki.<\/p>\n\n\n\n<p>Romanowski nie zabiera g\u0142osu publicznie, ale jego obro\u0144ca podkre\u015bla, \u017ce nie ma \u017cadnych podstaw prawnych do dalszego \u015bcigania go na arenie mi\u0119dzynarodowej. Tymczasem opinia publiczna i scen\u0119 polityczn\u0105 czeka kolejny rozdzia\u0142 jednej z najbardziej kontrowersyjnych spraw ostatnich miesi\u0119cy.<\/p>\n","protected":false},"excerpt":{"rendered":"<p>Marcin Romanowski nie jest ju\u017c \u015bcigany europejskim nakazem aresztowania \u2013 tak\u0105 decyzj\u0119 podj\u0105\u0142 S\u0105d Okr\u0119gowy w Warszawie. Informacj\u0119 t\u0119 potwierdzi\u0142a rzeczniczka s\u0105du, a adwokat polityka, Bartosz Lewandowski, og\u0142osi\u0142, \u017ce pose\u0142 PiS mo\u017ce swobodnie przemieszcza\u0107 si\u0119 po ca\u0142ym terytorium Unii Europejskiej. Romanowski, by\u0142y wiceminister sprawiedliwo\u015bci i obecnie parlamentarzysta z ramienia PiS, przebywa na W\u0119grzech, gdzie uzyska\u0142 &#8230; <a title=\"S\u0105d uchyli\u0142 ENA dla Romanowskiego. Pose\u0142 PiS ju\u017c nie jest \u015bcigany w UE\" class=\"read-more\" href=\"https:\/\/dobrezrodla.com\/?p=12482\" aria-label=\"Read more about S\u0105d uchyli\u0142 ENA dla Romanowskiego. Pose\u0142 PiS ju\u017c nie jest \u015bcigany w UE\">Read more<\/a><\/p>\n","protected":false},"author":1,"featured_media":0,"comment_status":"open","ping_status":"open","sticky":false,"template":"","format":"standard","meta":{"footnotes":""},"categories":[1],"tags":[],"class_list":["post-12482","post","type-post","status-publish","format-standard","hentry","category-uncategorized"],"_links":{"self":[{"href":"https:\/\/dobrezrodla.com\/index.php?rest_route=\/wp\/v2\/posts\/12482","targetHints":{"allow":["GET"]}}],"collection":[{"href":"https:\/\/dobrezrodla.com\/index.php?rest_route=\/wp\/v2\/posts"}],"about":[{"href":"https:\/\/dobrezrodla.com\/index.php?rest_route=\/wp\/v2\/types\/post"}],"author":[{"embeddable":true,"href":"https:\/\/dobrezrodla.com\/index.php?rest_route=\/wp\/v2\/users\/1"}],"replies":[{"embeddable":true,"href":"https:\/\/dobrezrodla.com\/index.php?rest_route=%2Fwp%2Fv2%2Fcomments&post=12482"}],"version-history":[{"count":1,"href":"https:\/\/dobrezrodla.com\/index.php?rest_route=\/wp\/v2\/posts\/12482\/revisions"}],"predecessor-version":[{"id":12483,"href":"https:\/\/dobrezrodla.com\/index.php?rest_route=\/wp\/v2\/posts\/12482\/revisions\/12483"}],"wp:attachment":[{"href":"https:\/\/dobrezrodla.com\/index.php?rest_route=%2Fwp%2Fv2%2Fmedia&parent=12482"}],"wp:term":[{"taxonomy":"category","embeddable":true,"href":"https:\/\/dobrezrodla.com\/index.php?rest_route=%2Fwp%2Fv2%2Fcategories&post=12482"},{"taxonomy":"post_tag","embeddable":true,"href":"https:\/\/dobrezrodla.com\/index.php?rest_route=%2Fwp%2Fv2%2Ftags&post=12482"}],"curies":[{"name":"wp","href":"https:\/\/api.w.org\/{rel}","templated":true}]}}