{"id":12486,"date":"2025-12-19T17:06:15","date_gmt":"2025-12-19T17:06:15","guid":{"rendered":"https:\/\/dobrezrodla.com\/?p=12486"},"modified":"2025-12-19T17:06:15","modified_gmt":"2025-12-19T17:06:15","slug":"zelenski-spotkal-sie-z-tuskiem-wazne-deklaracje-i-wspolny-front-wobec-rosji","status":"publish","type":"post","link":"https:\/\/dobrezrodla.com\/?p=12486","title":{"rendered":"Ze\u0142enski spotka\u0142 si\u0119 z Tuskiem. Wa\u017cne deklaracje i wsp\u00f3lny front wobec Rosji"},"content":{"rendered":"\n<p>Podczas oficjalnej wizyty w Warszawie Wo\u0142odymyr Ze\u0142enski spotka\u0142 si\u0119 z premierem Donaldem Tuskiem. Obaj przyw\u00f3dcy podkre\u015blili, \u017ce \u0142\u0105cz\u0105 ich nie tylko wsp\u00f3lne interesy, ale przede wszystkim sojusz oparty na wzajemnym wsparciu i zaufaniu. \u2013 Po pierwsze, jeste\u015bmy sojusznikami \u2013 zaznaczy\u0142 Tusk, podkre\u015blaj\u0105c, \u017ce bezpiecze\u0144stwo Ukrainy jest nierozerwalnie zwi\u0105zane z bezpiecze\u0144stwem Polski.<\/p>\n\n\n\n<p>Premier przypomnia\u0142 o decyzji podj\u0119tej podczas nocnych obrad szczytu UE \u2013 90 miliard\u00f3w euro w ramach wsparcia dla Ukrainy, kt\u00f3re b\u0119d\u0105 sp\u0142acane dopiero po uzyskaniu reparacji od Rosji. \u2013 To agresor musi zap\u0142aci\u0107 za zniszczenia \u2013 powiedzia\u0142 Tusk.<\/p>\n\n\n\n<p>Ze\u0142enski nie kry\u0142 wdzi\u0119czno\u015bci wobec Polski i Polak\u00f3w. Zaznaczy\u0142, \u017ce Europa \u2013 mimo rosyjskich pr\u00f3b blokowania pomocy \u2013 zachowa\u0142a si\u0119 jak prawdziwy lider. \u2013 Dzi\u0119kuj\u0119 za wasz\u0105 jedno\u015b\u0107, za wasze wsparcie od pierwszych dni wojny \u2013 m\u00f3wi\u0142.<\/p>\n\n\n\n<p>Obaj przyw\u00f3dcy przyznali te\u017c, \u017ce relacje polsko-ukrai\u0144skie nie s\u0105 wolne od napi\u0119\u0107. Tusk zaznaczy\u0142, \u017ce mimo historycznych r\u00f3\u017cnic i chwilowych nieporozumie\u0144, interes wsp\u00f3lnej przysz\u0142o\u015bci jest nadrz\u0119dny. \u2013 Ka\u017cdy ma swoj\u0105 prac\u0119 do wykonania, ale nikt nie mo\u017ce podwa\u017cy\u0107 wsp\u00f3lnego celu: niepodleg\u0142a Polska, niepodleg\u0142a Ukraina, bezpieczna Europa \u2013 zako\u0144czy\u0142.<\/p>\n\n\n\n<p>Spotkanie by\u0142o cz\u0119\u015bci\u0105 napi\u0119tego harmonogramu wizyty Ze\u0142enskiego, kt\u00f3ry wcze\u015bniej spotka\u0142 si\u0119 z prezydentem Karolem Nawrockim oraz wyst\u0105pi\u0142 w Sejmie i Senacie.<\/p>\n","protected":false},"excerpt":{"rendered":"<p>Podczas oficjalnej wizyty w Warszawie Wo\u0142odymyr Ze\u0142enski spotka\u0142 si\u0119 z premierem Donaldem Tuskiem. Obaj przyw\u00f3dcy podkre\u015blili, \u017ce \u0142\u0105cz\u0105 ich nie tylko wsp\u00f3lne interesy, ale przede wszystkim sojusz oparty na wzajemnym wsparciu i zaufaniu. \u2013 Po pierwsze, jeste\u015bmy sojusznikami \u2013 zaznaczy\u0142 Tusk, podkre\u015blaj\u0105c, \u017ce bezpiecze\u0144stwo Ukrainy jest nierozerwalnie zwi\u0105zane z bezpiecze\u0144stwem Polski. Premier przypomnia\u0142 o decyzji &#8230; <a title=\"Ze\u0142enski spotka\u0142 si\u0119 z Tuskiem. Wa\u017cne deklaracje i wsp\u00f3lny front wobec Rosji\" class=\"read-more\" href=\"https:\/\/dobrezrodla.com\/?p=12486\" aria-label=\"Read more about Ze\u0142enski spotka\u0142 si\u0119 z Tuskiem. Wa\u017cne deklaracje i wsp\u00f3lny front wobec Rosji\">Read more<\/a><\/p>\n","protected":false},"author":1,"featured_media":0,"comment_status":"open","ping_status":"open","sticky":false,"template":"","format":"standard","meta":{"footnotes":""},"categories":[1],"tags":[],"class_list":["post-12486","post","type-post","status-publish","format-standard","hentry","category-uncategorized"],"_links":{"self":[{"href":"https:\/\/dobrezrodla.com\/index.php?rest_route=\/wp\/v2\/posts\/12486","targetHints":{"allow":["GET"]}}],"collection":[{"href":"https:\/\/dobrezrodla.com\/index.php?rest_route=\/wp\/v2\/posts"}],"about":[{"href":"https:\/\/dobrezrodla.com\/index.php?rest_route=\/wp\/v2\/types\/post"}],"author":[{"embeddable":true,"href":"https:\/\/dobrezrodla.com\/index.php?rest_route=\/wp\/v2\/users\/1"}],"replies":[{"embeddable":true,"href":"https:\/\/dobrezrodla.com\/index.php?rest_route=%2Fwp%2Fv2%2Fcomments&post=12486"}],"version-history":[{"count":1,"href":"https:\/\/dobrezrodla.com\/index.php?rest_route=\/wp\/v2\/posts\/12486\/revisions"}],"predecessor-version":[{"id":12487,"href":"https:\/\/dobrezrodla.com\/index.php?rest_route=\/wp\/v2\/posts\/12486\/revisions\/12487"}],"wp:attachment":[{"href":"https:\/\/dobrezrodla.com\/index.php?rest_route=%2Fwp%2Fv2%2Fmedia&parent=12486"}],"wp:term":[{"taxonomy":"category","embeddable":true,"href":"https:\/\/dobrezrodla.com\/index.php?rest_route=%2Fwp%2Fv2%2Fcategories&post=12486"},{"taxonomy":"post_tag","embeddable":true,"href":"https:\/\/dobrezrodla.com\/index.php?rest_route=%2Fwp%2Fv2%2Ftags&post=12486"}],"curies":[{"name":"wp","href":"https:\/\/api.w.org\/{rel}","templated":true}]}}