{"id":12534,"date":"2025-12-20T08:38:17","date_gmt":"2025-12-20T08:38:17","guid":{"rendered":"https:\/\/dobrezrodla.com\/?p=12534"},"modified":"2025-12-20T08:38:18","modified_gmt":"2025-12-20T08:38:18","slug":"stalo-sie-karol-nawrocki-zawetowal-kolejne-ustawy","status":"publish","type":"post","link":"https:\/\/dobrezrodla.com\/?p=12534","title":{"rendered":"Sta\u0142o si\u0119! Karol Nawrocki zawetowa\u0142 kolejne ustawy"},"content":{"rendered":"\n<p>Prezydent&nbsp;<strong>Karol Nawrocki<\/strong>&nbsp;zdecydowa\u0142 si\u0119 zawetowa\u0107 trzy kolejne ustawy, jednocze\u015bnie podpisuj\u0105c pi\u0119tna\u015bcie innych akt\u00f3w prawnych przyj\u0119tych przez parlament.<\/p>\n\n\n\n<p>Zawetowane przepisy dotyczy\u0142y prawa o\u015bwiatowego, podwy\u017cki akcyzy oraz zwi\u0119kszenia tzw. podatku cukrowego, kt\u00f3re \u2013 zdaniem prezydenta \u2013 zosta\u0142y przygotowane w spos\u00f3b nieprzemy\u015blany i uderzaj\u0105cy bezpo\u015brednio w obywateli.<\/p>\n\n\n\n<p>Prezydent nie kry\u0142, \u017ce decyzja o wecie ma by\u0107 form\u0105 nacisku na rz\u0105d, aby jako\u015b\u0107 stanowionego prawa by\u0142a wy\u017csza i lepiej dostosowana do reali\u00f3w spo\u0142ecznych oraz gospodarczych.<\/p>\n\n\n\n<p>\u2014 Presja weta dzia\u0142a, rz\u0105dzie, pracujcie lepiej i m\u0105drzej, bo to najprostsza droga, aby weta nie by\u0142o \u2014 podkre\u015bli\u0142 Karol Nawrocki w swoim wyst\u0105pieniu.<\/p>\n\n\n\n<p>W nagraniu opublikowanym w mediach spo\u0142eczno\u015bciowych zaznaczy\u0142, \u017ce weto nie jest celem samym w sobie, lecz narz\u0119dziem chroni\u0105cym interesy obywateli.<\/p>\n\n\n\n<p>\u2014 Zrobicie dobre prawo, b\u0119dzie podpis, b\u0119dzie z\u0142e \u2013 b\u0119dzie weto, to uczciwa i oczywista zasada \u2014 m\u00f3wi\u0142 prezydent, dodaj\u0105c, \u017ce na jego biurko trafi\u0142y kolejne ustawy, kt\u00f3re uzna\u0142 za szkodliwe.<\/p>\n\n\n\n<p>Jednym z kluczowych powod\u00f3w sprzeciwu by\u0142o podwy\u017cszenie podatku cukrowego, kt\u00f3re \u2013 jak wskaza\u0142 \u2013 mia\u0142o na celu \u0142atanie ogromnego deficytu bud\u017cetowego.<\/p>\n\n\n\n<p>Karol Nawrocki zwr\u00f3ci\u0142 uwag\u0119, \u017ce po jedenastu miesi\u0105cach deficyt finans\u00f3w publicznych przekroczy\u0142 240 miliard\u00f3w z\u0142otych, a rz\u0105d zamiast uszczelnia\u0107 system podatkowy, si\u0119ga po pieni\u0105dze obywateli.<\/p>\n\n\n\n<p>Prezydent nie zgodzi\u0142 si\u0119 r\u00f3wnie\u017c na podwy\u017ck\u0119 akcyzy, argumentuj\u0105c, \u017ce zosta\u0142a ona wprowadzona bez odpowiedniego okresu przygotowawczego dla przedsi\u0119biorc\u00f3w i konsument\u00f3w.<\/p>\n\n\n\n<p>\u2014 To chaos i dow\u00f3d z\u0142ego zarz\u0105dzania finansami pa\u0144stwa \u2014 oceni\u0142, podkre\u015blaj\u0105c, \u017ce zamiast walki z mafiami VAT-owskimi wybrano naj\u0142atwiejsz\u0105 drog\u0119.<\/p>\n\n\n\n<p>Kolejn\u0105 zawetowan\u0105 ustaw\u0105 by\u0142a reforma o\u015bwiaty, kt\u00f3ra wed\u0142ug prezydenta mog\u0142aby doprowadzi\u0107 do destabilizacji systemu edukacji.<\/p>\n\n\n\n<p>W Pa\u0142acu Prezydenckim odby\u0142y si\u0119 konsultacje z nauczycielami, rodzicami oraz organizacjami o\u015bwiatowymi, po kt\u00f3rych \u2013 jak zaznaczy\u0142 \u2013 nie m\u00f3g\u0142 zaakceptowa\u0107 proponowanych rozwi\u0105za\u0144.<\/p>\n\n\n\n<p>\u2014 To reforma prowadz\u0105ca do chaosu i eksperymentowania na ca\u0142ych rocznikach dzieci \u2014 oceni\u0142 Karol Nawrocki, wskazuj\u0105c na potrzeb\u0119 spokoju i stabilno\u015bci w polskiej szkole.<\/p>\n\n\n\n<p>Jednocze\u015bnie prezydent podpisa\u0142 pi\u0119tna\u015bcie innych ustaw, w tym m.in. przepisy dotycz\u0105ce realizacji ustawy bud\u017cetowej na 2026 rok oraz nowelizacj\u0119 Karty Nauczyciela.<\/p>\n","protected":false},"excerpt":{"rendered":"<p>Prezydent&nbsp;Karol Nawrocki&nbsp;zdecydowa\u0142 si\u0119 zawetowa\u0107 trzy kolejne ustawy, jednocze\u015bnie podpisuj\u0105c pi\u0119tna\u015bcie innych akt\u00f3w prawnych przyj\u0119tych przez parlament. Zawetowane przepisy dotyczy\u0142y prawa o\u015bwiatowego, podwy\u017cki akcyzy oraz zwi\u0119kszenia tzw. podatku cukrowego, kt\u00f3re \u2013 zdaniem prezydenta \u2013 zosta\u0142y przygotowane w spos\u00f3b nieprzemy\u015blany i uderzaj\u0105cy bezpo\u015brednio w obywateli. Prezydent nie kry\u0142, \u017ce decyzja o wecie ma by\u0107 form\u0105 nacisku na &#8230; <a title=\"Sta\u0142o si\u0119! Karol Nawrocki zawetowa\u0142 kolejne ustawy\" class=\"read-more\" href=\"https:\/\/dobrezrodla.com\/?p=12534\" aria-label=\"Read more about Sta\u0142o si\u0119! Karol Nawrocki zawetowa\u0142 kolejne ustawy\">Read more<\/a><\/p>\n","protected":false},"author":1,"featured_media":0,"comment_status":"open","ping_status":"open","sticky":false,"template":"","format":"standard","meta":{"footnotes":""},"categories":[1],"tags":[],"class_list":["post-12534","post","type-post","status-publish","format-standard","hentry","category-uncategorized"],"_links":{"self":[{"href":"https:\/\/dobrezrodla.com\/index.php?rest_route=\/wp\/v2\/posts\/12534","targetHints":{"allow":["GET"]}}],"collection":[{"href":"https:\/\/dobrezrodla.com\/index.php?rest_route=\/wp\/v2\/posts"}],"about":[{"href":"https:\/\/dobrezrodla.com\/index.php?rest_route=\/wp\/v2\/types\/post"}],"author":[{"embeddable":true,"href":"https:\/\/dobrezrodla.com\/index.php?rest_route=\/wp\/v2\/users\/1"}],"replies":[{"embeddable":true,"href":"https:\/\/dobrezrodla.com\/index.php?rest_route=%2Fwp%2Fv2%2Fcomments&post=12534"}],"version-history":[{"count":1,"href":"https:\/\/dobrezrodla.com\/index.php?rest_route=\/wp\/v2\/posts\/12534\/revisions"}],"predecessor-version":[{"id":12535,"href":"https:\/\/dobrezrodla.com\/index.php?rest_route=\/wp\/v2\/posts\/12534\/revisions\/12535"}],"wp:attachment":[{"href":"https:\/\/dobrezrodla.com\/index.php?rest_route=%2Fwp%2Fv2%2Fmedia&parent=12534"}],"wp:term":[{"taxonomy":"category","embeddable":true,"href":"https:\/\/dobrezrodla.com\/index.php?rest_route=%2Fwp%2Fv2%2Fcategories&post=12534"},{"taxonomy":"post_tag","embeddable":true,"href":"https:\/\/dobrezrodla.com\/index.php?rest_route=%2Fwp%2Fv2%2Ftags&post=12534"}],"curies":[{"name":"wp","href":"https:\/\/api.w.org\/{rel}","templated":true}]}}