{"id":12568,"date":"2025-12-20T08:58:19","date_gmt":"2025-12-20T08:58:19","guid":{"rendered":"https:\/\/dobrezrodla.com\/?p=12568"},"modified":"2025-12-20T08:58:19","modified_gmt":"2025-12-20T08:58:19","slug":"podejrzana-ws-smierci-11-letniej-danusi-zamieszcza-niepokojace-wpisy-w-sieci","status":"publish","type":"post","link":"https:\/\/dobrezrodla.com\/?p=12568","title":{"rendered":"Podejrzana ws. \u015bmierci 11-letniej Danusi zamieszcza niepokoj\u0105ce wpisy w sieci"},"content":{"rendered":"\n<p>Tragedia, do kt\u00f3rej dosz\u0142o w Jeleniej G\u00f3rze wci\u0105\u017c wzbudza ogromne emocje. Z biegiem czasu na jaw zacz\u0119\u0142y kolejne, niepokoj\u0105ce informacje, o kt\u00f3rych poinformowa\u0142 \u201cFakt\u201d. 12-latka, g\u0142\u00f3wna podejrzana w sprawie, mia\u0142a w ostatnim czasie publikowa\u0107 w sieci niepokoj\u0105ce wpisy.&nbsp;<\/p>\n\n\n\n<ul class=\"wp-block-list\">\n<li>15 grudnia w Jeleniej G\u00f3rze 11-letnia uczennica zosta\u0142a pozbawiona \u017cycia,\u00a0<\/li>\n\n\n\n<li>G\u0142\u00f3wn\u0105 podejrzan\u0105 w sprawie jest 12-latka, kt\u00f3ra przebywa w szpitalu,<\/li>\n\n\n\n<li>Podejrzana mia\u0142a publikowa\u0107 w sieci demoniczne wpisy.\u00a0<\/li>\n<\/ul>\n\n\n\n<h2 class=\"wp-block-heading\">Tragedia w Jeleniej G\u00f3rze<\/h2>\n\n\n\n<p>Tragedia, do kt\u00f3rej dosz\u0142o 15 grudnia w Jeleniej G\u00f3rze, wstrz\u0105sn\u0119\u0142a ca\u0142\u0105 Polsk\u0105.<strong>&nbsp;Nieopodal Szko\u0142y Podstawowej nr 10 \u017cycie straci\u0142a 11-letnia dziewczynka<\/strong>. Zdarzenie wywo\u0142a\u0142o ogromny smutek i niedowierzanie, szczeg\u00f3lnie \u017ce zar\u00f3wno ofiara, jak i podejrzana sprawczyni to dzieci. Spraw\u0105 natychmiast zaj\u0119\u0142y si\u0119 policja oraz prokuratura, a okoliczno\u015bci dramatu s\u0105 szczeg\u00f3\u0142owo wyja\u015bniane.<\/p>\n\n\n\n<p>Jak ustalili \u015bledczy, o<strong>&nbsp;dokonanie zab\u00f3jstwa podejrzewana jest 12-letnia uczennica, kt\u00f3ra zosta\u0142a zatrzymana przez policj\u0119.&nbsp;<\/strong>Dziewczynka mia\u0142a przy sobie n\u00f3\u017c, kt\u00f3rym kilkukrotnie ugodzi\u0142a m\u0142odsz\u0105 kole\u017cank\u0119. Do ataku dosz\u0142o w ci\u0105gu dnia, w miejscu, gdzie zazwyczaj panuje spok\u00f3j, a dzieci wracaj\u0105 ze szko\u0142y do dom\u00f3w. Brutalno\u015b\u0107 zdarzenia poruszy\u0142a nawet do\u015bwiadczonych funkcjonariuszy.<\/p>\n\n\n\n<h2 class=\"wp-block-heading\">12-latka trafi\u0142a do szpitala<\/h2>\n\n\n\n<p><strong>Ofiar\u0105 by\u0142a 11-letnia Danusia.&nbsp;<\/strong>Wed\u0142ug relacji \u015bwiadk\u00f3w dziewczynka w trakcie ataku krzycza\u0142a i b\u0142aga\u0142a o pomoc. Jej wo\u0142anie us\u0142ysza\u0142 przechodz\u0105cy w pobli\u017cu ch\u0142opiec, kt\u00f3ry natychmiast pobieg\u0142 po swojego ojca. M\u0119\u017cczyzna pr\u00f3bowa\u0142 ratowa\u0107 rann\u0105 dziewczynk\u0119 i wezwa\u0142 s\u0142u\u017cby ratunkowe, jednak mimo szybkiej reakcji, lekarze stwierdzili zgon dziecka na miejscu.<\/p>\n\n\n\n<p><strong>Podejrzana o dokonanie zbrodni Hania zosta\u0142a przewieziona do szpitala, gdzie obecnie przebywa pod opiek\u0105 lekarzy<\/strong>. Jak informuj\u0105 media, w tym \u201eFakt\u201d, nastolatka by\u0142a pilnowana przez policjant\u00f3w. Ze wzgl\u0119du na jej wiek sprawa prowadzona jest w trybie przewidzianym dla nieletnich, a decyzje dotycz\u0105ce dalszych los\u00f3w dziewczynki zapadn\u0105 po opinii bieg\u0142ych psycholog\u00f3w i psychiatr\u00f3w.<\/p>\n\n\n\n<h2 class=\"wp-block-heading\">Wpisy Hani w sieci<\/h2>\n\n\n\n<p>Kontrowersje i niepok\u00f3j wzbudzi\u0142y informacje dotycz\u0105ce aktywno\u015bci Hani w internecie. Mimo pobytu w szpitalu mia\u0142a ona dost\u0119p do sieci. Dziennikarze natrafili na wpisy i materia\u0142y zamieszczone w internecie. By\u0142y to m.in.<strong>&nbsp;szokuj\u0105ce rysunki przedstawiaj\u0105ce bro\u0144 oraz diaboliczne postacie, kt\u00f3re dziewczynka opublikowa\u0142a na swoim profilu w mediach spo\u0142eczno\u015bciowych.<\/strong><\/p>\n\n\n\n<p>Sprawa z Jeleniej G\u00f3ry wywo\u0142a\u0142a og\u00f3lnokrajow\u0105 dyskusj\u0119 na temat bezpiecze\u0144stwa dzieci, kondycji psychicznej najm\u0142odszych oraz roli szko\u0142y, rodziny i internetu w ich \u017cyciu. Mieszka\u0144cy miasta sk\u0142adaj\u0105 kwiaty i znicze w miejscu tragedii, oddaj\u0105c ho\u0142d zamordowanej Danusi. W obliczu tak dramatycznych wydarze\u0144 wiele os\u00f3b zadaje sobie pytanie, jak dosz\u0142o do tej niewyobra\u017calnej tragedii i czy mo\u017cna by\u0142o jej zapobiec.<\/p>\n","protected":false},"excerpt":{"rendered":"<p>Tragedia, do kt\u00f3rej dosz\u0142o w Jeleniej G\u00f3rze wci\u0105\u017c wzbudza ogromne emocje. Z biegiem czasu na jaw zacz\u0119\u0142y kolejne, niepokoj\u0105ce informacje, o kt\u00f3rych poinformowa\u0142 \u201cFakt\u201d. 12-latka, g\u0142\u00f3wna podejrzana w sprawie, mia\u0142a w ostatnim czasie publikowa\u0107 w sieci niepokoj\u0105ce wpisy.&nbsp; Tragedia w Jeleniej G\u00f3rze Tragedia, do kt\u00f3rej dosz\u0142o 15 grudnia w Jeleniej G\u00f3rze, wstrz\u0105sn\u0119\u0142a ca\u0142\u0105 Polsk\u0105.&nbsp;Nieopodal Szko\u0142y &#8230; <a title=\"Podejrzana ws. \u015bmierci 11-letniej Danusi zamieszcza niepokoj\u0105ce wpisy w sieci\" class=\"read-more\" href=\"https:\/\/dobrezrodla.com\/?p=12568\" aria-label=\"Read more about Podejrzana ws. \u015bmierci 11-letniej Danusi zamieszcza niepokoj\u0105ce wpisy w sieci\">Read more<\/a><\/p>\n","protected":false},"author":1,"featured_media":0,"comment_status":"open","ping_status":"open","sticky":false,"template":"","format":"standard","meta":{"footnotes":""},"categories":[1],"tags":[],"class_list":["post-12568","post","type-post","status-publish","format-standard","hentry","category-uncategorized"],"_links":{"self":[{"href":"https:\/\/dobrezrodla.com\/index.php?rest_route=\/wp\/v2\/posts\/12568","targetHints":{"allow":["GET"]}}],"collection":[{"href":"https:\/\/dobrezrodla.com\/index.php?rest_route=\/wp\/v2\/posts"}],"about":[{"href":"https:\/\/dobrezrodla.com\/index.php?rest_route=\/wp\/v2\/types\/post"}],"author":[{"embeddable":true,"href":"https:\/\/dobrezrodla.com\/index.php?rest_route=\/wp\/v2\/users\/1"}],"replies":[{"embeddable":true,"href":"https:\/\/dobrezrodla.com\/index.php?rest_route=%2Fwp%2Fv2%2Fcomments&post=12568"}],"version-history":[{"count":1,"href":"https:\/\/dobrezrodla.com\/index.php?rest_route=\/wp\/v2\/posts\/12568\/revisions"}],"predecessor-version":[{"id":12569,"href":"https:\/\/dobrezrodla.com\/index.php?rest_route=\/wp\/v2\/posts\/12568\/revisions\/12569"}],"wp:attachment":[{"href":"https:\/\/dobrezrodla.com\/index.php?rest_route=%2Fwp%2Fv2%2Fmedia&parent=12568"}],"wp:term":[{"taxonomy":"category","embeddable":true,"href":"https:\/\/dobrezrodla.com\/index.php?rest_route=%2Fwp%2Fv2%2Fcategories&post=12568"},{"taxonomy":"post_tag","embeddable":true,"href":"https:\/\/dobrezrodla.com\/index.php?rest_route=%2Fwp%2Fv2%2Ftags&post=12568"}],"curies":[{"name":"wp","href":"https:\/\/api.w.org\/{rel}","templated":true}]}}